{"id":10001,"date":"2025-09-23T20:11:59","date_gmt":"2025-09-23T23:11:59","guid":{"rendered":"https:\/\/noticiasregionais.com.br\/?p=10001"},"modified":"2025-09-23T20:12:12","modified_gmt":"2025-09-23T23:12:12","slug":"o-que-voce-poe-no-potinho-pode-ser-uma-sentenca-de-morte-para-seu-gato","status":"publish","type":"post","link":"https:\/\/noticiasregionais.com.br\/?p=10001","title":{"rendered":"O que voc\u00ea p\u00f5e no potinho pode ser uma senten\u00e7a de morte para seu gato"},"content":{"rendered":"\n<h3 class=\"wp-block-heading has-text-align-center\"><em>Alimenta\u00e7\u00e3o inadequada \u00e9 o principal erro que pode levar gatos \u00e0 morte, alerta veterin\u00e1ria<\/em><\/h3>\n\n\n\n<p>A <strong>Equipe do Not\u00edcias Regionais<\/strong> questionou a veterin\u00e1ria <strong>Dra. Janaina Rentschler (CRMV 22179)<\/strong> sobre qual \u00e9 o principal erro cometido por tutores de gatos \u2013 e que pode, inclusive, levar o animal \u00e0 morte.<br>Parceira do portal, a profissional foi categ\u00f3rica: <strong>a alimenta\u00e7\u00e3o incorreta \u00e9 uma das maiores amea\u00e7as \u00e0 sa\u00fade felina<\/strong>.<\/p>\n\n\n\n<p>Segundo a Dra. Janaina, oferecer ra\u00e7\u00f5es de m\u00e1 qualidade ou alimentos inadequados compromete de forma <strong>irrevers\u00edvel<\/strong> a sa\u00fade do gato. \u201cDefici\u00eancias nutricionais, problemas renais, urin\u00e1rios e at\u00e9 doen\u00e7as card\u00edacas podem surgir quando o animal n\u00e3o recebe a nutri\u00e7\u00e3o adequada. Em casos graves, a consequ\u00eancia pode ser fatal\u201d, alerta.<\/p>\n\n\n\n<p>A veterin\u00e1ria tamb\u00e9m faz um apelo emocionado diante da realidade que enfrenta em sua rotina.<\/p>\n\n\n\n<blockquote class=\"wp-block-quote is-layout-flow wp-block-quote-is-layout-flow\">\n<p>\u201cFico muito triste quando tenho que atender um gatinho na emerg\u00eancia, num domingo \u00e0 noite, e ter que submet\u00ea-lo a uma cirurgia muito arriscada para tentar sanar a obstru\u00e7\u00e3o urin\u00e1ria que, se n\u00e3o for atendida a tempo, certamente vai matar o animal\u201d, relata.<\/p>\n<\/blockquote>\n\n\n\n<hr class=\"wp-block-separator has-alpha-channel-opacity\"\/>\n\n\n\n<h2 class=\"wp-block-heading\">\u26a0\ufe0f Por que a ra\u00e7\u00e3o de m\u00e1 qualidade \u00e9 t\u00e3o perigosa<\/h2>\n\n\n\n<p>Alimentar um gato com ra\u00e7\u00e3o de baixa qualidade pode trazer <strong>consequ\u00eancias graves para a sa\u00fade a curto, m\u00e9dio e longo prazo<\/strong>. Essas ra\u00e7\u00f5es geralmente t\u00eam <strong>baixo valor nutricional<\/strong>, excesso de ingredientes baratos (como milho, soja e subprodutos de origem animal) e <strong>poucos nutrientes essenciais<\/strong>.<\/p>\n\n\n\n<h3 class=\"wp-block-heading\">Principais riscos para a sa\u00fade<\/h3>\n\n\n\n<ol class=\"wp-block-list\">\n<li><strong>Defici\u00eancias nutricionais<\/strong>\n<ul class=\"wp-block-list\">\n<li>Falta de prote\u00ednas de alta qualidade, taurina (amino\u00e1cido essencial para gatos), vitaminas e minerais.<\/li>\n\n\n\n<li>Pode causar <strong>problemas de vis\u00e3o<\/strong>, <strong>fraqueza muscular<\/strong> e <strong>doen\u00e7as card\u00edacas<\/strong> como a <strong>cardiomiopatia dilatada<\/strong>.<\/li>\n<\/ul>\n<\/li>\n\n\n\n<li><strong>Problemas urin\u00e1rios e renais<\/strong>\n<ul class=\"wp-block-list\">\n<li>Excesso de s\u00f3dio e minerais (como magn\u00e9sio e f\u00f3sforo) aumenta o risco de:\n<ul class=\"wp-block-list\">\n<li><strong>C\u00e1lculos urin\u00e1rios (pedras)<\/strong><\/li>\n\n\n\n<li><strong>Infec\u00e7\u00f5es urin\u00e1rias<\/strong><\/li>\n\n\n\n<li><strong>Doen\u00e7a renal cr\u00f4nica<\/strong>, muito comum em gatos.<\/li>\n<\/ul>\n<\/li>\n<\/ul>\n<\/li>\n\n\n\n<li><strong>Obesidade e diabetes<\/strong>\n<ul class=\"wp-block-list\">\n<li>Alto teor de carboidratos e gorduras ruins favorece <strong>ganho de peso<\/strong> e <strong>resist\u00eancia \u00e0 insulina<\/strong>.<\/li>\n<\/ul>\n<\/li>\n\n\n\n<li><strong>Queda de pelos e pele ressecada<\/strong>\n<ul class=\"wp-block-list\">\n<li>Falta de \u00e1cidos graxos essenciais (\u00f4mega 3 e 6) deixa a pelagem <strong>opaca<\/strong>, com <strong>queda excessiva<\/strong> e coceira.<\/li>\n<\/ul>\n<\/li>\n\n\n\n<li><strong>Problemas digestivos<\/strong>\n<ul class=\"wp-block-list\">\n<li>Corantes, aromatizantes artificiais e subprodutos dificultam a digest\u00e3o, causando <strong>v\u00f4mitos, diarreia<\/strong> e fezes com <strong>odor forte<\/strong>.<\/li>\n<\/ul>\n<\/li>\n<\/ol>\n\n\n\n<hr class=\"wp-block-separator has-alpha-channel-opacity\"\/>\n\n\n\n<h2 class=\"wp-block-heading\">\ud83d\udea8 Sinais de alerta<\/h2>\n\n\n\n<p>Seu gato pode estar sendo prejudicado pela alimenta\u00e7\u00e3o se apresentar:<\/p>\n\n\n\n<ul class=\"wp-block-list\">\n<li>Pelagem sem brilho ou com falhas<\/li>\n\n\n\n<li>Mau h\u00e1lito ou problemas dent\u00e1rios frequentes<\/li>\n\n\n\n<li>V\u00f4mitos ou diarreias recorrentes<\/li>\n\n\n\n<li>Dificuldade para urinar ou pouca urina<\/li>\n\n\n\n<li>Apatia ou perda de peso sem motivo aparente<\/li>\n<\/ul>\n\n\n\n<hr class=\"wp-block-separator has-alpha-channel-opacity\"\/>\n\n\n\n<h2 class=\"wp-block-heading\">\u2705 Cuidados recomendados<\/h2>\n\n\n\n<p>Para proteger a sa\u00fade do seu gato, a Dra. Janaina recomenda:<\/p>\n\n\n\n<ul class=\"wp-block-list\">\n<li><strong>Escolher ra\u00e7\u00f5es premium ou super premium<\/strong>: maior concentra\u00e7\u00e3o de prote\u00ednas de origem animal, menos carboidratos e melhor equil\u00edbrio de minerais.<\/li>\n\n\n\n<li><strong>\u00c1gua sempre fresca<\/strong>: fundamental para proteger os rins.<\/li>\n\n\n\n<li><strong>Ra\u00e7\u00e3o adequada \u00e0 fase da vida<\/strong>: filhotes, adultos e idosos t\u00eam necessidades diferentes.<\/li>\n\n\n\n<li><strong>Consultas veterin\u00e1rias regulares<\/strong>: check-ups ajudam a detectar precocemente problemas renais ou urin\u00e1rios.<\/li>\n<\/ul>\n\n\n\n<hr class=\"wp-block-separator has-alpha-channel-opacity\"\/>\n\n\n\n<p>\ud83d\udd34 <strong>A mensagem \u00e9 clara<\/strong>: economizar na ra\u00e7\u00e3o pode custar caro.<br>Investir em <strong>alimenta\u00e7\u00e3o de qualidade<\/strong> \u00e9 garantir <strong>mais sa\u00fade, bem-estar e anos de vida<\/strong> para o seu felino.<\/p>\n\n\n<div class=\"wp-block-image\">\n<figure class=\"aligncenter size-large\"><img decoding=\"async\" width=\"853\" height=\"1024\" src=\"https:\/\/noticiasregionais.com.br\/wp-content\/uploads\/2025\/09\/WhatsApp-Image-2025-09-23-at-20.05.43-853x1024.jpeg\" alt=\"\" class=\"wp-image-10002\" srcset=\"https:\/\/noticiasregionais.com.br\/wp-content\/uploads\/2025\/09\/WhatsApp-Image-2025-09-23-at-20.05.43-853x1024.jpeg 853w, https:\/\/noticiasregionais.com.br\/wp-content\/uploads\/2025\/09\/WhatsApp-Image-2025-09-23-at-20.05.43-250x300.jpeg 250w, https:\/\/noticiasregionais.com.br\/wp-content\/uploads\/2025\/09\/WhatsApp-Image-2025-09-23-at-20.05.43-768x922.jpeg 768w, https:\/\/noticiasregionais.com.br\/wp-content\/uploads\/2025\/09\/WhatsApp-Image-2025-09-23-at-20.05.43.jpeg 1080w\" sizes=\"(max-width: 853px) 100vw, 853px\" \/><\/figure>\n<\/div><input type=\"hidden\" id=\"baseurl\" value=\"https:\/\/noticiasregionais.com.br\"><input type=\"hidden\" id=\"audio_nonce\" value=\"533fbb67b1\">","protected":false},"excerpt":{"rendered":"<p>Alimenta\u00e7\u00e3o inadequada \u00e9 o principal erro que pode levar gatos \u00e0 morte, alerta veterin\u00e1ria A Equipe do Not\u00edcias Regionais questionou&hellip;<\/p>\n","protected":false},"author":1,"featured_media":10003,"comment_status":"closed","ping_status":"open","sticky":false,"template":"","format":"standard","meta":{"sfsi_plus_gutenberg_text_before_share":"","sfsi_plus_gutenberg_show_text_before_share":"","sfsi_plus_gutenberg_icon_type":"","sfsi_plus_gutenberg_icon_alignemt":"","sfsi_plus_gutenburg_max_per_row":"","footnotes":""},"categories":[12,1,5],"tags":[16],"class_list":["post-10001","post","type-post","status-publish","format-standard","has-post-thumbnail","hentry","category-capa","category-noticias","category-ourinhos","tag-ourinhos"],"_links":{"self":[{"href":"https:\/\/noticiasregionais.com.br\/index.php?rest_route=\/wp\/v2\/posts\/10001","targetHints":{"allow":["GET"]}}],"collection":[{"href":"https:\/\/noticiasregionais.com.br\/index.php?rest_route=\/wp\/v2\/posts"}],"about":[{"href":"https:\/\/noticiasregionais.com.br\/index.php?rest_route=\/wp\/v2\/types\/post"}],"author":[{"embeddable":true,"href":"https:\/\/noticiasregionais.com.br\/index.php?rest_route=\/wp\/v2\/users\/1"}],"replies":[{"embeddable":true,"href":"https:\/\/noticiasregionais.com.br\/index.php?rest_route=%2Fwp%2Fv2%2Fcomments&post=10001"}],"version-history":[{"count":1,"href":"https:\/\/noticiasregionais.com.br\/index.php?rest_route=\/wp\/v2\/posts\/10001\/revisions"}],"predecessor-version":[{"id":10004,"href":"https:\/\/noticiasregionais.com.br\/index.php?rest_route=\/wp\/v2\/posts\/10001\/revisions\/10004"}],"wp:featuredmedia":[{"embeddable":true,"href":"https:\/\/noticiasregionais.com.br\/index.php?rest_route=\/wp\/v2\/media\/10003"}],"wp:attachment":[{"href":"https:\/\/noticiasregionais.com.br\/index.php?rest_route=%2Fwp%2Fv2%2Fmedia&parent=10001"}],"wp:term":[{"taxonomy":"category","embeddable":true,"href":"https:\/\/noticiasregionais.com.br\/index.php?rest_route=%2Fwp%2Fv2%2Fcategories&post=10001"},{"taxonomy":"post_tag","embeddable":true,"href":"https:\/\/noticiasregionais.com.br\/index.php?rest_route=%2Fwp%2Fv2%2Ftags&post=10001"}],"curies":[{"name":"wp","href":"https:\/\/api.w.org\/{rel}","templated":true}]}}