{"id":10009,"date":"2025-09-24T04:00:00","date_gmt":"2025-09-24T07:00:00","guid":{"rendered":"https:\/\/noticiasregionais.com.br\/?p=10009"},"modified":"2025-09-24T04:00:00","modified_gmt":"2025-09-24T07:00:00","slug":"boi-gordo-hoje-confira-as-cotacoes-para-quarta-feira-24","status":"publish","type":"post","link":"https:\/\/noticiasregionais.com.br\/?p=10009","title":{"rendered":"Boi gordo hoje: confira as cota\u00e7\u00f5es para quarta-feira (24)"},"content":{"rendered":"<p>\t\t\t\t\t\t\t\t\t\t<audio controls class=\"b61_audio_player\" data-noticia=\"84780\" src=\"https:\/\/brasil61.com\/rails\/active_storage\/blobs\/eyJfcmFpbHMiOnsibWVzc2FnZSI6IkJBaHBBN3llQXc9PSIsImV4cCI6bnVsbCwicHVyIjoiYmxvYl9pZCJ9fQ==--cebd6da0cb380d40314595c343447018fa1ff75c\/PAGR255810A\"><\/audio><\/p>\n<p>O pre\u00e7o do <strong>boi gordo<\/strong> inicia esta quarta-feira (24) <strong>est\u00e1vel.<\/strong>\u00a0A arroba \u00e9 negociada a<strong> R$ 304,45<\/strong>, no estado de S\u00e3o Paulo.<\/p>\n<p><strong>INDICADOR DO BOI GORDO CEPEA\/ESALQ<\/strong><\/p>\n<table>\n<tbody>\n<tr>\n<th>Data<\/th>\n<th>Valor R$<\/th>\n<th>Var.\/Dia<\/th>\n<th>Var.\/M\u00eas<\/th>\n<th>Valor US$<\/th>\n<\/tr>\n<tr>\n<td>23\/09\/2025<\/td>\n<td>304,45<\/td>\n<td>0,00%<\/td>\n<td>-1,95%<\/td>\n<td>57,05<\/td>\n<\/tr>\n<tr>\n<td>22\/09\/2025<\/td>\n<td>304,45<\/td>\n<td>0,12%<\/td>\n<td>-1,95%<\/td>\n<td>57,05<\/td>\n<\/tr>\n<tr>\n<td>19\/09\/2025<\/td>\n<td>304,10<\/td>\n<td>-0,36%<\/td>\n<td>-2,06%<\/td>\n<td>57,16<\/td>\n<\/tr>\n<tr>\n<td>18\/09\/2025<\/td>\n<td>305,20<\/td>\n<td>0,03%<\/td>\n<td>-1,71%<\/td>\n<td>57,48<\/td>\n<\/tr>\n<tr>\n<td>17\/09\/2025<\/td>\n<td>305,10<\/td>\n<td>-0,64%<\/td>\n<td>-1,74%<\/td>\n<td>57,58<\/td>\n<\/tr>\n<\/tbody>\n<\/table>\n<h2>Pre\u00e7o do frango congelado e resfriado<\/h2>\n<p>Nos atacados da Grande S\u00e3o Paulo, S\u00e3o Jos\u00e9 do Rio Preto e Descalvado, os pre\u00e7os do <strong>frango congelado<\/strong>\u00a0apresentam estabilidade e\u00a0do <strong>frango resfriado<\/strong> aponta\u00a0<strong>valoriza\u00e7\u00e3o de 0,13%<\/strong>. A primeira mercadoria \u00e9 vendida a<strong> R$ 7,97<\/strong>, enquanto a segunda \u00e9 comercializada a <strong>R$ 8,00<\/strong>.<\/p>\n<p><strong>PRE\u00c7OS DO FRANGO CONGELADO CEPEA\/ESALQ &#8211; ESTADO SP\u00a0<\/strong><\/p>\n<table>\n<tbody>\n<tr>\n<th>Data<\/th>\n<th>Valor R$<\/th>\n<th>Var.\/Dia<\/th>\n<th>Var.\/M\u00eas<\/th>\n<\/tr>\n<tr>\n<td>23\/09\/2025<\/td>\n<td>7,97<\/td>\n<td>0,00%<\/td>\n<td>11,00%<\/td>\n<\/tr>\n<tr>\n<td>22\/09\/2025<\/td>\n<td>7,97<\/td>\n<td>0,13%<\/td>\n<td>11,00%<\/td>\n<\/tr>\n<tr>\n<td>19\/09\/2025<\/td>\n<td>7,96<\/td>\n<td>0,00%<\/td>\n<td>10,86%<\/td>\n<\/tr>\n<tr>\n<td>18\/09\/2025<\/td>\n<td>7,96<\/td>\n<td>0,00%<\/td>\n<td>10,86%<\/td>\n<\/tr>\n<tr>\n<td>17\/09\/2025<\/td>\n<td>7,96<\/td>\n<td>0,00%<\/td>\n<td>10,86%<\/td>\n<\/tr>\n<\/tbody>\n<\/table>\n<p><strong>PRE\u00c7OS DO FRANGO RESFRIADO CEPEA\/ESALQ &#8211; ESTADO SP<\/strong><\/p>\n<table>\n<tbody>\n<tr>\n<th>Data<\/th>\n<th>Valor R$<\/th>\n<th>Var.\/Dia<\/th>\n<th>Var.\/M\u00eas<\/th>\n<\/tr>\n<tr>\n<td>23\/09\/2025<\/td>\n<td>8,00<\/td>\n<td>0,13%<\/td>\n<td>11,27%<\/td>\n<\/tr>\n<tr>\n<td>22\/09\/2025<\/td>\n<td>7,99<\/td>\n<td>0,13%<\/td>\n<td>11,13%<\/td>\n<\/tr>\n<tr>\n<td>19\/09\/2025<\/td>\n<td>7,98<\/td>\n<td>0,00%<\/td>\n<td>10,99%<\/td>\n<\/tr>\n<tr>\n<td>18\/09\/2025<\/td>\n<td>7,98<\/td>\n<td>0,00%<\/td>\n<td>10,99%<\/td>\n<\/tr>\n<tr>\n<td>17\/09\/2025<\/td>\n<td>7,98<\/td>\n<td>0,00%<\/td>\n<td>10,99%<\/td>\n<\/tr>\n<\/tbody>\n<\/table>\n<h2>Pre\u00e7o da carca\u00e7a su\u00edna especial e su\u00edno vivo<\/h2>\n<p>A <strong>carca\u00e7a su\u00edna especial <\/strong>registra <b>estabilidade<\/b>\u00a0no pre\u00e7o, sendo negociada a <strong>R$ 13,27\u00a0<\/strong>por quilo nos atacados da Grande S\u00e3o Paulo.\u00a0<\/p>\n<p><strong>PRE\u00c7OS DA CARCA\u00c7A SU\u00cdNA ESPECIAL (R$\/kg)<\/strong><\/p>\n<table>\n<tbody>\n<tr>\n<th>Data<\/th>\n<th>M\u00e9dia<\/th>\n<th>Var.\/Dia<\/th>\n<th>Var.\/M\u00eas<\/th>\n<\/tr>\n<tr>\n<td>23\/09\/2025<\/td>\n<td>13,27<\/td>\n<td>0,00%<\/td>\n<td>-2,78%<\/td>\n<\/tr>\n<tr>\n<td>22\/09\/2025<\/td>\n<td>13,27<\/td>\n<td>-0,60%<\/td>\n<td>-2,78%<\/td>\n<\/tr>\n<tr>\n<td>19\/09\/2025<\/td>\n<td>13,35<\/td>\n<td>-0,30%<\/td>\n<td>-2,20%<\/td>\n<\/tr>\n<tr>\n<td>18\/09\/2025<\/td>\n<td>13,39<\/td>\n<td>0,00%<\/td>\n<td>-1,90%<\/td>\n<\/tr>\n<tr>\n<td>17\/09\/2025<\/td>\n<td>13,39<\/td>\n<td>0,00%<\/td>\n<td>-1,90%<\/td>\n<\/tr>\n<\/tbody>\n<\/table>\n<p>O pre\u00e7o do<strong> su\u00edno vivo<\/strong> aponta\u00a0<strong>baixa em quase todos os estados<\/strong>, com destaque para <strong>Minas Gerais<\/strong>, que apresenta <b>estabilidade<\/b>, com a mercadoria cotada a <strong>R$ 8,43<\/strong>.<\/p>\n<p><strong>INDICADOR DO SU\u00cdNO VIVO CEPEA\/ESALQ (R$\/kg)\u00a0<\/strong><\/p>\n<table>\n<tbody>\n<tr>\n<th>Data<\/th>\n<th>Estado<\/th>\n<th>Valor R$*<\/th>\n<th>Var.\/Dia<\/th>\n<th>Var.\/M\u00eas<\/th>\n<\/tr>\n<tr>\n<td>23\/09\/2025<\/td>\n<td>MG &#8211; posto<\/td>\n<td>8,43<\/td>\n<td>0,00%<\/td>\n<td>-7,77%<\/td>\n<\/tr>\n<tr>\n<td>23\/09\/2025<\/td>\n<td>PR &#8211; a retirar<\/td>\n<td>8,68<\/td>\n<td>-0,34%<\/td>\n<td>-2,91%<\/td>\n<\/tr>\n<tr>\n<td>23\/09\/2025<\/td>\n<td>RS &#8211; a retirar<\/td>\n<td>8,50<\/td>\n<td>-0,12%<\/td>\n<td>-2,19%<\/td>\n<\/tr>\n<tr>\n<td>23\/09\/2025<\/td>\n<td>SC &#8211; a retirar<\/td>\n<td>8,39<\/td>\n<td>-0,24%<\/td>\n<td>-3,78%<\/td>\n<\/tr>\n<tr>\n<td>23\/09\/2025<\/td>\n<td>SP &#8211; posto<\/td>\n<td>9,06<\/td>\n<td>-0,11%<\/td>\n<td>-3,41%<\/td>\n<\/tr>\n<\/tbody>\n<\/table>\n<p>Os valores s\u00e3o do <a href=\"http:\/\/www.cepea.org.br\" target=\"_blank\" rel=\"noopener\"><strong>Cepea<\/strong><\/a>.<\/p>\n<h2>O que \u00e9 o boi gordo? Entenda o termo do mercado bovino<\/h2>\n<p>O <strong>boi gordo \u00e9 o bovino macho pronto para o abate, com peso m\u00ednimo de 16 arrobas l\u00edquidas de carca\u00e7a (aproximadamente 240 kg) e at\u00e9 42 meses de idade<\/strong>. Atende aos padr\u00f5es do mercado nacional e internacional, incluindo exporta\u00e7\u00f5es para Europa, China e cota Hilton.<\/p>\n<h2>Diferen\u00e7as entre frango congelado e frango resfriado<\/h2>\n<p>O<strong> frango congelado passa por congelamento r\u00e1pido, com temperaturas abaixo de -12\u00b0C<\/strong>, garantindo maior vida \u00fatil para armazenamento e transporte a longas dist\u00e2ncias. J\u00e1 o<strong> frango resfriado \u00e9 mantido entre 0\u00b0C e 4\u00b0C, com validade de 5 a 7 dias<\/strong>, oferecendo textura e sabor mais pr\u00f3ximos do fresco, ideal para consumidores exigentes e restaurantes.<\/p>\n<p>\t\t\t\t\t\t\t\t\t<img decoding=\"async\" src=\"https:\/\/brasil61.com\/api\/v1\/serve_pixel\/22254\/84780\" alt=\"Pixel Brasil 61\" class=\"b61_pixel\" width=\"0\" height=\"0\"><\/p>\n<div class=\"br61_backlink\">\n<p>\n\t\t\t\tFonte: <a href=\"https:\/\/brasil61.com\/boi-gordo-hoje-confira-as-cotacoes-para-quarta-feira-24-pagr255810\" title=\"Artigo Original: Boi gordo hoje: confira as cota\u00e7\u00f5es para quarta-feira (24)\" target=\"_blank\" rel=\"noopener\">Brasil 61<\/a>\n\t\t\t<\/p>\n<\/p><\/div>\n<input type=\"hidden\" id=\"baseurl\" value=\"https:\/\/noticiasregionais.com.br\"><input type=\"hidden\" id=\"audio_nonce\" value=\"533fbb67b1\">","protected":false},"excerpt":{"rendered":"<p>Frango congelado e resfriado, carca\u00e7a su\u00edna especial e su\u00edno vivo apresentam reajuste no valor da mercadoria<\/p>\n","protected":false},"author":1,"featured_media":10010,"comment_status":"","ping_status":"open","sticky":false,"template":"","format":"standard","meta":{"sfsi_plus_gutenberg_text_before_share":"","sfsi_plus_gutenberg_show_text_before_share":"","sfsi_plus_gutenberg_icon_type":"","sfsi_plus_gutenberg_icon_alignemt":"","sfsi_plus_gutenburg_max_per_row":"","footnotes":""},"categories":[8],"tags":[],"class_list":["post-10009","post","type-post","status-publish","format-standard","has-post-thumbnail","hentry","category-brasil"],"_links":{"self":[{"href":"https:\/\/noticiasregionais.com.br\/index.php?rest_route=\/wp\/v2\/posts\/10009","targetHints":{"allow":["GET"]}}],"collection":[{"href":"https:\/\/noticiasregionais.com.br\/index.php?rest_route=\/wp\/v2\/posts"}],"about":[{"href":"https:\/\/noticiasregionais.com.br\/index.php?rest_route=\/wp\/v2\/types\/post"}],"author":[{"embeddable":true,"href":"https:\/\/noticiasregionais.com.br\/index.php?rest_route=\/wp\/v2\/users\/1"}],"replies":[{"embeddable":true,"href":"https:\/\/noticiasregionais.com.br\/index.php?rest_route=%2Fwp%2Fv2%2Fcomments&post=10009"}],"version-history":[{"count":0,"href":"https:\/\/noticiasregionais.com.br\/index.php?rest_route=\/wp\/v2\/posts\/10009\/revisions"}],"wp:featuredmedia":[{"embeddable":true,"href":"https:\/\/noticiasregionais.com.br\/index.php?rest_route=\/wp\/v2\/media\/10010"}],"wp:attachment":[{"href":"https:\/\/noticiasregionais.com.br\/index.php?rest_route=%2Fwp%2Fv2%2Fmedia&parent=10009"}],"wp:term":[{"taxonomy":"category","embeddable":true,"href":"https:\/\/noticiasregionais.com.br\/index.php?rest_route=%2Fwp%2Fv2%2Fcategories&post=10009"},{"taxonomy":"post_tag","embeddable":true,"href":"https:\/\/noticiasregionais.com.br\/index.php?rest_route=%2Fwp%2Fv2%2Ftags&post=10009"}],"curies":[{"name":"wp","href":"https:\/\/api.w.org\/{rel}","templated":true}]}}