{"id":10017,"date":"2025-09-24T04:55:00","date_gmt":"2025-09-24T07:55:00","guid":{"rendered":"https:\/\/noticiasregionais.com.br\/?p=10017"},"modified":"2025-09-24T04:55:00","modified_gmt":"2025-09-24T07:55:00","slug":"saude-digital-atrai-8-em-cada-10-brasileiros-mas-obstaculos-limitam-acesso","status":"publish","type":"post","link":"https:\/\/noticiasregionais.com.br\/?p=10017","title":{"rendered":"Sa\u00fade digital atrai 8 em cada 10 brasileiros, mas obst\u00e1culos limitam acesso"},"content":{"rendered":"<p>\t\t\t\t\t\t\t\t\t\t<audio controls class=\"b61_audio_player\" data-noticia=\"84789\" src=\"https:\/\/brasil61.com\/rails\/active_storage\/blobs\/eyJfcmFpbHMiOnsibWVzc2FnZSI6IkJBaHBBN0tlQXc9PSIsImV4cCI6bnVsbCwicHVyIjoiYmxvYl9pZCJ9fQ==--a6d3da37fd5090e246a54f7bf9c8eb05ce1fb589\/PIND254634A\"><\/audio><\/p>\n<p><!--StartFragment -->O Servi\u00e7o Social da Ind\u00fastria (<a href=\"https:\/\/www.portaldaindustria.com.br\/sesi\/\" target=\"_blank\" rel=\"noopener\">SESI<\/a>) apresentou, nesta ter\u00e7a-feira (23), em S\u00e3o Paulo (SP), durante o evento <a href=\"https:\/\/sesi.portaldaindustria.com.br\/conecta-saude\" target=\"_blank\" rel=\"noopener\">Conecta Sa\u00fade<\/a>, os resultados de uma pesquisa nacional sobre sa\u00fade digital. O levantamento mostra que 78% dos brasileiros demonstram interesse em utilizar servi\u00e7os digitais de sa\u00fade, como teleconsultas, agendamento online de consultas e exames, prescri\u00e7\u00e3o e atestado digital.<\/p>\n<p>Apesar do interesse crescente, o estudo aponta que apenas 20% da popula\u00e7\u00e3o usou efetivamente algum servi\u00e7o digital em 2025. O celular \u00e9 o principal meio de acesso (96%) e os canais mais utilizados s\u00e3o telefone e WhatsApp (45%), aplicativos de planos de sa\u00fade (32%) e o ConecteSUS (31%).<\/p>\n<p>Para Emmanuel Lacerda, superintendente de Sa\u00fade e Seguran\u00e7a do SESI, os resultados confirmam que a sa\u00fade digital deixou de ser tend\u00eancia para se tornar realidade. \u201cA sa\u00fade digital amplia o acesso a servi\u00e7os de qualidade, especialmente em regi\u00f5es com escassez de profissionais ou infraestrutura. Ela permite atendimento mais r\u00e1pido, redu\u00e7\u00e3o de filas, monitoramento cont\u00ednuo de condi\u00e7\u00f5es de sa\u00fade e maior integra\u00e7\u00e3o entre diferentes perspectivas do cuidado. Al\u00e9m disso, favorece a preven\u00e7\u00e3o, ao oferecer ferramentas de autogest\u00e3o e programas personalizados de bem-estar, resultando em mais qualidade de vida e produtividade\u201d, avalia.<\/p>\n<h2>Pesquisa Sa\u00fade Digital: avalia\u00e7\u00e3o crescente<\/h2>\n<p>Entre 2023 e 2025, a avalia\u00e7\u00e3o positiva dos servi\u00e7os digitais de sa\u00fade cresceu de 73% para 81% entre os usu\u00e1rios, segundo a pesquisa. Na telemedicina, fatores como praticidade (30%), agilidade (28%) e bom atendimento (14%) s\u00e3o os principais respons\u00e1veis pela aprova\u00e7\u00e3o. Por outro lado, a percep\u00e7\u00e3o de consultas superficiais (32%), falhas t\u00e9cnicas e dificuldades no agendamento (16%) ainda pesam nas avalia\u00e7\u00f5es negativas.<\/p>\n<p>O levantamento aponta que cada pessoa se interessa, em m\u00e9dia, por dois servi\u00e7os digitais. Os mais procurados s\u00e3o o agendamento online (57%) e a teleconsulta (49%), seguidos por exames integrados (33%), prescri\u00e7\u00e3o digital (23%) e atestado m\u00e9dico (18%). A intelig\u00eancia artificial j\u00e1 est\u00e1 presente no apoio ao diagn\u00f3stico em 10% dos casos.<\/p>\n<p>A brasileira Roseane Silva, 38 anos, mudou-se para Valpara\u00edso, na costa do Chile, em 2023, para trabalhar no segmento farmac\u00eautico. Ela conta que a telemedicina se tornou parte da sua rotina e trouxe mais praticidade ao cuidado com a sa\u00fade. Para ela, a principal vantagem \u00e9 a flexibilidade.<\/p>\n<p>\u201cO que mais chama a minha aten\u00e7\u00e3o em rela\u00e7\u00e3o a esse tipo de atendimento \u00e9 justamente a flexibilidade, poder ser atendida na hora prevista, principalmente. Eu posso estar com mal-estar e ao agendar o servi\u00e7o sei que nesse momento serei atendida, diferentemente de uma consulta presencial, que \u00e0s vezes impossibilita que seja atendida no hor\u00e1rio marcado\u201d, afirma.<\/p>\n<h2>Pesquisa Sa\u00fade Digital: resist\u00eancia entre idosos ainda \u00e9 alta<\/h2>\n<p>O interesse pela telemedicina est\u00e1 em expans\u00e3o. Dos entrevistados, 38% afirmaram que pretendem utilizar o recurso no futuro. A aceita\u00e7\u00e3o \u00e9 maior entre jovens homens de 25 a 40 anos (44%), pessoas com ensino superior (51%) e rendas mais altas (47%). Nutricionistas (44%), psic\u00f3logos (42%) e farmac\u00eauticos (40%) est\u00e3o entre as especialidades mais aceitas no formato digital.<\/p>\n<p>J\u00e1 a resist\u00eancia se concentra em pessoas de 41 a 59 anos (79%) e idosos (83%), que apontam inseguran\u00e7a e prefer\u00eancia pelo atendimento presencial.<\/p>\n<p>Diante da resist\u00eancia que ainda existe por parte da popula\u00e7\u00e3o, Roseane acredita que o cen\u00e1rio deve mudar com a amplia\u00e7\u00e3o do acesso e da confian\u00e7a nos servi\u00e7os digitais. \u201cAcredito que quem ainda tem receio \u00e9 porque precisa sentir seguran\u00e7a de que suas necessidades ser\u00e3o realmente atendidas. O tempo \u00e9 sagrado. E muitas vezes a pessoa n\u00e3o pode se deslocar, seja pela rotina corrida ou por alguma comorbidade. Nesse sentido, a teleconsulta \u00e9 uma solu\u00e7\u00e3o pr\u00e1tica, que atende no momento certo e contribui para melhorar a qualidade de vida\u201d, completa.<\/p>\n<h2>Pesquisa Sa\u00fade Digital: falta de conhecimento \u00e9 barreira<\/h2>\n<p>Apesar do interesse, apenas 10% da popula\u00e7\u00e3o afirma conhecer bem ou muito bem os servi\u00e7os digitais de sa\u00fade, enquanto 25% dizem ter algum conhecimento e 63% nunca ouviram falar ou n\u00e3o sabem como funcionam. Ainda assim, 56% acreditam que a sa\u00fade digital facilita o acesso aos servi\u00e7os.<\/p>\n<p>\u201cOs principais desafios envolvem a redu\u00e7\u00e3o das desigualdades de acesso \u00e0 internet e a dispositivos digitais, que ainda persistem em diversas regi\u00f5es, a harmoniza\u00e7\u00e3o de marcos regulat\u00f3rios que garantam a sustentabilidade do ecossistema e o engajamento de usu\u00e1rios, empresas e profissionais de sa\u00fade em uma mudan\u00e7a cultural, na qual o digital seja compreendido como um complemento, e n\u00e3o um substituto, do cuidado presencial\u201d, ressalta Lacerda.<\/p>\n<p>Segundo o superintendente de Sa\u00fade e Seguran\u00e7a do SESI, a estrat\u00e9gia de sa\u00fade digital da institui\u00e7\u00e3o atua nesses pontos, buscando criar um sistema integrado, confi\u00e1vel e acess\u00edvel para trabalhadores da ind\u00fastria e seus dependentes.<\/p>\n<p>O tema foi debatido no Conecta Sa\u00fade, evento promovido pelo Movimento Empresarial pela Sa\u00fade (<a href=\"https:\/\/www.portaldaindustria.com.br\/sesi\/canais\/movimento-empresarial-pela-saude\/\" target=\"_blank\" rel=\"noopener\">MES<\/a>), iniciativa do SESI e da CNI, que reuniu especialistas para discutir tend\u00eancias e solu\u00e7\u00f5es que ampliem o acesso e fortale\u00e7am o bem-estar da sociedade.<\/p>\n<p><!--EndFragment --><\/p>\n<p>\t\t\t\t\t\t\t\t\t<img decoding=\"async\" src=\"https:\/\/brasil61.com\/api\/v1\/serve_pixel\/22254\/84789\" alt=\"Pixel Brasil 61\" class=\"b61_pixel\" width=\"0\" height=\"0\"><\/p>\n<div class=\"br61_backlink\">\n<p>\n\t\t\t\tFonte: <a href=\"https:\/\/brasil61.com\/saude-digital-atrai-8-em-cada-10-brasileiros-mas-obstaculos-limitam-acesso-pind254634\" title=\"Artigo Original: Sa\u00fade digital atrai 8 em cada 10 brasileiros, mas obst\u00e1culos limitam acesso\" target=\"_blank\" rel=\"noopener\">Brasil 61<\/a>\n\t\t\t<\/p>\n<\/p><\/div>\n<input type=\"hidden\" id=\"baseurl\" value=\"https:\/\/noticiasregionais.com.br\"><input type=\"hidden\" id=\"audio_nonce\" value=\"296231ceac\">","protected":false},"excerpt":{"rendered":"<p>Pesquisa divulgada pelo SESI aponta que o interesse por servi\u00e7os digitais cresce, com destaque para teleconsultas e agendamentos online, embora persistam desafios de conectividade e confian\u00e7a no atendimento remoto<\/p>\n","protected":false},"author":1,"featured_media":10018,"comment_status":"","ping_status":"open","sticky":false,"template":"","format":"standard","meta":{"sfsi_plus_gutenberg_text_before_share":"","sfsi_plus_gutenberg_show_text_before_share":"","sfsi_plus_gutenberg_icon_type":"","sfsi_plus_gutenberg_icon_alignemt":"","sfsi_plus_gutenburg_max_per_row":"","footnotes":""},"categories":[8],"tags":[],"class_list":["post-10017","post","type-post","status-publish","format-standard","has-post-thumbnail","hentry","category-brasil"],"_links":{"self":[{"href":"https:\/\/noticiasregionais.com.br\/index.php?rest_route=\/wp\/v2\/posts\/10017","targetHints":{"allow":["GET"]}}],"collection":[{"href":"https:\/\/noticiasregionais.com.br\/index.php?rest_route=\/wp\/v2\/posts"}],"about":[{"href":"https:\/\/noticiasregionais.com.br\/index.php?rest_route=\/wp\/v2\/types\/post"}],"author":[{"embeddable":true,"href":"https:\/\/noticiasregionais.com.br\/index.php?rest_route=\/wp\/v2\/users\/1"}],"replies":[{"embeddable":true,"href":"https:\/\/noticiasregionais.com.br\/index.php?rest_route=%2Fwp%2Fv2%2Fcomments&post=10017"}],"version-history":[{"count":0,"href":"https:\/\/noticiasregionais.com.br\/index.php?rest_route=\/wp\/v2\/posts\/10017\/revisions"}],"wp:featuredmedia":[{"embeddable":true,"href":"https:\/\/noticiasregionais.com.br\/index.php?rest_route=\/wp\/v2\/media\/10018"}],"wp:attachment":[{"href":"https:\/\/noticiasregionais.com.br\/index.php?rest_route=%2Fwp%2Fv2%2Fmedia&parent=10017"}],"wp:term":[{"taxonomy":"category","embeddable":true,"href":"https:\/\/noticiasregionais.com.br\/index.php?rest_route=%2Fwp%2Fv2%2Fcategories&post=10017"},{"taxonomy":"post_tag","embeddable":true,"href":"https:\/\/noticiasregionais.com.br\/index.php?rest_route=%2Fwp%2Fv2%2Ftags&post=10017"}],"curies":[{"name":"wp","href":"https:\/\/api.w.org\/{rel}","templated":true}]}}