{"id":1002,"date":"2023-10-28T19:12:54","date_gmt":"2023-10-28T22:12:54","guid":{"rendered":"https:\/\/noticiasregionais.com.br\/?p=1002"},"modified":"2023-10-28T22:17:13","modified_gmt":"2023-10-29T01:17:13","slug":"uniao-repassa-r-37-bi-aos-municipios-ourinhos-recebe-r1-618-54305-nesta-segunda-30","status":"publish","type":"post","link":"https:\/\/noticiasregionais.com.br\/?p=1002","title":{"rendered":"Uni\u00e3o repassa R$ 3,7 bi aos munic\u00edpios. Ourinhos recebe R$1.618.543,05 nesta segunda (30)"},"content":{"rendered":"\n<p class=\"has-text-align-center\"><strong>Valores s\u00e3o 6,5% maiores que no mesmo per\u00edodo de 2022, mas tem queda de 9% quando comparados com os repasses de setembro<\/strong><\/p>\n\n\n\n<p>Al\u00edvio para as finan\u00e7as das cidades. O governo federal repassa aos munic\u00edpios, nesta segunda-feira (30), R$ 3.722.133.625,16. O valor \u00e9 referente \u00e0 terceira parcela de outubro do Fundo de Participa\u00e7\u00e3o dos Munic\u00edpios (FPM). Quando comparado ao mesmo per\u00edodo de setembro, o repasse teve queda de 9% (R$ 4.061.925.283,20) mas quando comparado com 2022, o valor foi 6,5% maior que naquela \u00e9poca quando foram pagos R$ 3.480.944.238,15 aos munic\u00edpios.<\/p>\n\n\n\n<h2 class=\"wp-block-heading\">Cidades menores s\u00e3o&nbsp;as mais prejudicadas&nbsp;<\/h2>\n\n\n\n<p>As quedas do FPM vem afetando munic\u00edpios menores, que dependem dessa receita da uni\u00e3o para custear o b\u00e1sico: folha de pagamento, fornecedores, transporte e merenda escolar, entre outros custos fixos dos munic\u00edpios. O que atrapalha o fechamento das contas em cidades pequenas, como Vit\u00f3ria Brasil, no interior paulista. Com apenas 1700 habitantes, o prefeito Paulo Henrique Miotto explica que a dificuldade em gerir as contas tem sido grande.<\/p>\n\n\n\n<p>\u201cA gente n\u00e3o tem muitas ind\u00fastrias no munic\u00edpio, n\u00e3o tem gera\u00e7\u00e3o de emprego, ent\u00e3o a cidade vive praticamente de FPM. E com essa baixa de nossa cidade vai sofrer muito ao longo desses anos, o FPM \u00e9 o carro-chefe da gest\u00e3o municipal hoje.\u201d&nbsp;<\/p>\n\n\n\n<p><a href=\"https:\/\/brasil61.com\/n\/sancionado-projeto-de-lei-136-23-que-recompoe-perdas-do-fpm-bras239946\" target=\"_blank\" rel=\"noopener\">Sancionado projeto de Lei 136\/23 que recomp\u00f5e perdas do FPM<\/a><\/p>\n\n\n\n<p>Paulo Henrique e outros gestores se queixam da baixa nos repasses, do aumento das despesas e da infla\u00e7\u00e3o \u2014&nbsp;&nbsp;que deve chegar a 4,65% neste ano. Mas o assessor de or\u00e7amento Cesar Lima contrap\u00f5e.&nbsp;<\/p>\n\n\n\n<p>\u201cSe tirar o fator infla\u00e7\u00e3o, n\u00f3s ainda assim, temos um crescimento positivo de 2%, pois hoje a infla\u00e7\u00e3o est\u00e1 em cerca de 4%. N\u00f3s estamos melhorando em rela\u00e7\u00e3o ao in\u00edcio do ano, est\u00e1vamos com receitas bem fracas, arrecada\u00e7\u00e3o baixa, FPM com diferen\u00e7as de 30% em rela\u00e7\u00e3o ao ano passado, mas do meio do ano pra c\u00e1 a situa\u00e7\u00e3o tem melhorado.\u201d<\/p>\n\n\n\n<p>O especialista em or\u00e7amento ainda ressalta&nbsp;que outras ajudas do governo vir\u00e3o para compor a receita dos munic\u00edpios. Uma delas \u00e9 a compensa\u00e7\u00e3o das perdas do FPM entre julho e setembro deste ano, prevista no PLP 136\/2023, sancionado no \u00faltimo dia 24 e que o governo federal tem \u2014 por lei \u2014 at\u00e9 31 de dezembro deste ano para fazer esse repasse.&nbsp;<\/p>\n\n\n\n<p>Fonte: <a href=\"https:\/\/brasil61.com\/n\/uniao-repassa-r-3-7-bilhoes-de-fpm-aos-municipios-nesta-segunda-feira-30-bras239990\" target=\"_blank\" rel=\"noreferrer noopener\">Brasil 61<\/a><\/p>\n<input type=\"hidden\" id=\"baseurl\" value=\"https:\/\/noticiasregionais.com.br\"><input type=\"hidden\" id=\"audio_nonce\" value=\"533fbb67b1\">","protected":false},"excerpt":{"rendered":"<p>Valores s\u00e3o 6,5% maiores que no mesmo per\u00edodo de 2022, mas tem queda de 9% quando comparados com os repasses&hellip;<\/p>\n","protected":false},"author":1,"featured_media":1004,"comment_status":"closed","ping_status":"open","sticky":false,"template":"","format":"standard","meta":{"sfsi_plus_gutenberg_text_before_share":"","sfsi_plus_gutenberg_show_text_before_share":"","sfsi_plus_gutenberg_icon_type":"","sfsi_plus_gutenberg_icon_alignemt":"","sfsi_plus_gutenburg_max_per_row":"","footnotes":""},"categories":[5,10,1],"tags":[],"class_list":["post-1002","post","type-post","status-publish","format-standard","has-post-thumbnail","hentry","category-ourinhos","category-destaques","category-noticias"],"_links":{"self":[{"href":"https:\/\/noticiasregionais.com.br\/index.php?rest_route=\/wp\/v2\/posts\/1002","targetHints":{"allow":["GET"]}}],"collection":[{"href":"https:\/\/noticiasregionais.com.br\/index.php?rest_route=\/wp\/v2\/posts"}],"about":[{"href":"https:\/\/noticiasregionais.com.br\/index.php?rest_route=\/wp\/v2\/types\/post"}],"author":[{"embeddable":true,"href":"https:\/\/noticiasregionais.com.br\/index.php?rest_route=\/wp\/v2\/users\/1"}],"replies":[{"embeddable":true,"href":"https:\/\/noticiasregionais.com.br\/index.php?rest_route=%2Fwp%2Fv2%2Fcomments&post=1002"}],"version-history":[{"count":1,"href":"https:\/\/noticiasregionais.com.br\/index.php?rest_route=\/wp\/v2\/posts\/1002\/revisions"}],"predecessor-version":[{"id":1005,"href":"https:\/\/noticiasregionais.com.br\/index.php?rest_route=\/wp\/v2\/posts\/1002\/revisions\/1005"}],"wp:featuredmedia":[{"embeddable":true,"href":"https:\/\/noticiasregionais.com.br\/index.php?rest_route=\/wp\/v2\/media\/1004"}],"wp:attachment":[{"href":"https:\/\/noticiasregionais.com.br\/index.php?rest_route=%2Fwp%2Fv2%2Fmedia&parent=1002"}],"wp:term":[{"taxonomy":"category","embeddable":true,"href":"https:\/\/noticiasregionais.com.br\/index.php?rest_route=%2Fwp%2Fv2%2Fcategories&post=1002"},{"taxonomy":"post_tag","embeddable":true,"href":"https:\/\/noticiasregionais.com.br\/index.php?rest_route=%2Fwp%2Fv2%2Ftags&post=1002"}],"curies":[{"name":"wp","href":"https:\/\/api.w.org\/{rel}","templated":true}]}}