{"id":10022,"date":"2025-09-24T04:20:00","date_gmt":"2025-09-24T07:20:00","guid":{"rendered":"https:\/\/noticiasregionais.com.br\/?p=10022"},"modified":"2025-09-24T04:20:00","modified_gmt":"2025-09-24T07:20:00","slug":"12-dos-municipios-ainda-nao-responderam-levantamento-da-educacao-infantil","status":"publish","type":"post","link":"https:\/\/noticiasregionais.com.br\/?p=10022","title":{"rendered":"12% dos munic\u00edpios ainda n\u00e3o responderam Levantamento da Educa\u00e7\u00e3o Infantil"},"content":{"rendered":"<p>\t\t\t\t\t\t\t\t\t\t<audio controls class=\"b61_audio_player\" data-noticia=\"84778\" src=\"https:\/\/brasil61.com\/rails\/active_storage\/blobs\/eyJfcmFpbHMiOnsibWVzc2FnZSI6IkJBaHBBNmFlQXc9PSIsImV4cCI6bnVsbCwicHVyIjoiYmxvYl9pZCJ9fQ==--8af671ce535309b3c1390f20119b594a43023435\/BRAS2514773A\"><\/audio><\/p>\n<p><strong>A poucos dias para o fim do prazo para a participa\u00e7\u00e3o do <a href=\"https:\/\/www.gov.br\/mec\/pt-br\/assuntos\/noticias\/2025\/setembro\/retrato-da-educacao-infantil-2025-e-prorrogado-ate-29-9\" target=\"_blank\" rel=\"noopener\">Levantamento Retrato da Educa\u00e7\u00e3o Infantil 2025<\/a>, 12% dos munic\u00edpios brasileiros ainda n\u00e3o responderam o question\u00e1rio. <\/strong>A informa\u00e7\u00e3o \u00e9 do <a href=\"https:\/\/www.gov.br\/mec\/pt-br\" target=\"_blank\" rel=\"noopener\"><strong>Minist\u00e9rio da Educa\u00e7\u00e3o (MEC)<\/strong><\/a><strong>.\u00a0<\/strong>A data limite vai at\u00e9\u00a0<strong>29 de setembro<\/strong>.<\/p>\n<\/p>\n<p dir=\"ltr\" style=\"text-align: justify\">O levantamento tem car\u00e1ter diagn\u00f3stico e \u00e9 considerado essencial para<strong> subsidiar pol\u00edticas p\u00fablicas voltadas \u00e0 educa\u00e7\u00e3o de crian\u00e7as de 0 a 5 anos<\/strong>. Munic\u00edpios que n\u00e3o enviarem as respostas dentro do prazo ter\u00e3o sua realidade <strong>exclu\u00edda do estudo<\/strong>, o que pode comprometer a participa\u00e7\u00e3o em futuras iniciativas de <strong>apoio t\u00e9cnico e financeiro da Uni\u00e3o<\/strong>.<\/p>\n<p dir=\"ltr\" style=\"text-align: justify\">Cida Camarano, professora do F\u00f3rum de Educa\u00e7\u00e3o Infantil do Distrito Federal, destaca a import\u00e2ncia do diagn\u00f3stico: \u201c\u00c9 visibilizar as proposi\u00e7\u00f5es para as pol\u00edticas p\u00fablicas de educa\u00e7\u00e3o infantil considerando uma an\u00e1lise dos dados complementares das redes de ensino. Reiterando os princ\u00edpios da colabora\u00e7\u00e3o entre os entes federativos e o fortalecimento das formas de coopera\u00e7\u00e3o com os munic\u00edpios, para a garantia dos direitos de aprendizagem e do desenvolvimento integral dos beb\u00eas e das crian\u00e7as matriculadas na educa\u00e7\u00e3o infantil.\u201d<\/p>\n<p dir=\"ltr\" style=\"text-align: justify\">A pesquisa est\u00e1 dividida em <strong>cinco blocos tem\u00e1ticos<\/strong> e leva, em m\u00e9dia, <strong>30 minutos para ser conclu\u00edda<\/strong>. O question\u00e1rio deve ser respondido por todos os <strong>5,5 mil munic\u00edpios do pa\u00eds<\/strong>, inclusive por aqueles que n\u00e3o registram crian\u00e7as fora da escola, j\u00e1 que esses dados tamb\u00e9m s\u00e3o relevantes para compor o diagn\u00f3stico nacional.<\/p>\n<p dir=\"ltr\" style=\"text-align: justify\">A coleta de dados \u00e9 feita por meio do <strong>Sistema Integrado de Monitoramento<\/strong>, <strong>Execu\u00e7\u00e3o<\/strong> e <strong>Controle <\/strong>(<a href=\"https:\/\/simec.mec.gov.br\/login.php\" target=\"_blank\" rel=\"noopener\">Simec<\/a>), onde o question\u00e1rio deve ser preenchido pelo <strong>secret\u00e1rio municipal de educa\u00e7\u00e3o<\/strong> ou por pessoa formalmente designada. A prorroga\u00e7\u00e3o ocorreu ap\u00f3s relatos de instabilidade no sistema, para evitar preju\u00edzos na participa\u00e7\u00e3o dos entes federados.<\/p>\n<p>\t\t\t\t\t\t\t\t\t<img decoding=\"async\" src=\"https:\/\/brasil61.com\/api\/v1\/serve_pixel\/22254\/84778\" alt=\"Pixel Brasil 61\" class=\"b61_pixel\" width=\"0\" height=\"0\"><\/p>\n<div class=\"br61_backlink\">\n<p>\n\t\t\t\tFonte: <a href=\"https:\/\/brasil61.com\/12-dos-municipios-ainda-nao-responderam-levantamento-da-educacao-infantil-bras2514773\" title=\"Artigo Original: 12% dos munic\u00edpios ainda n\u00e3o responderam Levantamento da Educa\u00e7\u00e3o Infantil\" target=\"_blank\" rel=\"noopener\">Brasil 61<\/a>\n\t\t\t<\/p>\n<\/p><\/div>\n<input type=\"hidden\" id=\"baseurl\" value=\"https:\/\/noticiasregionais.com.br\"><input type=\"hidden\" id=\"audio_nonce\" value=\"296231ceac\">","protected":false},"excerpt":{"rendered":"<p>MEC alerta que munic\u00edpios que n\u00e3o enviarem dados at\u00e9 29 de setembro ficar\u00e3o de fora do diagn\u00f3stico e poder\u00e3o perder espa\u00e7o em futuras a\u00e7\u00f5es de apoio<\/p>\n","protected":false},"author":1,"featured_media":10023,"comment_status":"","ping_status":"open","sticky":false,"template":"","format":"standard","meta":{"sfsi_plus_gutenberg_text_before_share":"","sfsi_plus_gutenberg_show_text_before_share":"","sfsi_plus_gutenberg_icon_type":"","sfsi_plus_gutenberg_icon_alignemt":"","sfsi_plus_gutenburg_max_per_row":"","footnotes":""},"categories":[8],"tags":[],"class_list":["post-10022","post","type-post","status-publish","format-standard","has-post-thumbnail","hentry","category-brasil"],"_links":{"self":[{"href":"https:\/\/noticiasregionais.com.br\/index.php?rest_route=\/wp\/v2\/posts\/10022","targetHints":{"allow":["GET"]}}],"collection":[{"href":"https:\/\/noticiasregionais.com.br\/index.php?rest_route=\/wp\/v2\/posts"}],"about":[{"href":"https:\/\/noticiasregionais.com.br\/index.php?rest_route=\/wp\/v2\/types\/post"}],"author":[{"embeddable":true,"href":"https:\/\/noticiasregionais.com.br\/index.php?rest_route=\/wp\/v2\/users\/1"}],"replies":[{"embeddable":true,"href":"https:\/\/noticiasregionais.com.br\/index.php?rest_route=%2Fwp%2Fv2%2Fcomments&post=10022"}],"version-history":[{"count":0,"href":"https:\/\/noticiasregionais.com.br\/index.php?rest_route=\/wp\/v2\/posts\/10022\/revisions"}],"wp:featuredmedia":[{"embeddable":true,"href":"https:\/\/noticiasregionais.com.br\/index.php?rest_route=\/wp\/v2\/media\/10023"}],"wp:attachment":[{"href":"https:\/\/noticiasregionais.com.br\/index.php?rest_route=%2Fwp%2Fv2%2Fmedia&parent=10022"}],"wp:term":[{"taxonomy":"category","embeddable":true,"href":"https:\/\/noticiasregionais.com.br\/index.php?rest_route=%2Fwp%2Fv2%2Fcategories&post=10022"},{"taxonomy":"post_tag","embeddable":true,"href":"https:\/\/noticiasregionais.com.br\/index.php?rest_route=%2Fwp%2Fv2%2Ftags&post=10022"}],"curies":[{"name":"wp","href":"https:\/\/api.w.org\/{rel}","templated":true}]}}