{"id":10024,"date":"2025-09-24T12:00:00","date_gmt":"2025-09-24T15:00:00","guid":{"rendered":"https:\/\/noticiasregionais.com.br\/?p=10024"},"modified":"2025-09-24T12:00:00","modified_gmt":"2025-09-24T15:00:00","slug":"agronegocio-mato-grosso-tera-escritorio-da-apexbrasil-para-impulsionar-exportacoes","status":"publish","type":"post","link":"https:\/\/noticiasregionais.com.br\/?p=10024","title":{"rendered":"Agroneg\u00f3cio: Mato Grosso ter\u00e1 escrit\u00f3rio da ApexBrasil para impulsionar exporta\u00e7\u00f5es"},"content":{"rendered":"<p>\t\t\t\t\t\t\t\t\t\t<audio controls class=\"b61_audio_player\" data-noticia=\"84794\" src=\"https:\/\/brasil61.com\/rails\/active_storage\/blobs\/eyJfcmFpbHMiOnsibWVzc2FnZSI6IkJBaHBBOUtlQXc9PSIsImV4cCI6bnVsbCwicHVyIjoiYmxvYl9pZCJ9fQ==--0c3fb059614b1ac9464df2bdf06488ec21a70c2f\/BRAS2514780B\"><\/audio><\/p>\n<p>Nesta ter\u00e7a-feira (23), o <a href=\"https:\/\/www.gov.br\/agricultura\/pt-br\/assuntos\/noticias\/exportacoes-do-agronegocio-ganham-impulso-com-instalacao-do-escritorio-da-apexbrasil-em-mato-grosso\" target=\"_blank\" rel=\"noopener\"><strong>ministro da Agricultura e Pecu\u00e1ria, Carlos F\u00e1varo<\/strong><\/a>, participou da assinatura de um Memorando de Entendimento entre a <a href=\"https:\/\/apexbrasil.com.br\/\" target=\"_blank\" rel=\"noopener\"><strong>Ag\u00eancia Brasileira de Promo\u00e7\u00e3o de Exporta\u00e7\u00f5es e Investimentos (ApexBrasil) <\/strong><\/a>e a <a href=\"https:\/\/sistemafamato.org.br\/\" target=\"_blank\" rel=\"noopener\"><strong>Federa\u00e7\u00e3o da Agricultura e Pecu\u00e1ria de Mato Grosso (Famato)<\/strong><\/a>. O <strong>acordo prev\u00ea a instala\u00e7\u00e3o de um escrit\u00f3rio da em Cuiab\u00e1 (MT) at\u00e9 o fim de 2025<\/strong>. O objetivo de <strong>fortalecer a presen\u00e7a da ag\u00eancia no estado e apoiar o crescimento das exporta\u00e7\u00f5es e atra\u00e7\u00e3o de investimentos<\/strong>.<\/p>\n<p>O documento foi assinado pelo presidente da ApexBrasil, Jorge Viana, e pelo presidente da Famato, Vilmondes Tomain, com o ministro F\u00e1varo como testemunha.<\/p>\n<p>A instala\u00e7\u00e3o do escrit\u00f3rio da ApexBrasil na capital dever\u00e1 <strong>fortalecer a internacionaliza\u00e7\u00e3o da produ\u00e7\u00e3o mato-grossense, apoiar empresas locais na abertura de novos mercados, atrair investimentos estrat\u00e9gicos e fomentar a diversifica\u00e7\u00e3o econ\u00f4mica do estado, um dos mais representativos do agroneg\u00f3cio nacional<\/strong>.<\/p>\n<p>Na ocasi\u00e3o, o ministro Carlos F\u00e1varo destacou que a expans\u00e3o de mercados para produtos agropecu\u00e1rios brasileiros \u00e9 fruto da parceria entre governo e setor privado. &#8220;N\u00e3o \u00e9 coincid\u00eancia termos abertos 437 novos mercados. T\u00ednhamos 29 adidos, agora s\u00e3o 40. Essa \u00e9 a rela\u00e7\u00e3o de buscar neg\u00f3cios, de trabalhar junto, ir \u00e0s feiras internacionais, aproximar o empres\u00e1rio do comprador e gerar oportunidades comerciais. Com esse novo escrit\u00f3rio, a Apex vai fazer mais neg\u00f3cios. Quem vai ganhar \u00e9 a popula\u00e7\u00e3o brasileira, em especial os mato-grossenses.&#8221;<\/p>\n<p>F\u00e1varo refor\u00e7ou que a presen\u00e7a da ApexBrasil em Mato Grosso ampliar\u00e1 as oportunidades para o estado. \u201c\u00c9 a oportunidade de oferecer aos mato-grossenses uma ag\u00eancia que tem se mostrado um grande sucesso em nosso governo, aproximando o Brasil do mundo e fortalecendo tanto a agropecu\u00e1ria quanto a ind\u00fastria local, a partir da sede da Famato\u201d, concluiu.\u00a0<\/p>\n<p>O presidente da ApexBrasil, Jorge Viana, refor\u00e7ou a import\u00e2ncia estrat\u00e9gica do estado: \u00a0\u201cAt\u00e9 o final do ano, estaremos funcionando em Mato Grosso, fazendo com que o estado receba investimentos do mundo inteiro. A Apex trabalha com atra\u00e7\u00e3o de investimentos e na promo\u00e7\u00e3o dos produtos do agroneg\u00f3cio e de outros setores da economia mato-grossense no mercado internacional.\u201d<\/p>\n<p>Para Vilmondes Tomain, presidente da Famato, a presen\u00e7a da Apex em Cuiab\u00e1 vai aumentar a competitividade do estado. \u201cTeremos melhores condi\u00e7\u00f5es para discutir estrat\u00e9gias de exporta\u00e7\u00e3o, atrair investimentos e gerar mais oportunidades para Mato Grosso\u201d, afirmou.<\/p>\n<h2>Mato Grosso: destaque no agroneg\u00f3cio brasileiro<\/h2>\n<p>Segundo dados da ApexBrasil, Mato Grosso mant\u00e9m <strong>h\u00e1 mais de 20 anos uma balan\u00e7a comercial superavit\u00e1ria, consolidando-se como um dos maiores produtores agr\u00edcolas do pa\u00eds<\/strong>. Em 2024, as <strong>exporta\u00e7\u00f5es do estado somaram US$ 27,6 bilh\u00f5es<\/strong>, sendo <strong>soja e derivados, milho e algod\u00e3o respons\u00e1veis por 83% desse total<\/strong>. Ao todo, <strong>251 empresas mato-grossenses participaram do com\u00e9rcio exterior no per\u00edodo<\/strong>.<\/p>\n<p>Entre janeiro e agosto de 2025, as exporta\u00e7\u00f5es de Mato Grosso totalizaram US$ 19,75 bilh\u00f5es, com destaque para:<\/p>\n<p>\u25cf\u00a0\u00a0 \u00a0Complexo soja: US$ 13,07 bilh\u00f5es<br \/>\n\u25cf\u00a0\u00a0 \u00a0Carnes: US$ 2,50 bilh\u00f5es<br \/>\n\u25cf\u00a0\u00a0 \u00a0Fibras e produtos t\u00eaxteis (algod\u00e3o): US$ 1,91 bilh\u00e3o<br \/>\n\u25cf\u00a0\u00a0 \u00a0Cereais, farinhas e prepara\u00e7\u00f5es: US$ 1,60 bilh\u00e3o<br \/>\n\u25cf\u00a0\u00a0 \u00a0Produtos oleaginosos (exceto soja): US$ 271,9 milh\u00f5es<\/p>\n<p>Os principais destinos das exporta\u00e7\u00f5es mato-grossenses foram <strong>China, Espanha, Turquia, Tail\u00e2ndia e Vietn\u00e3.<\/strong><\/p>\n<p><u><strong>VEJA MAIS:<\/strong><\/u><\/p>\n<ul>\n<li><a href=\"https:\/\/brasil61.com\/n\/agronegocio-brasileiro-bate-recorde-e-exporta-us-15-6-bilhoes-em-julho-bras2514511\" target=\"_blank\" rel=\"noopener\"><strong>Agroneg\u00f3cio brasileiro bate recorde e exporta US$ 15,6 bilh\u00f5es em julho<\/strong><\/a><\/li>\n<\/ul>\n<p>.<\/p>\n<p>\t\t\t\t\t\t\t\t\t<img decoding=\"async\" src=\"https:\/\/brasil61.com\/api\/v1\/serve_pixel\/22254\/84794\" alt=\"Pixel Brasil 61\" class=\"b61_pixel\" width=\"0\" height=\"0\"><\/p>\n<div class=\"br61_backlink\">\n<p>\n\t\t\t\tFonte: <a href=\"https:\/\/brasil61.com\/agronegocio-mato-grosso-tera-escritorio-da-apexbrasil-para-impulsionar-exportacoes-bras2514780\" title=\"Artigo Original: Agroneg\u00f3cio: Mato Grosso ter\u00e1 escrit\u00f3rio da ApexBrasil para impulsionar exporta\u00e7\u00f5es\" target=\"_blank\" rel=\"noopener\">Brasil 61<\/a>\n\t\t\t<\/p>\n<\/p><\/div>\n<input type=\"hidden\" id=\"baseurl\" value=\"https:\/\/noticiasregionais.com.br\"><input type=\"hidden\" id=\"audio_nonce\" value=\"296231ceac\">","protected":false},"excerpt":{"rendered":"<p>Parceria entre ApexBrasil e Famato prev\u00ea instala\u00e7\u00e3o da unidade para apoiar empresas do estado na conquista de novos mercados e atra\u00e7\u00e3o de investimentos.<\/p>\n","protected":false},"author":1,"featured_media":10025,"comment_status":"","ping_status":"open","sticky":false,"template":"","format":"standard","meta":{"sfsi_plus_gutenberg_text_before_share":"","sfsi_plus_gutenberg_show_text_before_share":"","sfsi_plus_gutenberg_icon_type":"","sfsi_plus_gutenberg_icon_alignemt":"","sfsi_plus_gutenburg_max_per_row":"","footnotes":""},"categories":[8],"tags":[],"class_list":["post-10024","post","type-post","status-publish","format-standard","has-post-thumbnail","hentry","category-brasil"],"_links":{"self":[{"href":"https:\/\/noticiasregionais.com.br\/index.php?rest_route=\/wp\/v2\/posts\/10024","targetHints":{"allow":["GET"]}}],"collection":[{"href":"https:\/\/noticiasregionais.com.br\/index.php?rest_route=\/wp\/v2\/posts"}],"about":[{"href":"https:\/\/noticiasregionais.com.br\/index.php?rest_route=\/wp\/v2\/types\/post"}],"author":[{"embeddable":true,"href":"https:\/\/noticiasregionais.com.br\/index.php?rest_route=\/wp\/v2\/users\/1"}],"replies":[{"embeddable":true,"href":"https:\/\/noticiasregionais.com.br\/index.php?rest_route=%2Fwp%2Fv2%2Fcomments&post=10024"}],"version-history":[{"count":0,"href":"https:\/\/noticiasregionais.com.br\/index.php?rest_route=\/wp\/v2\/posts\/10024\/revisions"}],"wp:featuredmedia":[{"embeddable":true,"href":"https:\/\/noticiasregionais.com.br\/index.php?rest_route=\/wp\/v2\/media\/10025"}],"wp:attachment":[{"href":"https:\/\/noticiasregionais.com.br\/index.php?rest_route=%2Fwp%2Fv2%2Fmedia&parent=10024"}],"wp:term":[{"taxonomy":"category","embeddable":true,"href":"https:\/\/noticiasregionais.com.br\/index.php?rest_route=%2Fwp%2Fv2%2Fcategories&post=10024"},{"taxonomy":"post_tag","embeddable":true,"href":"https:\/\/noticiasregionais.com.br\/index.php?rest_route=%2Fwp%2Fv2%2Ftags&post=10024"}],"curies":[{"name":"wp","href":"https:\/\/api.w.org\/{rel}","templated":true}]}}