{"id":10026,"date":"2025-09-24T12:38:46","date_gmt":"2025-09-24T15:38:46","guid":{"rendered":"https:\/\/noticiasregionais.com.br\/?p=10026"},"modified":"2025-09-24T12:42:15","modified_gmt":"2025-09-24T15:42:15","slug":"prefeitura-muda-localizacao-de-radares-fixos-no-municipio-em-atualizacao-periodica","status":"publish","type":"post","link":"https:\/\/noticiasregionais.com.br\/?p=10026","title":{"rendered":"Prefeitura muda localiza\u00e7\u00e3o de radares fixos no munic\u00edpio em atualiza\u00e7\u00e3o peri\u00f3dica"},"content":{"rendered":"\n<h3 class=\"wp-block-heading has-text-align-center\">Ap\u00f3s cr\u00edticas do prefeito aos radares colocados pelo DER nas rodovias que cortam a cidade, esperan\u00e7a era de que os radares municipais fossem reduzidos ou desativados<\/h3>\n\n\n\n<p>A Prefeitura de Ourinhos iniciou nesta semana o remanejamento de tr\u00eas radares de velocidade j\u00e1 existentes no munic\u00edpio. A medida tem como objetivo ampliar a cobertura de fiscaliza\u00e7\u00e3o em \u00e1reas com maior fluxo de ve\u00edculos e pedestres, al\u00e9m de reduzir riscos de acidentes e coibir a imprud\u00eancia no tr\u00e2nsito.<\/p>\n\n\n\n<p>De acordo com a administra\u00e7\u00e3o municipal, n\u00e3o houve aumento no n\u00famero total de equipamentos \u2014 trata-se apenas de uma mudan\u00e7a de localiza\u00e7\u00e3o, prevista no contrato do Preg\u00e3o n\u00ba 25\/2021. A atualiza\u00e7\u00e3o \u00e9 realizada periodicamente para acompanhar as transforma\u00e7\u00f5es no tr\u00e1fego da cidade.<\/p>\n\n\n\n<p>Os novos pontos que receber\u00e3o os radares ainda n\u00e3o est\u00e3o em funcionamento. Antes de come\u00e7arem a operar, ser\u00e1 feita a devida sinaliza\u00e7\u00e3o das vias, a aferi\u00e7\u00e3o t\u00e9cnica pelo INMETRO e a divulga\u00e7\u00e3o oficial da data de in\u00edcio no Di\u00e1rio Oficial do Munic\u00edpio e no site da Prefeitura.<\/p>\n\n\n\n<h3 class=\"wp-block-heading\">Locais alterados<\/h3>\n\n\n\n<p><strong>Pontos desativados:<\/strong><\/p>\n\n\n\n<ul class=\"wp-block-list\">\n<li>Av. Domingos Carmelingo Cal\u00f3 x Av. Pres. Get\u00falio Vargas n\u00ba 1419, Sentido B\/C \u2013 Faixa 2<\/li>\n\n\n\n<li>Av. Luiz Saldanha Rodrigues, pr\u00f3ximo ao n\u00ba 2013, Sentido B\/C \u2013 Faixa 2<\/li>\n\n\n\n<li>Av. Miguel Cury, n\u00ba 150, Sentido B\/C \u2013 Faixa 1<\/li>\n<\/ul>\n\n\n\n<p><strong>Novos pontos:<\/strong><\/p>\n\n\n\n<ul class=\"wp-block-list\">\n<li>Av. Dr. Alceb\u00edades Ferreira de Moraes, 30m antes do n\u00ba 304, Sentido C\/B \u2013 Faixa 2 \u2013 limite de 40 km\/h<\/li>\n\n\n\n<li>Av. Vit\u00f3rio Christoni, 50m antes do n\u00ba 1300, Sentido C\/B \u2013 Faixa 1 \u2013 limite de 40 km\/h (Residencial Vila das Palmeiras 2)<\/li>\n\n\n\n<li>Av. Vit\u00f3rio Christoni, 50m antes do n\u00ba 1259, Sentido B\/C \u2013 Faixa 1 \u2013 limite de 40 km\/h (Igreja Lagoinha)<\/li>\n<\/ul>\n\n\n\n<p>A Prefeitura refor\u00e7a que a a\u00e7\u00e3o integra o conjunto de medidas permanentes para a melhoria da seguran\u00e7a vi\u00e1ria em Ourinhos.<\/p>\n\n\n\n<figure class=\"wp-block-gallery has-nested-images columns-default is-cropped wp-block-gallery-1 is-layout-flex wp-block-gallery-is-layout-flex\">\n<figure class=\"wp-block-image size-large\"><a href=\"https:\/\/noticiasregionais.com.br\/wp-content\/uploads\/2025\/09\/WhatsApp-Image-2025-09-24-at-11.36.461.jpeg\"><img decoding=\"async\" width=\"1024\" height=\"819\" data-id=\"10029\" src=\"https:\/\/noticiasregionais.com.br\/wp-content\/uploads\/2025\/09\/WhatsApp-Image-2025-09-24-at-11.36.461-1024x819.jpeg\" alt=\"\" class=\"wp-image-10029\" srcset=\"https:\/\/noticiasregionais.com.br\/wp-content\/uploads\/2025\/09\/WhatsApp-Image-2025-09-24-at-11.36.461-1024x819.jpeg 1024w, https:\/\/noticiasregionais.com.br\/wp-content\/uploads\/2025\/09\/WhatsApp-Image-2025-09-24-at-11.36.461-300x240.jpeg 300w, https:\/\/noticiasregionais.com.br\/wp-content\/uploads\/2025\/09\/WhatsApp-Image-2025-09-24-at-11.36.461-768x614.jpeg 768w, https:\/\/noticiasregionais.com.br\/wp-content\/uploads\/2025\/09\/WhatsApp-Image-2025-09-24-at-11.36.461-1536x1228.jpeg 1536w, https:\/\/noticiasregionais.com.br\/wp-content\/uploads\/2025\/09\/WhatsApp-Image-2025-09-24-at-11.36.461.jpeg 1600w\" sizes=\"(max-width: 1024px) 100vw, 1024px\" \/><\/a><\/figure>\n\n\n\n<figure class=\"wp-block-image size-full\"><a href=\"https:\/\/noticiasregionais.com.br\/wp-content\/uploads\/2025\/09\/Radar.jpg\"><img decoding=\"async\" width=\"958\" height=\"568\" data-id=\"10030\" src=\"https:\/\/noticiasregionais.com.br\/wp-content\/uploads\/2025\/09\/Radar.jpg\" alt=\"\" class=\"wp-image-10030\" srcset=\"https:\/\/noticiasregionais.com.br\/wp-content\/uploads\/2025\/09\/Radar.jpg 958w, https:\/\/noticiasregionais.com.br\/wp-content\/uploads\/2025\/09\/Radar-300x178.jpg 300w, https:\/\/noticiasregionais.com.br\/wp-content\/uploads\/2025\/09\/Radar-768x455.jpg 768w\" sizes=\"(max-width: 958px) 100vw, 958px\" \/><\/a><\/figure>\n\n\n\n<figure class=\"wp-block-image size-large\"><a href=\"https:\/\/noticiasregionais.com.br\/wp-content\/uploads\/2025\/09\/WhatsApp-Image-2025-09-24-at-11.37.06.jpeg\"><img decoding=\"async\" width=\"1024\" height=\"819\" data-id=\"10027\" src=\"https:\/\/noticiasregionais.com.br\/wp-content\/uploads\/2025\/09\/WhatsApp-Image-2025-09-24-at-11.37.06-1024x819.jpeg\" alt=\"\" class=\"wp-image-10027\" srcset=\"https:\/\/noticiasregionais.com.br\/wp-content\/uploads\/2025\/09\/WhatsApp-Image-2025-09-24-at-11.37.06-1024x819.jpeg 1024w, https:\/\/noticiasregionais.com.br\/wp-content\/uploads\/2025\/09\/WhatsApp-Image-2025-09-24-at-11.37.06-300x240.jpeg 300w, https:\/\/noticiasregionais.com.br\/wp-content\/uploads\/2025\/09\/WhatsApp-Image-2025-09-24-at-11.37.06-768x614.jpeg 768w, https:\/\/noticiasregionais.com.br\/wp-content\/uploads\/2025\/09\/WhatsApp-Image-2025-09-24-at-11.37.06-1536x1228.jpeg 1536w, https:\/\/noticiasregionais.com.br\/wp-content\/uploads\/2025\/09\/WhatsApp-Image-2025-09-24-at-11.37.06.jpeg 1600w\" sizes=\"(max-width: 1024px) 100vw, 1024px\" \/><\/a><\/figure>\n<\/figure>\n<input type=\"hidden\" id=\"baseurl\" value=\"https:\/\/noticiasregionais.com.br\"><input type=\"hidden\" id=\"audio_nonce\" value=\"533fbb67b1\">","protected":false},"excerpt":{"rendered":"<p>Ap\u00f3s cr\u00edticas do prefeito aos radares colocados pelo DER nas rodovias que cortam a cidade, esperan\u00e7a era de que os&hellip;<\/p>\n","protected":false},"author":1,"featured_media":10028,"comment_status":"closed","ping_status":"open","sticky":false,"template":"","format":"standard","meta":{"sfsi_plus_gutenberg_text_before_share":"","sfsi_plus_gutenberg_show_text_before_share":"","sfsi_plus_gutenberg_icon_type":"","sfsi_plus_gutenberg_icon_alignemt":"","sfsi_plus_gutenburg_max_per_row":"","footnotes":""},"categories":[10,1,5],"tags":[16],"class_list":["post-10026","post","type-post","status-publish","format-standard","has-post-thumbnail","hentry","category-destaques","category-noticias","category-ourinhos","tag-ourinhos"],"_links":{"self":[{"href":"https:\/\/noticiasregionais.com.br\/index.php?rest_route=\/wp\/v2\/posts\/10026","targetHints":{"allow":["GET"]}}],"collection":[{"href":"https:\/\/noticiasregionais.com.br\/index.php?rest_route=\/wp\/v2\/posts"}],"about":[{"href":"https:\/\/noticiasregionais.com.br\/index.php?rest_route=\/wp\/v2\/types\/post"}],"author":[{"embeddable":true,"href":"https:\/\/noticiasregionais.com.br\/index.php?rest_route=\/wp\/v2\/users\/1"}],"replies":[{"embeddable":true,"href":"https:\/\/noticiasregionais.com.br\/index.php?rest_route=%2Fwp%2Fv2%2Fcomments&post=10026"}],"version-history":[{"count":2,"href":"https:\/\/noticiasregionais.com.br\/index.php?rest_route=\/wp\/v2\/posts\/10026\/revisions"}],"predecessor-version":[{"id":10034,"href":"https:\/\/noticiasregionais.com.br\/index.php?rest_route=\/wp\/v2\/posts\/10026\/revisions\/10034"}],"wp:featuredmedia":[{"embeddable":true,"href":"https:\/\/noticiasregionais.com.br\/index.php?rest_route=\/wp\/v2\/media\/10028"}],"wp:attachment":[{"href":"https:\/\/noticiasregionais.com.br\/index.php?rest_route=%2Fwp%2Fv2%2Fmedia&parent=10026"}],"wp:term":[{"taxonomy":"category","embeddable":true,"href":"https:\/\/noticiasregionais.com.br\/index.php?rest_route=%2Fwp%2Fv2%2Fcategories&post=10026"},{"taxonomy":"post_tag","embeddable":true,"href":"https:\/\/noticiasregionais.com.br\/index.php?rest_route=%2Fwp%2Fv2%2Ftags&post=10026"}],"curies":[{"name":"wp","href":"https:\/\/api.w.org\/{rel}","templated":true}]}}