{"id":10035,"date":"2025-09-24T15:13:27","date_gmt":"2025-09-24T18:13:27","guid":{"rendered":"https:\/\/noticiasregionais.com.br\/?p=10035"},"modified":"2025-09-24T15:13:31","modified_gmt":"2025-09-24T18:13:31","slug":"presidente-da-camara-pede-ampliacao-de-itinerario-da-circular-no-bairro-ourinhos-constante-pacaembu","status":"publish","type":"post","link":"https:\/\/noticiasregionais.com.br\/?p=10035","title":{"rendered":"Presidente da C\u00e2mara pede amplia\u00e7\u00e3o de itiner\u00e1rio da circular no bairro Ourinhos Constante\/Pacaembu"},"content":{"rendered":"\n<p>Na sess\u00e3o ordin\u00e1ria da C\u00e2mara Municipal de Ourinhos, realizada nesta quinta-feira (25), o presidente do Legislativo, C\u00edcero Investigador, apresentou o Requerimento n\u00ba 1329\/2025 solicitando \u00e0 empresa Avoa informa\u00e7\u00f5es sobre a possibilidade de estender o percurso da linha circular que atende o bairro Ourinhos Constante\/Pacaembu.<\/p>\n\n\n\n<p>Atualmente, o \u00f4nibus percorre apenas a Estrada Municipal Mauro Moura, passando pelas Ruas Projetada 05, Projetada 10 e descendo pela Rua Roberto Gandolpho Constante. A proposta apresentada pelo parlamentar \u00e9 de que o trajeto seja ampliado para incluir tamb\u00e9m a Rua Lucin\u00e9ia da Silva Ara\u00fajo, a Rua Jos\u00e9 Luiz Soares e a Rua Projetada 16, retornando depois \u00e0 Rua Roberto Gandolpho Constante.<\/p>\n\n\n\n<p>Segundo C\u00edcero, a regi\u00e3o abriga cerca de 5 mil moradores que enfrentam dificuldade para acessar o transporte coletivo. Ele destacou que muitos passageiros s\u00e3o obrigados a caminhar at\u00e9 a avenida principal para alcan\u00e7ar os pontos existentes e acabam improvisando locais de espera sem condi\u00e7\u00f5es adequadas de seguran\u00e7a e conforto.<\/p>\n\n\n\n<p>O presidente relatou ainda situa\u00e7\u00f5es espec\u00edficas de vulnerabilidade, como a de uma m\u00e3e que precisa se deslocar com o filho, diagnosticado com Transtorno do Espectro Autista (TEA). \u201cEla contou que, diante da dist\u00e2ncia at\u00e9 o ponto, muitas vezes precisa recorrer a transporte por aplicativo, o que representa custos adicionais e desgaste f\u00edsico\u201d, afirmou.<\/p>\n\n\n\n<p>C\u00edcero refor\u00e7ou o pedido para que a empresa respons\u00e1vel e a administra\u00e7\u00e3o municipal considerem a demanda. \u201cNosso compromisso \u00e9 buscar solu\u00e7\u00f5es que garantam um transporte p\u00fablico mais acess\u00edvel e digno para todos os moradores do bairro\u201d, concluiu.<\/p>\n\n\n\n<figure class=\"wp-block-image size-large\"><img decoding=\"async\" width=\"1024\" height=\"673\" src=\"https:\/\/noticiasregionais.com.br\/wp-content\/uploads\/2025\/09\/WhatsApp-Image-2025-09-23-at-16.56.101-1024x673.jpeg\" alt=\"\" class=\"wp-image-10036\" srcset=\"https:\/\/noticiasregionais.com.br\/wp-content\/uploads\/2025\/09\/WhatsApp-Image-2025-09-23-at-16.56.101-1024x673.jpeg 1024w, https:\/\/noticiasregionais.com.br\/wp-content\/uploads\/2025\/09\/WhatsApp-Image-2025-09-23-at-16.56.101-300x197.jpeg 300w, https:\/\/noticiasregionais.com.br\/wp-content\/uploads\/2025\/09\/WhatsApp-Image-2025-09-23-at-16.56.101-768x505.jpeg 768w, https:\/\/noticiasregionais.com.br\/wp-content\/uploads\/2025\/09\/WhatsApp-Image-2025-09-23-at-16.56.101.jpeg 1280w\" sizes=\"(max-width: 1024px) 100vw, 1024px\" \/><\/figure>\n<input type=\"hidden\" id=\"baseurl\" value=\"https:\/\/noticiasregionais.com.br\"><input type=\"hidden\" id=\"audio_nonce\" value=\"533fbb67b1\">","protected":false},"excerpt":{"rendered":"<p>Na sess\u00e3o ordin\u00e1ria da C\u00e2mara Municipal de Ourinhos, realizada nesta quinta-feira (25), o presidente do Legislativo, C\u00edcero Investigador, apresentou o&hellip;<\/p>\n","protected":false},"author":1,"featured_media":10037,"comment_status":"closed","ping_status":"open","sticky":false,"template":"","format":"standard","meta":{"sfsi_plus_gutenberg_text_before_share":"","sfsi_plus_gutenberg_show_text_before_share":"","sfsi_plus_gutenberg_icon_type":"","sfsi_plus_gutenberg_icon_alignemt":"","sfsi_plus_gutenburg_max_per_row":"","footnotes":""},"categories":[10,1,5],"tags":[16],"class_list":["post-10035","post","type-post","status-publish","format-standard","has-post-thumbnail","hentry","category-destaques","category-noticias","category-ourinhos","tag-ourinhos"],"_links":{"self":[{"href":"https:\/\/noticiasregionais.com.br\/index.php?rest_route=\/wp\/v2\/posts\/10035","targetHints":{"allow":["GET"]}}],"collection":[{"href":"https:\/\/noticiasregionais.com.br\/index.php?rest_route=\/wp\/v2\/posts"}],"about":[{"href":"https:\/\/noticiasregionais.com.br\/index.php?rest_route=\/wp\/v2\/types\/post"}],"author":[{"embeddable":true,"href":"https:\/\/noticiasregionais.com.br\/index.php?rest_route=\/wp\/v2\/users\/1"}],"replies":[{"embeddable":true,"href":"https:\/\/noticiasregionais.com.br\/index.php?rest_route=%2Fwp%2Fv2%2Fcomments&post=10035"}],"version-history":[{"count":1,"href":"https:\/\/noticiasregionais.com.br\/index.php?rest_route=\/wp\/v2\/posts\/10035\/revisions"}],"predecessor-version":[{"id":10038,"href":"https:\/\/noticiasregionais.com.br\/index.php?rest_route=\/wp\/v2\/posts\/10035\/revisions\/10038"}],"wp:featuredmedia":[{"embeddable":true,"href":"https:\/\/noticiasregionais.com.br\/index.php?rest_route=\/wp\/v2\/media\/10037"}],"wp:attachment":[{"href":"https:\/\/noticiasregionais.com.br\/index.php?rest_route=%2Fwp%2Fv2%2Fmedia&parent=10035"}],"wp:term":[{"taxonomy":"category","embeddable":true,"href":"https:\/\/noticiasregionais.com.br\/index.php?rest_route=%2Fwp%2Fv2%2Fcategories&post=10035"},{"taxonomy":"post_tag","embeddable":true,"href":"https:\/\/noticiasregionais.com.br\/index.php?rest_route=%2Fwp%2Fv2%2Ftags&post=10035"}],"curies":[{"name":"wp","href":"https:\/\/api.w.org\/{rel}","templated":true}]}}