{"id":10039,"date":"2025-09-24T15:38:19","date_gmt":"2025-09-24T18:38:19","guid":{"rendered":"https:\/\/noticiasregionais.com.br\/?p=10039"},"modified":"2025-09-24T15:38:23","modified_gmt":"2025-09-24T18:38:23","slug":"ourinhos-promove-1o-mutirao-por-direitos-da-pessoa-em-situacao-de-rua","status":"publish","type":"post","link":"https:\/\/noticiasregionais.com.br\/?p=10039","title":{"rendered":"Ourinhos promove 1\u00ba Mutir\u00e3o por Direitos da Pessoa em Situa\u00e7\u00e3o de Rua"},"content":{"rendered":"\n<h3 class=\"wp-block-heading has-text-align-center\">A\u00e7\u00e3o reuniu mais de 60 participantes, levou servi\u00e7os de sa\u00fade, cidadania e autocuidado e fortaleceu a atua\u00e7\u00e3o do Centro Pop<\/h3>\n\n\n\n<p>Ourinhos realizou no \u00faltimo dia 23 o <strong>1\u00ba Mutir\u00e3o por Direitos da Pessoa em Situa\u00e7\u00e3o de Rua<\/strong>, iniciativa organizada pelo Centro Pop em parceria com a Rede Rua, articula\u00e7\u00e3o coordenada pela Secretaria Municipal de Assist\u00eancia e Desenvolvimento Social (SMADS). A a\u00e7\u00e3o envolveu diversas secretarias, institui\u00e7\u00f5es p\u00fablicas, organiza\u00e7\u00f5es da sociedade civil, conselhos e movimentos sociais.<\/p>\n\n\n\n<p>O evento, batizado de <strong>\u201cA Rua fala!\u201d<\/strong>, teve como foco ampliar o acesso a servi\u00e7os b\u00e1sicos, promover cidadania e dar visibilidade \u00e0s necessidades da popula\u00e7\u00e3o em situa\u00e7\u00e3o de rua. Segundo os organizadores, al\u00e9m de atendimentos imediatos, a proposta busca fortalecer pol\u00edticas p\u00fablicas que possibilitem a inclus\u00e3o social e a sa\u00edda gradual das ruas, por meio do acompanhamento t\u00e9cnico oferecido pelo Centro Pop.<\/p>\n\n\n\n<h3 class=\"wp-block-heading\">Atendimentos e atividades<\/h3>\n\n\n\n<p>A programa\u00e7\u00e3o come\u00e7ou \u00e0s 7h, com testagem de tuberculose realizada pela Vigil\u00e2ncia Epidemiol\u00f3gica. Durante a manh\u00e3, os participantes tiveram acesso a vacina\u00e7\u00e3o de animais, orienta\u00e7\u00e3o jur\u00eddica da OAB, oficinas recreativas, bingo e testagens r\u00e1pidas para HIV e s\u00edfilis.<\/p>\n\n\n\n<p>\u00c0 tarde, o destaque foi o encerramento da <strong>Campanha de Arrecada\u00e7\u00e3o de Roupas<\/strong>, com entrega simb\u00f3lica feita pela OAB. Tamb\u00e9m foram oferecidos servi\u00e7os de barbearia, sorteio de tratamentos de beleza, atividades de autocuidado e a Oficina L\u00fadica do Setembro Amarelo, conduzida pelo CAPS AD.<\/p>\n\n\n\n<p>No total, <strong>62 pessoas participaram<\/strong> do mutir\u00e3o, n\u00famero considerado acima das expectativas pelas equipes envolvidas.<\/p>\n\n\n\n<h3 class=\"wp-block-heading\">Avalia\u00e7\u00e3o e pr\u00f3ximos passos<\/h3>\n\n\n\n<p>De acordo com a SMADS, a a\u00e7\u00e3o ser\u00e1 avaliada em reuni\u00e3o da Rede Rua para medir os resultados e discutir a realiza\u00e7\u00e3o de novas edi\u00e7\u00f5es. O secret\u00e1rio municipal de Assist\u00eancia e Desenvolvimento Social, <strong>Ronaldo Cachoni Zanchetta<\/strong>, ressaltou a import\u00e2ncia da iniciativa:<\/p>\n\n\n\n<blockquote class=\"wp-block-quote is-layout-flow wp-block-quote-is-layout-flow\">\n<p>\u201cO mutir\u00e3o representa n\u00e3o apenas um dia de atendimentos, mas tamb\u00e9m um passo importante para a inclus\u00e3o social e o respeito \u00e0 dignidade humana\u201d, destacou.<\/p>\n<\/blockquote>\n\n\n\n<h3 class=\"wp-block-heading\">Sobre o Centro Pop<\/h3>\n\n\n\n<p>O <strong>Centro Pop de Ourinhos<\/strong> \u00e9 o servi\u00e7o especializado no atendimento \u00e0 popula\u00e7\u00e3o em situa\u00e7\u00e3o de rua. Atualmente, registra cerca de 165 pessoas cadastradas por m\u00eas e atende em m\u00e9dia 43 usu\u00e1rios diariamente. No local, s\u00e3o oferecidos alimenta\u00e7\u00e3o, banho, lavanderia, arm\u00e1rios para pertences, apoio para emiss\u00e3o de documentos, acesso a benef\u00edcios e acompanhamento t\u00e9cnico.<\/p>\n\n\n\n<p>O servi\u00e7o funciona de segunda a sexta-feira, das 7h \u00e0s 17h, na Rua Belo Horizonte, 465 \u2013 Vila Recreio.<\/p>\n\n\n\n<figure class=\"wp-block-gallery has-nested-images columns-4 is-cropped wp-block-gallery-1 is-layout-flex wp-block-gallery-is-layout-flex\">\n<figure class=\"wp-block-image size-large\"><a href=\"https:\/\/noticiasregionais.com.br\/wp-content\/uploads\/2025\/09\/WhatsApp-Image-2025-09-24-at-15.09.522.jpeg\"><img decoding=\"async\" width=\"1024\" height=\"819\" data-id=\"10047\" src=\"https:\/\/noticiasregionais.com.br\/wp-content\/uploads\/2025\/09\/WhatsApp-Image-2025-09-24-at-15.09.522-1024x819.jpeg\" alt=\"\" class=\"wp-image-10047\" srcset=\"https:\/\/noticiasregionais.com.br\/wp-content\/uploads\/2025\/09\/WhatsApp-Image-2025-09-24-at-15.09.522-1024x819.jpeg 1024w, https:\/\/noticiasregionais.com.br\/wp-content\/uploads\/2025\/09\/WhatsApp-Image-2025-09-24-at-15.09.522-300x240.jpeg 300w, https:\/\/noticiasregionais.com.br\/wp-content\/uploads\/2025\/09\/WhatsApp-Image-2025-09-24-at-15.09.522-768x614.jpeg 768w, https:\/\/noticiasregionais.com.br\/wp-content\/uploads\/2025\/09\/WhatsApp-Image-2025-09-24-at-15.09.522-1536x1228.jpeg 1536w, https:\/\/noticiasregionais.com.br\/wp-content\/uploads\/2025\/09\/WhatsApp-Image-2025-09-24-at-15.09.522.jpeg 1600w\" sizes=\"(max-width: 1024px) 100vw, 1024px\" \/><\/a><\/figure>\n\n\n\n<figure class=\"wp-block-image size-large\"><a href=\"https:\/\/noticiasregionais.com.br\/wp-content\/uploads\/2025\/09\/WhatsApp-Image-2025-09-24-at-15.09.521.jpeg\"><img decoding=\"async\" width=\"1024\" height=\"819\" data-id=\"10042\" src=\"https:\/\/noticiasregionais.com.br\/wp-content\/uploads\/2025\/09\/WhatsApp-Image-2025-09-24-at-15.09.521-1024x819.jpeg\" alt=\"\" class=\"wp-image-10042\" srcset=\"https:\/\/noticiasregionais.com.br\/wp-content\/uploads\/2025\/09\/WhatsApp-Image-2025-09-24-at-15.09.521-1024x819.jpeg 1024w, https:\/\/noticiasregionais.com.br\/wp-content\/uploads\/2025\/09\/WhatsApp-Image-2025-09-24-at-15.09.521-300x240.jpeg 300w, https:\/\/noticiasregionais.com.br\/wp-content\/uploads\/2025\/09\/WhatsApp-Image-2025-09-24-at-15.09.521-768x614.jpeg 768w, https:\/\/noticiasregionais.com.br\/wp-content\/uploads\/2025\/09\/WhatsApp-Image-2025-09-24-at-15.09.521-1536x1228.jpeg 1536w, https:\/\/noticiasregionais.com.br\/wp-content\/uploads\/2025\/09\/WhatsApp-Image-2025-09-24-at-15.09.521.jpeg 1600w\" sizes=\"(max-width: 1024px) 100vw, 1024px\" \/><\/a><\/figure>\n\n\n\n<figure class=\"wp-block-image size-large\"><a href=\"https:\/\/noticiasregionais.com.br\/wp-content\/uploads\/2025\/09\/WhatsApp-Image-2025-09-24-at-15.09.52.jpeg\"><img decoding=\"async\" width=\"1024\" height=\"819\" data-id=\"10049\" src=\"https:\/\/noticiasregionais.com.br\/wp-content\/uploads\/2025\/09\/WhatsApp-Image-2025-09-24-at-15.09.52-1024x819.jpeg\" alt=\"\" class=\"wp-image-10049\" srcset=\"https:\/\/noticiasregionais.com.br\/wp-content\/uploads\/2025\/09\/WhatsApp-Image-2025-09-24-at-15.09.52-1024x819.jpeg 1024w, https:\/\/noticiasregionais.com.br\/wp-content\/uploads\/2025\/09\/WhatsApp-Image-2025-09-24-at-15.09.52-300x240.jpeg 300w, https:\/\/noticiasregionais.com.br\/wp-content\/uploads\/2025\/09\/WhatsApp-Image-2025-09-24-at-15.09.52-768x614.jpeg 768w, https:\/\/noticiasregionais.com.br\/wp-content\/uploads\/2025\/09\/WhatsApp-Image-2025-09-24-at-15.09.52-1536x1228.jpeg 1536w, https:\/\/noticiasregionais.com.br\/wp-content\/uploads\/2025\/09\/WhatsApp-Image-2025-09-24-at-15.09.52.jpeg 1600w\" sizes=\"(max-width: 1024px) 100vw, 1024px\" \/><\/a><\/figure>\n\n\n\n<figure class=\"wp-block-image size-large\"><a href=\"https:\/\/noticiasregionais.com.br\/wp-content\/uploads\/2025\/09\/WhatsApp-Image-2025-09-24-at-15.09.512.jpeg\"><img decoding=\"async\" width=\"1024\" height=\"819\" data-id=\"10045\" src=\"https:\/\/noticiasregionais.com.br\/wp-content\/uploads\/2025\/09\/WhatsApp-Image-2025-09-24-at-15.09.512-1024x819.jpeg\" alt=\"\" class=\"wp-image-10045\" srcset=\"https:\/\/noticiasregionais.com.br\/wp-content\/uploads\/2025\/09\/WhatsApp-Image-2025-09-24-at-15.09.512-1024x819.jpeg 1024w, https:\/\/noticiasregionais.com.br\/wp-content\/uploads\/2025\/09\/WhatsApp-Image-2025-09-24-at-15.09.512-300x240.jpeg 300w, https:\/\/noticiasregionais.com.br\/wp-content\/uploads\/2025\/09\/WhatsApp-Image-2025-09-24-at-15.09.512-768x614.jpeg 768w, https:\/\/noticiasregionais.com.br\/wp-content\/uploads\/2025\/09\/WhatsApp-Image-2025-09-24-at-15.09.512-1536x1228.jpeg 1536w, https:\/\/noticiasregionais.com.br\/wp-content\/uploads\/2025\/09\/WhatsApp-Image-2025-09-24-at-15.09.512.jpeg 1600w\" sizes=\"(max-width: 1024px) 100vw, 1024px\" \/><\/a><\/figure>\n\n\n\n<figure class=\"wp-block-image size-large\"><a href=\"https:\/\/noticiasregionais.com.br\/wp-content\/uploads\/2025\/09\/WhatsApp-Image-2025-09-24-at-15.09.511.jpeg\"><img decoding=\"async\" width=\"1024\" height=\"819\" data-id=\"10041\" src=\"https:\/\/noticiasregionais.com.br\/wp-content\/uploads\/2025\/09\/WhatsApp-Image-2025-09-24-at-15.09.511-1024x819.jpeg\" alt=\"\" class=\"wp-image-10041\" srcset=\"https:\/\/noticiasregionais.com.br\/wp-content\/uploads\/2025\/09\/WhatsApp-Image-2025-09-24-at-15.09.511-1024x819.jpeg 1024w, https:\/\/noticiasregionais.com.br\/wp-content\/uploads\/2025\/09\/WhatsApp-Image-2025-09-24-at-15.09.511-300x240.jpeg 300w, https:\/\/noticiasregionais.com.br\/wp-content\/uploads\/2025\/09\/WhatsApp-Image-2025-09-24-at-15.09.511-768x614.jpeg 768w, https:\/\/noticiasregionais.com.br\/wp-content\/uploads\/2025\/09\/WhatsApp-Image-2025-09-24-at-15.09.511-1536x1228.jpeg 1536w, https:\/\/noticiasregionais.com.br\/wp-content\/uploads\/2025\/09\/WhatsApp-Image-2025-09-24-at-15.09.511.jpeg 1600w\" sizes=\"(max-width: 1024px) 100vw, 1024px\" \/><\/a><\/figure>\n\n\n\n<figure class=\"wp-block-image size-large\"><a href=\"https:\/\/noticiasregionais.com.br\/wp-content\/uploads\/2025\/09\/WhatsApp-Image-2025-09-24-at-15.09.51.jpeg\"><img decoding=\"async\" width=\"1024\" height=\"819\" data-id=\"10046\" src=\"https:\/\/noticiasregionais.com.br\/wp-content\/uploads\/2025\/09\/WhatsApp-Image-2025-09-24-at-15.09.51-1024x819.jpeg\" alt=\"\" class=\"wp-image-10046\" srcset=\"https:\/\/noticiasregionais.com.br\/wp-content\/uploads\/2025\/09\/WhatsApp-Image-2025-09-24-at-15.09.51-1024x819.jpeg 1024w, https:\/\/noticiasregionais.com.br\/wp-content\/uploads\/2025\/09\/WhatsApp-Image-2025-09-24-at-15.09.51-300x240.jpeg 300w, https:\/\/noticiasregionais.com.br\/wp-content\/uploads\/2025\/09\/WhatsApp-Image-2025-09-24-at-15.09.51-768x614.jpeg 768w, https:\/\/noticiasregionais.com.br\/wp-content\/uploads\/2025\/09\/WhatsApp-Image-2025-09-24-at-15.09.51-1536x1228.jpeg 1536w, https:\/\/noticiasregionais.com.br\/wp-content\/uploads\/2025\/09\/WhatsApp-Image-2025-09-24-at-15.09.51.jpeg 1600w\" sizes=\"(max-width: 1024px) 100vw, 1024px\" \/><\/a><\/figure>\n\n\n\n<figure class=\"wp-block-image size-large\"><a href=\"https:\/\/noticiasregionais.com.br\/wp-content\/uploads\/2025\/09\/WhatsApp-Image-2025-09-24-at-15.09.502.jpeg\"><img decoding=\"async\" width=\"1024\" height=\"819\" data-id=\"10044\" src=\"https:\/\/noticiasregionais.com.br\/wp-content\/uploads\/2025\/09\/WhatsApp-Image-2025-09-24-at-15.09.502-1024x819.jpeg\" alt=\"\" class=\"wp-image-10044\" srcset=\"https:\/\/noticiasregionais.com.br\/wp-content\/uploads\/2025\/09\/WhatsApp-Image-2025-09-24-at-15.09.502-1024x819.jpeg 1024w, https:\/\/noticiasregionais.com.br\/wp-content\/uploads\/2025\/09\/WhatsApp-Image-2025-09-24-at-15.09.502-300x240.jpeg 300w, https:\/\/noticiasregionais.com.br\/wp-content\/uploads\/2025\/09\/WhatsApp-Image-2025-09-24-at-15.09.502-768x614.jpeg 768w, https:\/\/noticiasregionais.com.br\/wp-content\/uploads\/2025\/09\/WhatsApp-Image-2025-09-24-at-15.09.502-1536x1228.jpeg 1536w, https:\/\/noticiasregionais.com.br\/wp-content\/uploads\/2025\/09\/WhatsApp-Image-2025-09-24-at-15.09.502.jpeg 1600w\" sizes=\"(max-width: 1024px) 100vw, 1024px\" \/><\/a><\/figure>\n\n\n\n<figure class=\"wp-block-image size-large\"><a href=\"https:\/\/noticiasregionais.com.br\/wp-content\/uploads\/2025\/09\/WhatsApp-Image-2025-09-24-at-15.09.501.jpeg\"><img decoding=\"async\" width=\"1024\" height=\"819\" data-id=\"10050\" src=\"https:\/\/noticiasregionais.com.br\/wp-content\/uploads\/2025\/09\/WhatsApp-Image-2025-09-24-at-15.09.501-1024x819.jpeg\" alt=\"\" class=\"wp-image-10050\" srcset=\"https:\/\/noticiasregionais.com.br\/wp-content\/uploads\/2025\/09\/WhatsApp-Image-2025-09-24-at-15.09.501-1024x819.jpeg 1024w, https:\/\/noticiasregionais.com.br\/wp-content\/uploads\/2025\/09\/WhatsApp-Image-2025-09-24-at-15.09.501-300x240.jpeg 300w, https:\/\/noticiasregionais.com.br\/wp-content\/uploads\/2025\/09\/WhatsApp-Image-2025-09-24-at-15.09.501-768x614.jpeg 768w, https:\/\/noticiasregionais.com.br\/wp-content\/uploads\/2025\/09\/WhatsApp-Image-2025-09-24-at-15.09.501-1536x1228.jpeg 1536w, https:\/\/noticiasregionais.com.br\/wp-content\/uploads\/2025\/09\/WhatsApp-Image-2025-09-24-at-15.09.501.jpeg 1600w\" sizes=\"(max-width: 1024px) 100vw, 1024px\" \/><\/a><\/figure>\n\n\n\n<figure class=\"wp-block-image size-large\"><a href=\"https:\/\/noticiasregionais.com.br\/wp-content\/uploads\/2025\/09\/WhatsApp-Image-2025-09-24-at-15.09.50.jpeg\"><img decoding=\"async\" width=\"1024\" height=\"819\" data-id=\"10051\" src=\"https:\/\/noticiasregionais.com.br\/wp-content\/uploads\/2025\/09\/WhatsApp-Image-2025-09-24-at-15.09.50-1024x819.jpeg\" alt=\"\" class=\"wp-image-10051\" srcset=\"https:\/\/noticiasregionais.com.br\/wp-content\/uploads\/2025\/09\/WhatsApp-Image-2025-09-24-at-15.09.50-1024x819.jpeg 1024w, https:\/\/noticiasregionais.com.br\/wp-content\/uploads\/2025\/09\/WhatsApp-Image-2025-09-24-at-15.09.50-300x240.jpeg 300w, https:\/\/noticiasregionais.com.br\/wp-content\/uploads\/2025\/09\/WhatsApp-Image-2025-09-24-at-15.09.50-768x614.jpeg 768w, https:\/\/noticiasregionais.com.br\/wp-content\/uploads\/2025\/09\/WhatsApp-Image-2025-09-24-at-15.09.50-1536x1228.jpeg 1536w, https:\/\/noticiasregionais.com.br\/wp-content\/uploads\/2025\/09\/WhatsApp-Image-2025-09-24-at-15.09.50.jpeg 1600w\" sizes=\"(max-width: 1024px) 100vw, 1024px\" \/><\/a><\/figure>\n\n\n\n<figure class=\"wp-block-image size-large\"><a href=\"https:\/\/noticiasregionais.com.br\/wp-content\/uploads\/2025\/09\/WhatsApp-Image-2025-09-24-at-15.09.491.jpeg\"><img decoding=\"async\" width=\"1024\" height=\"819\" data-id=\"10048\" src=\"https:\/\/noticiasregionais.com.br\/wp-content\/uploads\/2025\/09\/WhatsApp-Image-2025-09-24-at-15.09.491-1024x819.jpeg\" alt=\"\" class=\"wp-image-10048\" srcset=\"https:\/\/noticiasregionais.com.br\/wp-content\/uploads\/2025\/09\/WhatsApp-Image-2025-09-24-at-15.09.491-1024x819.jpeg 1024w, https:\/\/noticiasregionais.com.br\/wp-content\/uploads\/2025\/09\/WhatsApp-Image-2025-09-24-at-15.09.491-300x240.jpeg 300w, https:\/\/noticiasregionais.com.br\/wp-content\/uploads\/2025\/09\/WhatsApp-Image-2025-09-24-at-15.09.491-768x614.jpeg 768w, https:\/\/noticiasregionais.com.br\/wp-content\/uploads\/2025\/09\/WhatsApp-Image-2025-09-24-at-15.09.491-1536x1228.jpeg 1536w, https:\/\/noticiasregionais.com.br\/wp-content\/uploads\/2025\/09\/WhatsApp-Image-2025-09-24-at-15.09.491.jpeg 1600w\" sizes=\"(max-width: 1024px) 100vw, 1024px\" \/><\/a><\/figure>\n\n\n\n<figure class=\"wp-block-image size-large\"><a href=\"https:\/\/noticiasregionais.com.br\/wp-content\/uploads\/2025\/09\/WhatsApp-Image-2025-09-24-at-15.09.49.jpeg\"><img decoding=\"async\" width=\"1024\" height=\"819\" data-id=\"10040\" src=\"https:\/\/noticiasregionais.com.br\/wp-content\/uploads\/2025\/09\/WhatsApp-Image-2025-09-24-at-15.09.49-1024x819.jpeg\" alt=\"\" class=\"wp-image-10040\" srcset=\"https:\/\/noticiasregionais.com.br\/wp-content\/uploads\/2025\/09\/WhatsApp-Image-2025-09-24-at-15.09.49-1024x819.jpeg 1024w, https:\/\/noticiasregionais.com.br\/wp-content\/uploads\/2025\/09\/WhatsApp-Image-2025-09-24-at-15.09.49-300x240.jpeg 300w, https:\/\/noticiasregionais.com.br\/wp-content\/uploads\/2025\/09\/WhatsApp-Image-2025-09-24-at-15.09.49-768x614.jpeg 768w, https:\/\/noticiasregionais.com.br\/wp-content\/uploads\/2025\/09\/WhatsApp-Image-2025-09-24-at-15.09.49-1536x1228.jpeg 1536w, https:\/\/noticiasregionais.com.br\/wp-content\/uploads\/2025\/09\/WhatsApp-Image-2025-09-24-at-15.09.49.jpeg 1600w\" sizes=\"(max-width: 1024px) 100vw, 1024px\" \/><\/a><\/figure>\n<\/figure>\n<input type=\"hidden\" id=\"baseurl\" value=\"https:\/\/noticiasregionais.com.br\"><input type=\"hidden\" id=\"audio_nonce\" value=\"533fbb67b1\">","protected":false},"excerpt":{"rendered":"<p>A\u00e7\u00e3o reuniu mais de 60 participantes, levou servi\u00e7os de sa\u00fade, cidadania e autocuidado e fortaleceu a atua\u00e7\u00e3o do Centro Pop&hellip;<\/p>\n","protected":false},"author":1,"featured_media":10043,"comment_status":"closed","ping_status":"open","sticky":false,"template":"","format":"standard","meta":{"sfsi_plus_gutenberg_text_before_share":"","sfsi_plus_gutenberg_show_text_before_share":"","sfsi_plus_gutenberg_icon_type":"","sfsi_plus_gutenberg_icon_alignemt":"","sfsi_plus_gutenburg_max_per_row":"","footnotes":""},"categories":[10,1,5],"tags":[16],"class_list":["post-10039","post","type-post","status-publish","format-standard","has-post-thumbnail","hentry","category-destaques","category-noticias","category-ourinhos","tag-ourinhos"],"_links":{"self":[{"href":"https:\/\/noticiasregionais.com.br\/index.php?rest_route=\/wp\/v2\/posts\/10039","targetHints":{"allow":["GET"]}}],"collection":[{"href":"https:\/\/noticiasregionais.com.br\/index.php?rest_route=\/wp\/v2\/posts"}],"about":[{"href":"https:\/\/noticiasregionais.com.br\/index.php?rest_route=\/wp\/v2\/types\/post"}],"author":[{"embeddable":true,"href":"https:\/\/noticiasregionais.com.br\/index.php?rest_route=\/wp\/v2\/users\/1"}],"replies":[{"embeddable":true,"href":"https:\/\/noticiasregionais.com.br\/index.php?rest_route=%2Fwp%2Fv2%2Fcomments&post=10039"}],"version-history":[{"count":1,"href":"https:\/\/noticiasregionais.com.br\/index.php?rest_route=\/wp\/v2\/posts\/10039\/revisions"}],"predecessor-version":[{"id":10052,"href":"https:\/\/noticiasregionais.com.br\/index.php?rest_route=\/wp\/v2\/posts\/10039\/revisions\/10052"}],"wp:featuredmedia":[{"embeddable":true,"href":"https:\/\/noticiasregionais.com.br\/index.php?rest_route=\/wp\/v2\/media\/10043"}],"wp:attachment":[{"href":"https:\/\/noticiasregionais.com.br\/index.php?rest_route=%2Fwp%2Fv2%2Fmedia&parent=10039"}],"wp:term":[{"taxonomy":"category","embeddable":true,"href":"https:\/\/noticiasregionais.com.br\/index.php?rest_route=%2Fwp%2Fv2%2Fcategories&post=10039"},{"taxonomy":"post_tag","embeddable":true,"href":"https:\/\/noticiasregionais.com.br\/index.php?rest_route=%2Fwp%2Fv2%2Ftags&post=10039"}],"curies":[{"name":"wp","href":"https:\/\/api.w.org\/{rel}","templated":true}]}}