{"id":10053,"date":"2025-09-24T15:30:00","date_gmt":"2025-09-24T18:30:00","guid":{"rendered":"https:\/\/noticiasregionais.com.br\/?p=10053"},"modified":"2025-09-24T15:30:00","modified_gmt":"2025-09-24T18:30:00","slug":"banco-da-amazonia-reforca-compromisso-com-sustentabilidade-na-semana-do-clima-em-nova-york","status":"publish","type":"post","link":"https:\/\/noticiasregionais.com.br\/?p=10053","title":{"rendered":"Banco da Amaz\u00f4nia refor\u00e7a compromisso com sustentabilidade na Semana do Clima, em Nova York"},"content":{"rendered":"<p>\t\t\t\t\t\t\t\t\t\t<audio controls class=\"b61_audio_player\" data-noticia=\"84796\" src=\"https:\/\/brasil61.com\/rails\/active_storage\/blobs\/eyJfcmFpbHMiOnsibWVzc2FnZSI6IkJBaHBBL0NlQXc9PSIsImV4cCI6bnVsbCwicHVyIjoiYmxvYl9pZCJ9fQ==--9a875d069b0e585cd8876abe37ca0878666257c7\/BASA250095A\"><\/audio><\/p>\n<p>O <strong><a href=\"https:\/\/www.bancoamazonia.com.br\/\" target=\"_blank\" rel=\"noopener\">Banco da Amaz\u00f4nia<\/a><\/strong> refor\u00e7ou o compromisso com a sustentabilidade na <strong><a href=\"https:\/\/www.climateweeknyc.org\/\" target=\"_blank\" rel=\"noopener\">Semana do Clima 2025<\/a><\/strong>, em <strong>Nova Iorque<\/strong>. As atividades foram iniciadas com a participa\u00e7\u00e3o do banco no <strong>F\u00f3rum Brasil-EUA de Energia e Tecnologia 2025<\/strong>, realizado no \u00faltimo dia 22. Foram debatidos temas como energia limpa, minerais cr\u00edticos e inova\u00e7\u00e3o tecnol\u00f3gica.<\/p>\n<p>Apoiado pelo Banco e promovido pelo jornal <strong><a href=\"https:\/\/valor.globo.com\/\" target=\"_blank\" rel=\"noopener\">Valor Econ\u00f4mico<\/a><\/strong> e pela <strong><a href=\"https:\/\/www.amcham.com.br\/\" target=\"_blank\" rel=\"noopener\">C\u00e2mara Americana de Com\u00e9rcio para o Brasil (Amcham Brasil)<\/a><\/strong>, o f\u00f3rum reuniu l\u00edderes empresariais, autoridades e especialistas globais para discutir parcerias estrat\u00e9gicas, impulsionar a inova\u00e7\u00e3o e encontrar solu\u00e7\u00f5es para os desafios energ\u00e9ticos do s\u00e9culo XXI.<\/p>\n<p>O presidente da institui\u00e7\u00e3o, Luiz Lessa, participou da sess\u00e3o de encerramento \u201c<strong>Compromissos Clim\u00e1ticos e a Efic\u00e1cia da COP 30 no Brasil<\/strong>\u201d. Na ocasi\u00e3o, Lessa destacou a atua\u00e7\u00e3o do banco como uma economia que regenera, voltada a proteger e valorizar os recursos da Amaz\u00f4nia.<\/p>\n<h2>Banco da Amaz\u00f4nia: economia e sustentabilidade<\/h2>\n<p>O Banco da Amaz\u00f4nia tem sua atua\u00e7\u00e3o destinada a conectar economia e floresta, e busca aliar tecnologia e conhecimento ancestral, bem como impacto e inclus\u00e3o social. A institui\u00e7\u00e3o tem um modelo de desenvolvimento que une inova\u00e7\u00e3o, sustentabilidade e justi\u00e7a social.\u00a0<\/p>\n<p>Confira conceitos que guiam a estrat\u00e9gia ESG integrada do Banco:<\/p>\n<ul>\n<li>Amaz\u00f4nia Viva \u2013 Dedicado a fortalecer neg\u00f3cios em sociobio economia, restaura\u00e7\u00e3o florestal, cr\u00e9dito de carbono, energia limpa e produ\u00e7\u00e3o respons\u00e1vel;<\/li>\n<li>Amaz\u00f4nia Inteligente \u2013 Alia saberes locais com novas tecnologias para enfrentar os desafios da regi\u00e3o;<\/li>\n<li>Amaz\u00f4nia Justa \u2013 Apoio a microempreendedores, popula\u00e7\u00f5es ribeirinhas, ind\u00edgenas, quilombolas e agricultores familiares com cr\u00e9dito acess\u00edvel, educa\u00e7\u00e3o financeira e solu\u00e7\u00f5es adaptadas \u00e0s realidades locais.<\/li>\n<\/ul>\n<p>Com essa estrat\u00e9gia <strong>ESG <\/strong>integrada, o Banco reafirma o seu comprometimento com a sustentabilidade, al\u00e9m de se dedicar a estrat\u00e9gias de neg\u00f3cios com enfoque nas metas globais de clima e \u00e0s diretrizes da COP 30, que ser\u00e1 realizada em Bel\u00e9m (PA).<\/p>\n<p>Inclusive, com vistas a apoiar os neg\u00f3cios da capital paraense, o Banco da Amaz\u00f4nia tem apoiado empres\u00e1rios com a linha de cr\u00e9dito <strong>Fungetur<\/strong>.<\/p>\n<p>O fundo \u00e9 vinculado ao <strong><a href=\"https:\/\/www.gov.br\/turismo\/pt-br\" target=\"_blank\" rel=\"noopener\">Minist\u00e9rio do Turismo (MTur)<\/a><\/strong>\u00a0e destinado a financiar empresas do setor de turismo.A linha possui or\u00e7amento espec\u00edfico, com disposi\u00e7\u00e3o de patrim\u00f4nio pr\u00f3prio e autonomia financeira e or\u00e7ament\u00e1ria.\u00a0<\/p>\n<p>Por meio do <strong>Fungetur<\/strong>, os empres\u00e1rios t\u00eam a oportunidade de melhorar o estabelecimento para recepcionar os participantes da Confer\u00eancia.<\/p>\n<p>\t\t\t\t\t\t\t\t\t<img decoding=\"async\" src=\"https:\/\/brasil61.com\/api\/v1\/serve_pixel\/22254\/84796\" alt=\"Pixel Brasil 61\" class=\"b61_pixel\" width=\"0\" height=\"0\"><\/p>\n<div class=\"br61_backlink\">\n<p>\n\t\t\t\tFonte: <a href=\"https:\/\/brasil61.com\/banco-da-amazonia-reforca-compromisso-com-sustentabilidade-na-semana-do-clima-em-nova-york-basa250095\" title=\"Artigo Original: Banco da Amaz\u00f4nia refor\u00e7a compromisso com sustentabilidade na Semana do Clima, em Nova York\" target=\"_blank\" rel=\"noopener\">Brasil 61<\/a>\n\t\t\t<\/p>\n<\/p><\/div>\n<input type=\"hidden\" id=\"baseurl\" value=\"https:\/\/noticiasregionais.com.br\"><input type=\"hidden\" id=\"audio_nonce\" value=\"533fbb67b1\">","protected":false},"excerpt":{"rendered":"<p>Em painel, presidente da institui\u00e7\u00e3o destacou atua\u00e7\u00e3o na prote\u00e7\u00e3o e valoriza\u00e7\u00e3o da Amaz\u00f4nia <\/p>\n","protected":false},"author":1,"featured_media":10054,"comment_status":"","ping_status":"open","sticky":false,"template":"","format":"standard","meta":{"sfsi_plus_gutenberg_text_before_share":"","sfsi_plus_gutenberg_show_text_before_share":"","sfsi_plus_gutenberg_icon_type":"","sfsi_plus_gutenberg_icon_alignemt":"","sfsi_plus_gutenburg_max_per_row":"","footnotes":""},"categories":[8],"tags":[],"class_list":["post-10053","post","type-post","status-publish","format-standard","has-post-thumbnail","hentry","category-brasil"],"_links":{"self":[{"href":"https:\/\/noticiasregionais.com.br\/index.php?rest_route=\/wp\/v2\/posts\/10053","targetHints":{"allow":["GET"]}}],"collection":[{"href":"https:\/\/noticiasregionais.com.br\/index.php?rest_route=\/wp\/v2\/posts"}],"about":[{"href":"https:\/\/noticiasregionais.com.br\/index.php?rest_route=\/wp\/v2\/types\/post"}],"author":[{"embeddable":true,"href":"https:\/\/noticiasregionais.com.br\/index.php?rest_route=\/wp\/v2\/users\/1"}],"replies":[{"embeddable":true,"href":"https:\/\/noticiasregionais.com.br\/index.php?rest_route=%2Fwp%2Fv2%2Fcomments&post=10053"}],"version-history":[{"count":0,"href":"https:\/\/noticiasregionais.com.br\/index.php?rest_route=\/wp\/v2\/posts\/10053\/revisions"}],"wp:featuredmedia":[{"embeddable":true,"href":"https:\/\/noticiasregionais.com.br\/index.php?rest_route=\/wp\/v2\/media\/10054"}],"wp:attachment":[{"href":"https:\/\/noticiasregionais.com.br\/index.php?rest_route=%2Fwp%2Fv2%2Fmedia&parent=10053"}],"wp:term":[{"taxonomy":"category","embeddable":true,"href":"https:\/\/noticiasregionais.com.br\/index.php?rest_route=%2Fwp%2Fv2%2Fcategories&post=10053"},{"taxonomy":"post_tag","embeddable":true,"href":"https:\/\/noticiasregionais.com.br\/index.php?rest_route=%2Fwp%2Fv2%2Ftags&post=10053"}],"curies":[{"name":"wp","href":"https:\/\/api.w.org\/{rel}","templated":true}]}}