{"id":10055,"date":"2025-09-24T16:51:38","date_gmt":"2025-09-24T19:51:38","guid":{"rendered":"https:\/\/noticiasregionais.com.br\/?p=10055"},"modified":"2025-09-25T08:14:49","modified_gmt":"2025-09-25T11:14:49","slug":"policiamento-rodoviario-prende-traficantes-com-drogas-na-raposo-tavares-em-salto-grande","status":"publish","type":"post","link":"https:\/\/noticiasregionais.com.br\/?p=10055","title":{"rendered":"Policiamento Rodovi\u00e1rio apreende mais de 570 kg de drogas e prende dois homens em Salto Grande"},"content":{"rendered":"\n<h3 class=\"wp-block-heading has-text-align-center\">A\u00e7\u00e3o conjunta da Pol\u00edcia Militar e FICCO\/SP apreendeu ve\u00edculos e grande quantidade de entorpecentes; suspeitos foram presos em flagrante<\/h3>\n\n\n\n<p>Na tarde de quarta-feira (24), policiais militares do Policiamento Rodovi\u00e1rio, em opera\u00e7\u00e3o conjunta com a FICCO\/SP, prenderam dois homens por tr\u00e1fico de drogas na Rodovia Raposo Tavares (SP-270), em Salto Grande. A a\u00e7\u00e3o fez parte da <strong>Opera\u00e7\u00e3o Impacto<\/strong>.<\/p>\n\n\n\n<p>Por volta das 13h25, as equipes deram ordem de parada a um ve\u00edculo GM\/Onix no km 396 da rodovia. O motorista, de 33 anos, n\u00e3o obedeceu e tentou fugir, mas acabou abordado ap\u00f3s breve acompanhamento. Durante a vistoria, os policiais localizaram diversos tabletes de maconha, al\u00e9m de por\u00e7\u00f5es de haxixe e skunk.<\/p>\n\n\n\n<p>Na sequ\u00eancia, os agentes identificaram um segundo ve\u00edculo, um Renault\/Logan, estacionado em um restaurante \u00e0s margens da Raposo Tavares, em Ibirarema (km 405). O condutor, de 32 anos, tamb\u00e9m foi abordado, e no carro foram encontrados mais tabletes das mesmas drogas.<\/p>\n\n\n\n<p>Ao todo, foram apreendidos <strong>527,7 kg de maconha, 34,6 kg de skunk e 10,4 kg de haxixe<\/strong>, totalizando <strong>570,7 kg de entorpecentes<\/strong>.<\/p>\n\n\n\n<p>Os dois suspeitos receberam voz de pris\u00e3o em flagrante e foram encaminhados \u00e0 <strong>Pol\u00edcia Federal de Mar\u00edlia<\/strong>, juntamente com os ve\u00edculos e todo o material apreendido. Ambos permaneceram presos \u00e0 disposi\u00e7\u00e3o da Justi\u00e7a. A pol\u00edcia ressaltou que os detidos n\u00e3o informaram a origem nem o destino da droga.<\/p>\n\n\n\n<p>A Pol\u00edcia Militar destacou que a a\u00e7\u00e3o refor\u00e7a o compromisso da corpora\u00e7\u00e3o com o combate ao tr\u00e1fico de drogas e a preserva\u00e7\u00e3o da seguran\u00e7a nas rodovias paulistas.<\/p>\n<input type=\"hidden\" id=\"baseurl\" value=\"https:\/\/noticiasregionais.com.br\"><input type=\"hidden\" id=\"audio_nonce\" value=\"533fbb67b1\">","protected":false},"excerpt":{"rendered":"<p>A\u00e7\u00e3o conjunta da Pol\u00edcia Militar e FICCO\/SP apreendeu ve\u00edculos e grande quantidade de entorpecentes; suspeitos foram presos em flagrante Na&hellip;<\/p>\n","protected":false},"author":1,"featured_media":10056,"comment_status":"closed","ping_status":"open","sticky":false,"template":"","format":"standard","meta":{"sfsi_plus_gutenberg_text_before_share":"","sfsi_plus_gutenberg_show_text_before_share":"","sfsi_plus_gutenberg_icon_type":"","sfsi_plus_gutenberg_icon_alignemt":"","sfsi_plus_gutenburg_max_per_row":"","footnotes":""},"categories":[10,1,6],"tags":[15],"class_list":["post-10055","post","type-post","status-publish","format-standard","has-post-thumbnail","hentry","category-destaques","category-noticias","category-sao_paulo","tag-salto_grande"],"_links":{"self":[{"href":"https:\/\/noticiasregionais.com.br\/index.php?rest_route=\/wp\/v2\/posts\/10055","targetHints":{"allow":["GET"]}}],"collection":[{"href":"https:\/\/noticiasregionais.com.br\/index.php?rest_route=\/wp\/v2\/posts"}],"about":[{"href":"https:\/\/noticiasregionais.com.br\/index.php?rest_route=\/wp\/v2\/types\/post"}],"author":[{"embeddable":true,"href":"https:\/\/noticiasregionais.com.br\/index.php?rest_route=\/wp\/v2\/users\/1"}],"replies":[{"embeddable":true,"href":"https:\/\/noticiasregionais.com.br\/index.php?rest_route=%2Fwp%2Fv2%2Fcomments&post=10055"}],"version-history":[{"count":2,"href":"https:\/\/noticiasregionais.com.br\/index.php?rest_route=\/wp\/v2\/posts\/10055\/revisions"}],"predecessor-version":[{"id":10073,"href":"https:\/\/noticiasregionais.com.br\/index.php?rest_route=\/wp\/v2\/posts\/10055\/revisions\/10073"}],"wp:featuredmedia":[{"embeddable":true,"href":"https:\/\/noticiasregionais.com.br\/index.php?rest_route=\/wp\/v2\/media\/10056"}],"wp:attachment":[{"href":"https:\/\/noticiasregionais.com.br\/index.php?rest_route=%2Fwp%2Fv2%2Fmedia&parent=10055"}],"wp:term":[{"taxonomy":"category","embeddable":true,"href":"https:\/\/noticiasregionais.com.br\/index.php?rest_route=%2Fwp%2Fv2%2Fcategories&post=10055"},{"taxonomy":"post_tag","embeddable":true,"href":"https:\/\/noticiasregionais.com.br\/index.php?rest_route=%2Fwp%2Fv2%2Ftags&post=10055"}],"curies":[{"name":"wp","href":"https:\/\/api.w.org\/{rel}","templated":true}]}}