{"id":1006,"date":"2023-10-28T19:22:22","date_gmt":"2023-10-28T22:22:22","guid":{"rendered":"https:\/\/noticiasregionais.com.br\/?p=1006"},"modified":"2023-10-28T19:22:34","modified_gmt":"2023-10-28T22:22:34","slug":"ace-ourinhos-recebe-homenagem-do-sebrae-pelos-90-anos-de-fundacao","status":"publish","type":"post","link":"https:\/\/noticiasregionais.com.br\/?p=1006","title":{"rendered":"ACE Ourinhos recebe homenagem do Sebrae pelos 90 anos de funda\u00e7\u00e3o"},"content":{"rendered":"\n<p>A Associa\u00e7\u00e3o Comercial de Empresarial de Ourinhos completou neste ano 90 anos de funda\u00e7\u00e3o e na noite de ontem (26) recebeu uma homenagem do Escrit\u00f3rio Regional do SEBRAE de Ourinhos, por seu papel fundamental na promo\u00e7\u00e3o e apoio ao desenvolvimento das empresas e do setor empresarial.<\/p>\n\n\n\n<p>O gerente regional Thiago Bueno Ferraz ressaltou que o escrit\u00f3rio local do Sebrae s\u00f3 existe por causa do trabalho da ACE Ourinhos. \u201cEssa \u00e9 uma homenagem especialmente preparada para agradecer a parceria. Obrigado ACE por terem trazido o Sebrae h\u00e1 25 anos para Ourinhos\u201d.<\/p>\n\n\n\n<p>Representando o presidente da ACE Ourinhos Robson Martuchi, o gerente Gilvano Silva agradeceu a homenagem. \u201cS\u00e3o 90 anos de uma trajet\u00f3ria marcada pelo total apoio e trabalho ao desenvolvimento de Ourinhos. Dedicamos essa homenagem a todos os nossos associados e associadas, diretores que j\u00e1 estiveram conosco, funcion\u00e1rios e \u00e0 atual diretoria. \u00c9 uma grande honra sermos parceiros do Sebrae\u201d.<\/p>\n\n\n\n<p>A homenagem aconteceu durante a palestra \u201cDo Like \u00e0 Lealdade\u201d, promovida pelo Sebrae e Escrit\u00f3rio Novo Mercantil de Contabilidade, que contou com o apoio da ACE Ourinhos, UniFio e Sicredi.<\/p>\n<input type=\"hidden\" id=\"baseurl\" value=\"https:\/\/noticiasregionais.com.br\"><input type=\"hidden\" id=\"audio_nonce\" value=\"533fbb67b1\">","protected":false},"excerpt":{"rendered":"<p>A Associa\u00e7\u00e3o Comercial de Empresarial de Ourinhos completou neste ano 90 anos de funda\u00e7\u00e3o e na noite de ontem (26)&hellip;<\/p>\n","protected":false},"author":1,"featured_media":1007,"comment_status":"closed","ping_status":"open","sticky":false,"template":"","format":"standard","meta":{"sfsi_plus_gutenberg_text_before_share":"","sfsi_plus_gutenberg_show_text_before_share":"","sfsi_plus_gutenberg_icon_type":"","sfsi_plus_gutenberg_icon_alignemt":"","sfsi_plus_gutenburg_max_per_row":"","footnotes":""},"categories":[5,10,1],"tags":[],"class_list":["post-1006","post","type-post","status-publish","format-standard","has-post-thumbnail","hentry","category-ourinhos","category-destaques","category-noticias"],"_links":{"self":[{"href":"https:\/\/noticiasregionais.com.br\/index.php?rest_route=\/wp\/v2\/posts\/1006","targetHints":{"allow":["GET"]}}],"collection":[{"href":"https:\/\/noticiasregionais.com.br\/index.php?rest_route=\/wp\/v2\/posts"}],"about":[{"href":"https:\/\/noticiasregionais.com.br\/index.php?rest_route=\/wp\/v2\/types\/post"}],"author":[{"embeddable":true,"href":"https:\/\/noticiasregionais.com.br\/index.php?rest_route=\/wp\/v2\/users\/1"}],"replies":[{"embeddable":true,"href":"https:\/\/noticiasregionais.com.br\/index.php?rest_route=%2Fwp%2Fv2%2Fcomments&post=1006"}],"version-history":[{"count":1,"href":"https:\/\/noticiasregionais.com.br\/index.php?rest_route=\/wp\/v2\/posts\/1006\/revisions"}],"predecessor-version":[{"id":1008,"href":"https:\/\/noticiasregionais.com.br\/index.php?rest_route=\/wp\/v2\/posts\/1006\/revisions\/1008"}],"wp:featuredmedia":[{"embeddable":true,"href":"https:\/\/noticiasregionais.com.br\/index.php?rest_route=\/wp\/v2\/media\/1007"}],"wp:attachment":[{"href":"https:\/\/noticiasregionais.com.br\/index.php?rest_route=%2Fwp%2Fv2%2Fmedia&parent=1006"}],"wp:term":[{"taxonomy":"category","embeddable":true,"href":"https:\/\/noticiasregionais.com.br\/index.php?rest_route=%2Fwp%2Fv2%2Fcategories&post=1006"},{"taxonomy":"post_tag","embeddable":true,"href":"https:\/\/noticiasregionais.com.br\/index.php?rest_route=%2Fwp%2Fv2%2Ftags&post=1006"}],"curies":[{"name":"wp","href":"https:\/\/api.w.org\/{rel}","templated":true}]}}