{"id":10066,"date":"2025-09-25T04:25:00","date_gmt":"2025-09-25T07:25:00","guid":{"rendered":"https:\/\/noticiasregionais.com.br\/?p=10066"},"modified":"2025-09-25T04:25:00","modified_gmt":"2025-09-25T07:25:00","slug":"aposentados-ja-recuperaram-r-15-bilhao-em-descontos-indevidos-do-inss","status":"publish","type":"post","link":"https:\/\/noticiasregionais.com.br\/?p=10066","title":{"rendered":"Aposentados j\u00e1 recuperaram R$ 1,5 bilh\u00e3o em descontos indevidos do INSS"},"content":{"rendered":"<p>\t\t\t\t\t\t\t\t\t\t<audio controls class=\"b61_audio_player\" data-noticia=\"84809\" src=\"https:\/\/brasil61.com\/rails\/active_storage\/blobs\/eyJfcmFpbHMiOnsibWVzc2FnZSI6IkJBaHBBeWlmQXc9PSIsImV4cCI6bnVsbCwicHVyIjoiYmxvYl9pZCJ9fQ==--17b2144618a84ce6f314a22dbb95c1dbc4babe2a\/BRAS2514786A\"><\/audio><\/p>\n<p><strong>Aposentados e pensionistas j\u00e1 recuperaram R$1,53 bilh\u00e3o em devolu\u00e7\u00f5es de descontos indevidos em seus benef\u00edcios<\/strong>, desde o in\u00edcio do acordo de ressarcimento. A informa\u00e7\u00e3o \u00e9 do <a href=\"https:\/\/www.gov.br\/agricultura\/pt-br\/assuntos\/noticias\/ministro-carlos-favaro-encerra-projeto-consim-3-em-santa-catarina\" target=\"_blank\" rel=\"noopener\"><strong>Instituto Nacional do Seguro Social (INSS).\u00a0<\/strong><\/a><\/p>\n<p>Esse valor foi <strong>pago a 2,46 milh\u00f5es de benefici\u00e1rios que aderiram ao acordo \u2014 cerca de 74% dos 3,33 milh\u00f5es que t\u00eam direito ao ressarcimento<\/strong>. A <strong>devolu\u00e7\u00e3o ocorre em at\u00e9 tr\u00eas dias \u00fateis ap\u00f3s a ades\u00e3o<\/strong>, com corre\u00e7\u00e3o monet\u00e1ria (IPCA).<\/p>\n<\/p>\n<p style=\"text-align: justify\"><strong><span style=\"font-size:18px\">Destaques estaduais<\/span><\/strong><br \/>\nOs estados que concentram os maiores valores j\u00e1 devolvidos s\u00e3o:<\/p>\n<ul>\n<li style=\"text-align: justify\"><strong>S\u00e3o Paulo<\/strong>: R$ 293,7 milh\u00f5es\u00a0<\/li>\n<li style=\"text-align: justify\"><strong>Minas Gerais<\/strong>: R$ 149,5 milh\u00f5es\u00a0<\/li>\n<li style=\"text-align: justify\"><strong>Bahia<\/strong>: R$ 137,2 milh\u00f5es\u00a0<\/li>\n<li style=\"text-align: justify\"><strong>Rio de Janeiro<\/strong>: R$ 124,4 milh\u00f5es\u00a0<\/li>\n<li style=\"text-align: justify\"><strong>Cear\u00e1<\/strong>: R$ 93,5 milh\u00f5es\u00a0<\/li>\n<\/ul>\n<p style=\"text-align: justify\"><strong><span style=\"font-size:18px\">Quem pode aderir<\/span><\/strong><\/p>\n<ul>\n<li style=\"text-align: justify\">Quem contestou o desconto indevido e n\u00e3o obteve resposta da entidade em at\u00e9 15 dias \u00fateis.\u00a0<\/li>\n<li style=\"text-align: justify\">Quem sofreu descontos entre mar\u00e7o de 2020 e mar\u00e7o de 2025.\u00a0<\/li>\n<li style=\"text-align: justify\">Quem possui a\u00e7\u00e3o judicial em andamento, desde que ainda n\u00e3o tenha recebido os valores \u2014 nesse caso, \u00e9 exigida a desist\u00eancia da a\u00e7\u00e3o. Para a\u00e7\u00f5es individuais protocoladas antes de 23 de abril de 2025, o INSS admite pagar 5% de honor\u00e1rios advocat\u00edcios.\u00a0<\/li>\n<\/ul>\n<p style=\"text-align: justify\">Para <strong>contestar o desconto indevido, o benefici\u00e1rio pode acessar o aplicativo Meu INSS, ligar para a Central 135 ou comparecer presencialmente a uma ag\u00eancia dos Correios<\/strong>. O <strong>prazo de resposta \u00e9 de at\u00e9 15 dias \u00fateis<\/strong>. Caso n\u00e3o haja retorno dentro desse per\u00edodo, o sistema libera a op\u00e7\u00e3o de ades\u00e3o ao acordo.<\/p>\n<p style=\"text-align: justify\">O prazo para contestar os descontos se estende at\u00e9, no m\u00ednimo, 14 de novembro de 2025, e a ades\u00e3o ao acordo permanece aberta mesmo ap\u00f3s essa data.\u00a0<\/p>\n<p><u><strong>VEJA MAIS:<\/strong><\/u><\/p>\n<ul>\n<li><a href=\"https:\/\/brasil61.com\/n\/inss-entenda-decisao-do-stf-sobre-fim-automatico-de-auxilio-doenca-bras2514728\" target=\"_blank\" rel=\"noopener\">INSS: entenda decis\u00e3o do STF sobre fim autom\u00e1tico de aux\u00edlio-doen\u00e7a<\/a><\/li>\n<\/ul>\n<p>\t\t\t\t\t\t\t\t\t<img decoding=\"async\" src=\"https:\/\/brasil61.com\/api\/v1\/serve_pixel\/22254\/84809\" alt=\"Pixel Brasil 61\" class=\"b61_pixel\" width=\"0\" height=\"0\"><\/p>\n<div class=\"br61_backlink\">\n<p>\n\t\t\t\tFonte: <a href=\"https:\/\/brasil61.com\/aposentados-ja-recuperaram-r-1-5-bilhao-em-descontos-indevidos-do-inss-bras2514786\" title=\"Artigo Original: Aposentados j\u00e1 recuperaram R$ 1,5 bilh\u00e3o em descontos indevidos do INSS\" target=\"_blank\" rel=\"noopener\">Brasil 61<\/a>\n\t\t\t<\/p>\n<\/p><\/div>\n<input type=\"hidden\" id=\"baseurl\" value=\"https:\/\/noticiasregionais.com.br\"><input type=\"hidden\" id=\"audio_nonce\" value=\"296231ceac\">","protected":false},"excerpt":{"rendered":"<p>Mais de 2,4 milh\u00f5es de benefici\u00e1rios receberam devolu\u00e7\u00f5es; ades\u00e3o ao acordo pode ser feita pelo Meu INSS ou nas ag\u00eancias dos Correios<\/p>\n","protected":false},"author":1,"featured_media":10067,"comment_status":"","ping_status":"open","sticky":false,"template":"","format":"standard","meta":{"sfsi_plus_gutenberg_text_before_share":"","sfsi_plus_gutenberg_show_text_before_share":"","sfsi_plus_gutenberg_icon_type":"","sfsi_plus_gutenberg_icon_alignemt":"","sfsi_plus_gutenburg_max_per_row":"","footnotes":""},"categories":[8],"tags":[],"class_list":["post-10066","post","type-post","status-publish","format-standard","has-post-thumbnail","hentry","category-brasil"],"_links":{"self":[{"href":"https:\/\/noticiasregionais.com.br\/index.php?rest_route=\/wp\/v2\/posts\/10066","targetHints":{"allow":["GET"]}}],"collection":[{"href":"https:\/\/noticiasregionais.com.br\/index.php?rest_route=\/wp\/v2\/posts"}],"about":[{"href":"https:\/\/noticiasregionais.com.br\/index.php?rest_route=\/wp\/v2\/types\/post"}],"author":[{"embeddable":true,"href":"https:\/\/noticiasregionais.com.br\/index.php?rest_route=\/wp\/v2\/users\/1"}],"replies":[{"embeddable":true,"href":"https:\/\/noticiasregionais.com.br\/index.php?rest_route=%2Fwp%2Fv2%2Fcomments&post=10066"}],"version-history":[{"count":0,"href":"https:\/\/noticiasregionais.com.br\/index.php?rest_route=\/wp\/v2\/posts\/10066\/revisions"}],"wp:featuredmedia":[{"embeddable":true,"href":"https:\/\/noticiasregionais.com.br\/index.php?rest_route=\/wp\/v2\/media\/10067"}],"wp:attachment":[{"href":"https:\/\/noticiasregionais.com.br\/index.php?rest_route=%2Fwp%2Fv2%2Fmedia&parent=10066"}],"wp:term":[{"taxonomy":"category","embeddable":true,"href":"https:\/\/noticiasregionais.com.br\/index.php?rest_route=%2Fwp%2Fv2%2Fcategories&post=10066"},{"taxonomy":"post_tag","embeddable":true,"href":"https:\/\/noticiasregionais.com.br\/index.php?rest_route=%2Fwp%2Fv2%2Ftags&post=10066"}],"curies":[{"name":"wp","href":"https:\/\/api.w.org\/{rel}","templated":true}]}}