{"id":10068,"date":"2025-09-25T04:30:00","date_gmt":"2025-09-25T07:30:00","guid":{"rendered":"https:\/\/noticiasregionais.com.br\/?p=10068"},"modified":"2025-09-25T04:30:00","modified_gmt":"2025-09-25T07:30:00","slug":"relator-da-ldo-fixa-limite-para-pagamento-de-emendas-ate-tres-meses-antes-das-eleicoes","status":"publish","type":"post","link":"https:\/\/noticiasregionais.com.br\/?p=10068","title":{"rendered":"Relator da LDO fixa limite para pagamento de emendas at\u00e9 tr\u00eas meses antes das elei\u00e7\u00f5es"},"content":{"rendered":"<p>\t\t\t\t\t\t\t\t\t\t<audio controls class=\"b61_audio_player\" data-noticia=\"84802\" src=\"https:\/\/brasil61.com\/rails\/active_storage\/blobs\/eyJfcmFpbHMiOnsibWVzc2FnZSI6IkJBaHBBeU9mQXc9PSIsImV4cCI6bnVsbCwicHVyIjoiYmxvYl9pZCJ9fQ==--1529e852a6ffb418bc260ecb2153478439af86e7\/BRAS2514784A\"><\/audio><\/p>\n<p style=\"text-align: justify\">O relator do projeto da <strong>Lei de Diretrizes Or\u00e7ament\u00e1rias<\/strong> (LDO) de 2026 (<a href=\"https:\/\/www.camara.leg.br\/noticias\/1194585-salario-minimo-de-2026-sera-de-r-1-631-com-aumento-de-744\" target=\"_blank\" rel=\"noopener\">PLN2\/25<\/a>), deputado Gerv\u00e1sio Maia (PSB-PB), incluiu no texto a exig\u00eancia de que o <strong>Executivo quite emendas parlamentares at\u00e9 tr\u00eas meses antes das elei\u00e7\u00f5es.\u00a0<\/strong><\/p>\n<p style=\"text-align: justify\">A medida vale para <strong>emendas individuais e coletivas<\/strong> <strong>destinadas a fundos da sa\u00fade e para as chamadas transfer\u00eancias especiais (emendas pix)<\/strong>. O relat\u00f3rio foi apresentado na ter\u00e7a-feira (23) \u00e0 Comiss\u00e3o Mista de Or\u00e7amento, que deve votar o texto no pr\u00f3ximo dia 30.<\/p>\n<p style=\"text-align: justify\"><u><strong>VEJA MAIS:<\/strong><\/u><\/p>\n<ul>\n<li style=\"text-align: justify\"><a href=\"https:\/\/brasil61.com\/n\/gasto-publico-ultrapassa-r-3-6-tri-em-2025-alta-reacende-debate-sobre-limites-do-governo-cacb250060\" target=\"_blank\" rel=\"noopener\"><strong>Gasto p\u00fablico ultrapassa R$ 3,6 tri em 2025; alta reacende debate sobre limites do governo<\/strong><\/a><\/li>\n<\/ul>\n<p style=\"text-align: justify\">Para o consultor de or\u00e7amento Cesar Lima, o <strong>prazo imposto pode pressionar o planejamento fiscal do governo<\/strong>.<\/p>\n<p style=\"text-align: justify\">\u201cIsso da\u00ed para a gest\u00e3o p\u00fablica \u00e9 um desafio, porque voc\u00ea tem ali durante o ano v\u00e1rios instrumentos,\u00a0que lhe d\u00e3o uma proje\u00e7\u00e3o do quanto o governo pode gastar m\u00eas a m\u00eas. N\u00f3s temos a\u00ed os relat\u00f3rios de receitas e despesas, sobre os quais s\u00e3o feitos decretos de programa\u00e7\u00e3o or\u00e7ament\u00e1ria e financeira, de acordo com o ritmo e com a const\u00e2ncia da arrecada\u00e7\u00e3o p\u00fablica. Ent\u00e3o, esse tipo de imposi\u00e7\u00e3o sem que se leve em considera\u00e7\u00e3o essa trajet\u00f3ria tamb\u00e9m da arrecada\u00e7\u00e3o de receitas \u00e9 um desafio para a gest\u00e3o.\u201d<\/p>\n<p style=\"text-align: justify\">As prioridades tamb\u00e9m foram ampliadas: al\u00e9m do<strong> Novo Programa de Acelera\u00e7\u00e3o do Crescimento<\/strong> (<a href=\"https:\/\/www.gov.br\/casacivil\/pt-br\/novopac\/conheca-o-programa\" target=\"_blank\" rel=\"noopener\">PAC<\/a>), o <strong>relat\u00f3rio ampliou de 27 para 128 os objetivos do Plano Plurianual 2024-2027<\/strong>, ap\u00f3s <strong>an\u00e1lise de parte das 2,4 mil emendas apresentadas por parlamentares, bancadas estaduais e comiss\u00f5es<\/strong>.<\/p>\n<p style=\"text-align: justify\"><span style=\"font-size:18px\">Principais mudan\u00e7as do relat\u00f3rio da LDO 2026<\/span><\/p>\n<ul>\n<li style=\"text-align: justify\">Munic\u00edpios com menos de 65 mil habitantes ficam dispensados de comprovar adimpl\u00eancia para receber recursos;<\/li>\n<li style=\"text-align: justify\">Entidades de sa\u00fade sem fins lucrativos poder\u00e3o receber transfer\u00eancias para obras f\u00edsicas;<\/li>\n<li style=\"text-align: justify\">\u00d3rg\u00e3os ter\u00e3o 90 dias (antes eram 105) para analisar propostas e divulgar impedimentos t\u00e9cnicos;<\/li>\n<li style=\"text-align: justify\">Se n\u00e3o houver impedimentos, a despesa deve ser empenhada em at\u00e9 30 dias ap\u00f3s a an\u00e1lise;<\/li>\n<li style=\"text-align: justify\">Pagamento de emendas limitado a at\u00e9 tr\u00eas meses antes das elei\u00e7\u00f5es;<\/li>\n<li style=\"text-align: justify\">Emendas coletivas poder\u00e3o ser usadas para pagar pessoal ativo em fundos de sa\u00fade;<\/li>\n<li style=\"text-align: justify\">Fim do desconto de at\u00e9 4,5% destinado \u00e0 fiscaliza\u00e7\u00e3o em emendas executadas diretamente pela Uni\u00e3o;<\/li>\n<li style=\"text-align: justify\">Emendas Pix: valor m\u00ednimo de R$ 200 mil para obras e R$ 150 mil para servi\u00e7os, com pagamento integral at\u00e9 tr\u00eas meses antes do pleito;<\/li>\n<li style=\"text-align: justify\">Recursos da Uni\u00e3o poder\u00e3o financiar rodovias estaduais e municipais ligadas ao escoamento da produ\u00e7\u00e3o;<\/li>\n<li style=\"text-align: justify\">Fundos partid\u00e1rio e eleitoral n\u00e3o poder\u00e3o ser contingenciados;<\/li>\n<li style=\"text-align: justify\">Retirada da obriga\u00e7\u00e3o de aplicar recursos de emendas em obras inacabadas.<\/li>\n<\/ul>\n<p style=\"text-align: justify\"><a href=\"https:\/\/www.camara.leg.br\/noticias\" target=\"_blank\" rel=\"noopener\"><em>Com informa\u00e7\u00f5es da Ag\u00eancia C\u00e2mara<\/em><\/a><\/p>\n<p dir=\"ltr\" style=\"text-align: justify\">\n<p>\t\t\t\t\t\t\t\t\t<img decoding=\"async\" src=\"https:\/\/brasil61.com\/api\/v1\/serve_pixel\/22254\/84802\" alt=\"Pixel Brasil 61\" class=\"b61_pixel\" width=\"0\" height=\"0\"><\/p>\n<div class=\"br61_backlink\">\n<p>\n\t\t\t\tFonte: <a href=\"https:\/\/brasil61.com\/relator-da-ldo-fixa-limite-para-pagamento-de-emendas-ate-tres-meses-antes-das-eleicoes-bras2514784\" title=\"Artigo Original:  Relator da LDO fixa limite para pagamento de emendas at\u00e9 tr\u00eas meses antes das elei\u00e7\u00f5es\" target=\"_blank\" rel=\"noopener\">Brasil 61<\/a>\n\t\t\t<\/p>\n<\/p><\/div>\n<input type=\"hidden\" id=\"baseurl\" value=\"https:\/\/noticiasregionais.com.br\"><input type=\"hidden\" id=\"audio_nonce\" value=\"296231ceac\">","protected":false},"excerpt":{"rendered":"<p>Relat\u00f3rio da LDO de 2026 amplia prioridades do governo e imp\u00f5e prazo para libera\u00e7\u00e3o de emendas, medida que pode impactar o planejamento fiscal do Executivo<\/p>\n","protected":false},"author":1,"featured_media":10069,"comment_status":"","ping_status":"open","sticky":false,"template":"","format":"standard","meta":{"sfsi_plus_gutenberg_text_before_share":"","sfsi_plus_gutenberg_show_text_before_share":"","sfsi_plus_gutenberg_icon_type":"","sfsi_plus_gutenberg_icon_alignemt":"","sfsi_plus_gutenburg_max_per_row":"","footnotes":""},"categories":[8],"tags":[],"class_list":["post-10068","post","type-post","status-publish","format-standard","has-post-thumbnail","hentry","category-brasil"],"_links":{"self":[{"href":"https:\/\/noticiasregionais.com.br\/index.php?rest_route=\/wp\/v2\/posts\/10068","targetHints":{"allow":["GET"]}}],"collection":[{"href":"https:\/\/noticiasregionais.com.br\/index.php?rest_route=\/wp\/v2\/posts"}],"about":[{"href":"https:\/\/noticiasregionais.com.br\/index.php?rest_route=\/wp\/v2\/types\/post"}],"author":[{"embeddable":true,"href":"https:\/\/noticiasregionais.com.br\/index.php?rest_route=\/wp\/v2\/users\/1"}],"replies":[{"embeddable":true,"href":"https:\/\/noticiasregionais.com.br\/index.php?rest_route=%2Fwp%2Fv2%2Fcomments&post=10068"}],"version-history":[{"count":0,"href":"https:\/\/noticiasregionais.com.br\/index.php?rest_route=\/wp\/v2\/posts\/10068\/revisions"}],"wp:featuredmedia":[{"embeddable":true,"href":"https:\/\/noticiasregionais.com.br\/index.php?rest_route=\/wp\/v2\/media\/10069"}],"wp:attachment":[{"href":"https:\/\/noticiasregionais.com.br\/index.php?rest_route=%2Fwp%2Fv2%2Fmedia&parent=10068"}],"wp:term":[{"taxonomy":"category","embeddable":true,"href":"https:\/\/noticiasregionais.com.br\/index.php?rest_route=%2Fwp%2Fv2%2Fcategories&post=10068"},{"taxonomy":"post_tag","embeddable":true,"href":"https:\/\/noticiasregionais.com.br\/index.php?rest_route=%2Fwp%2Fv2%2Ftags&post=10068"}],"curies":[{"name":"wp","href":"https:\/\/api.w.org\/{rel}","templated":true}]}}