{"id":10074,"date":"2025-09-25T08:59:14","date_gmt":"2025-09-25T11:59:14","guid":{"rendered":"https:\/\/noticiasregionais.com.br\/?p=10074"},"modified":"2025-09-25T08:59:26","modified_gmt":"2025-09-25T11:59:26","slug":"santa-casa-de-ourinhos-marca-presenca-no-congresso-brasileiro-de-patologia-clinica-e-medicina-laboratorial","status":"publish","type":"post","link":"https:\/\/noticiasregionais.com.br\/?p=10074","title":{"rendered":"Santa Casa de Ourinhos marca presen\u00e7a no Congresso Brasileiro de Patologia Cl\u00ednica e Medicina Laboratorial"},"content":{"rendered":"\n<h3 class=\"wp-block-heading has-text-align-center\">Biom\u00e9dica Dra. Fernanda Romequis representou a institui\u00e7\u00e3o em um dos maiores eventos da \u00e1rea no pa\u00eds, realizado de 16 a 19 de setembro<\/h3>\n\n\n\n<p>A Santa Casa de Ourinhos esteve representada no <strong>Congresso Brasileiro de Patologia Cl\u00ednica e Medicina Laboratorial (SBPC 2025)<\/strong>, realizado entre os dias 16 e 19 de setembro. A participa\u00e7\u00e3o ficou a cargo da biom\u00e9dica <strong>Dra. Fernanda Romequis<\/strong>, respons\u00e1vel t\u00e9cnica do Laborat\u00f3rio de An\u00e1lises Cl\u00ednicas da institui\u00e7\u00e3o.<\/p>\n\n\n\n<p>Considerado um dos principais encontros cient\u00edficos do setor, o congresso reuniu pesquisadores, profissionais da sa\u00fade, gestores e estudantes para debater avan\u00e7os cient\u00edficos, inova\u00e7\u00f5es tecnol\u00f3gicas e novas regulamenta\u00e7\u00f5es que impactam diretamente a rotina dos laborat\u00f3rios em todo o pa\u00eds.<\/p>\n\n\n\n<p>Durante o evento, a biom\u00e9dica teve acesso a palestras, workshops e apresenta\u00e7\u00f5es de novas tecnologias, al\u00e9m de um ambiente voltado para networking e troca de experi\u00eancias. Segundo Dra. Fernanda, a participa\u00e7\u00e3o refor\u00e7a o compromisso da Santa Casa com a <strong>qualidade, seguran\u00e7a e atualiza\u00e7\u00e3o constante dos processos laboratoriais<\/strong>.<\/p>\n\n\n\n<blockquote class=\"wp-block-quote is-layout-flow wp-block-quote-is-layout-flow\">\n<p>\u201cEstar em um congresso dessa magnitude \u00e9 fundamental para garantir diagn\u00f3sticos cada vez mais precisos e confi\u00e1veis. \u00c9 tamb\u00e9m uma forma de reafirmarmos nosso compromisso com a educa\u00e7\u00e3o continuada e com pr\u00e1ticas \u00e9ticas e inovadoras, que impactam diretamente a assist\u00eancia aos nossos pacientes\u201d, destacou.<\/p>\n<\/blockquote>\n\n\n\n<p>Ao investir na participa\u00e7\u00e3o ativa em eventos de relev\u00e2ncia nacional, a Santa Casa de Ourinhos reafirma sua miss\u00e3o de oferecer <strong>excel\u00eancia em sa\u00fade<\/strong>, aliando <strong>tecnologia, capacita\u00e7\u00e3o e humaniza\u00e7\u00e3o no atendimento<\/strong>.<\/p>\n\n\n\n<figure class=\"wp-block-gallery has-nested-images columns-default is-cropped wp-block-gallery-1 is-layout-flex wp-block-gallery-is-layout-flex\">\n<figure class=\"wp-block-image size-large\"><img decoding=\"async\" width=\"767\" height=\"1024\" data-id=\"10076\" src=\"https:\/\/noticiasregionais.com.br\/wp-content\/uploads\/2025\/09\/WhatsApp-Image-2025-09-24-at-17.04.38-767x1024.jpeg\" alt=\"\" class=\"wp-image-10076\" srcset=\"https:\/\/noticiasregionais.com.br\/wp-content\/uploads\/2025\/09\/WhatsApp-Image-2025-09-24-at-17.04.38-767x1024.jpeg 767w, https:\/\/noticiasregionais.com.br\/wp-content\/uploads\/2025\/09\/WhatsApp-Image-2025-09-24-at-17.04.38-225x300.jpeg 225w, https:\/\/noticiasregionais.com.br\/wp-content\/uploads\/2025\/09\/WhatsApp-Image-2025-09-24-at-17.04.38-768x1025.jpeg 768w, https:\/\/noticiasregionais.com.br\/wp-content\/uploads\/2025\/09\/WhatsApp-Image-2025-09-24-at-17.04.38.jpeg 959w\" sizes=\"(max-width: 767px) 100vw, 767px\" \/><\/figure>\n\n\n\n<figure class=\"wp-block-image size-large\"><img decoding=\"async\" width=\"768\" height=\"1024\" data-id=\"10075\" src=\"https:\/\/noticiasregionais.com.br\/wp-content\/uploads\/2025\/09\/WhatsApp-Image-2025-09-24-at-17.04.42-768x1024.jpeg\" alt=\"\" class=\"wp-image-10075\" srcset=\"https:\/\/noticiasregionais.com.br\/wp-content\/uploads\/2025\/09\/WhatsApp-Image-2025-09-24-at-17.04.42-768x1024.jpeg 768w, https:\/\/noticiasregionais.com.br\/wp-content\/uploads\/2025\/09\/WhatsApp-Image-2025-09-24-at-17.04.42-225x300.jpeg 225w, https:\/\/noticiasregionais.com.br\/wp-content\/uploads\/2025\/09\/WhatsApp-Image-2025-09-24-at-17.04.42.jpeg 960w\" sizes=\"(max-width: 768px) 100vw, 768px\" \/><\/figure>\n<\/figure>\n<input type=\"hidden\" id=\"baseurl\" value=\"https:\/\/noticiasregionais.com.br\"><input type=\"hidden\" id=\"audio_nonce\" value=\"533fbb67b1\">","protected":false},"excerpt":{"rendered":"<p>Biom\u00e9dica Dra. Fernanda Romequis representou a institui\u00e7\u00e3o em um dos maiores eventos da \u00e1rea no pa\u00eds, realizado de 16 a&hellip;<\/p>\n","protected":false},"author":1,"featured_media":10077,"comment_status":"closed","ping_status":"open","sticky":false,"template":"","format":"standard","meta":{"sfsi_plus_gutenberg_text_before_share":"","sfsi_plus_gutenberg_show_text_before_share":"","sfsi_plus_gutenberg_icon_type":"","sfsi_plus_gutenberg_icon_alignemt":"","sfsi_plus_gutenburg_max_per_row":"","footnotes":""},"categories":[12,1,5],"tags":[16],"class_list":["post-10074","post","type-post","status-publish","format-standard","has-post-thumbnail","hentry","category-capa","category-noticias","category-ourinhos","tag-ourinhos"],"_links":{"self":[{"href":"https:\/\/noticiasregionais.com.br\/index.php?rest_route=\/wp\/v2\/posts\/10074","targetHints":{"allow":["GET"]}}],"collection":[{"href":"https:\/\/noticiasregionais.com.br\/index.php?rest_route=\/wp\/v2\/posts"}],"about":[{"href":"https:\/\/noticiasregionais.com.br\/index.php?rest_route=\/wp\/v2\/types\/post"}],"author":[{"embeddable":true,"href":"https:\/\/noticiasregionais.com.br\/index.php?rest_route=\/wp\/v2\/users\/1"}],"replies":[{"embeddable":true,"href":"https:\/\/noticiasregionais.com.br\/index.php?rest_route=%2Fwp%2Fv2%2Fcomments&post=10074"}],"version-history":[{"count":1,"href":"https:\/\/noticiasregionais.com.br\/index.php?rest_route=\/wp\/v2\/posts\/10074\/revisions"}],"predecessor-version":[{"id":10078,"href":"https:\/\/noticiasregionais.com.br\/index.php?rest_route=\/wp\/v2\/posts\/10074\/revisions\/10078"}],"wp:featuredmedia":[{"embeddable":true,"href":"https:\/\/noticiasregionais.com.br\/index.php?rest_route=\/wp\/v2\/media\/10077"}],"wp:attachment":[{"href":"https:\/\/noticiasregionais.com.br\/index.php?rest_route=%2Fwp%2Fv2%2Fmedia&parent=10074"}],"wp:term":[{"taxonomy":"category","embeddable":true,"href":"https:\/\/noticiasregionais.com.br\/index.php?rest_route=%2Fwp%2Fv2%2Fcategories&post=10074"},{"taxonomy":"post_tag","embeddable":true,"href":"https:\/\/noticiasregionais.com.br\/index.php?rest_route=%2Fwp%2Fv2%2Ftags&post=10074"}],"curies":[{"name":"wp","href":"https:\/\/api.w.org\/{rel}","templated":true}]}}