{"id":10079,"date":"2025-09-25T13:00:00","date_gmt":"2025-09-25T16:00:00","guid":{"rendered":"https:\/\/noticiasregionais.com.br\/?p=10079"},"modified":"2025-09-25T13:00:00","modified_gmt":"2025-09-25T16:00:00","slug":"mais-de-11-mil-municipios-entram-no-sistema-de-inspecao-de-alimentos-em-tres-anos","status":"publish","type":"post","link":"https:\/\/noticiasregionais.com.br\/?p=10079","title":{"rendered":"Mais de 1,1 mil munic\u00edpios entram no sistema de inspe\u00e7\u00e3o de alimentos em tr\u00eas anos"},"content":{"rendered":"<p>\t\t\t\t\t\t\t\t\t\t<audio controls class=\"b61_audio_player\" data-noticia=\"84817\" src=\"https:\/\/brasil61.com\/rails\/active_storage\/blobs\/eyJfcmFpbHMiOnsibWVzc2FnZSI6IkJBaHBBOVdmQXc9PSIsImV4cCI6bnVsbCwicHVyIjoiYmxvYl9pZCJ9fQ==--1cf55b5a8195626aa216105b8f8ad43b7f06459a\/MAPA250001A\"><\/audio><\/p>\n<p><strong>Mais de 1,1 mil munic\u00edpios foram integrados ao <a href=\"https:\/\/www.gov.br\/agricultura\/pt-br\/assuntos\/defesa-agropecuaria\/suasa\/sisbi-1\" target=\"_blank\" rel=\"noopener\">Sistema Brasileiro de Inspe\u00e7\u00e3o de Produtos de Origem Animal (Sisbi-POA) <\/a>nos \u00faltimos tr\u00eas anos<\/strong>. O crescimento \u00e9 de quase 350% em compara\u00e7\u00e3o aos 16 anos anteriores, quando 331 munic\u00edpios haviam sido integrados..<br \/>\n\u00a0<br \/>\nO <strong>an\u00fancio foi feito nesta quarta-feira (24), no munic\u00edpio de Rio dos Cedros (SC), durante o encerramento da terceira edi\u00e7\u00e3o do Projeto ConSIM. <\/strong>A <strong>iniciativa orienta tecnicamente cons\u00f3rcios p\u00fablicos de munic\u00edpios, em servi\u00e7os de inspe\u00e7\u00e3o de produtos de origem animal dos consorciados<\/strong><br \/>\n\u00a0<br \/>\nO <strong>ministro da Agricultura e Pecu\u00e1ria, Carlos F\u00e1varo<\/strong>, marcou presen\u00e7a na cerim\u00f4nia de encerramento desse ciclo do ConSIM. Na ocasi\u00e3o, tamb\u00e9m foram lan\u00e7ados o e-SISBI 2.0 e o <strong>projeto \u201cSIMples AsSIM \u2013 Do pequeno para o Brasil\u201d, em parceria com o <a href=\"https:\/\/sebrae.com.br\/sites\/PortalSebrae\/\" target=\"_blank\" rel=\"noopener\">Sebrae <\/a><\/strong>(ver abaixo).<br \/>\n\u00a0<br \/>\nA programa\u00e7\u00e3o tamb\u00e9m contou com a entrega de m\u00e1quinas e equipamentos do <a href=\"https:\/\/www.gov.br\/secom\/pt-br\/assuntos\/noticias\/2025\/02\/programa-nacional-investira-na-modernizacao-da-agricultura-para-aumentar-a-produtividade\" target=\"_blank\" rel=\"noopener\"><strong>Programa de Moderniza\u00e7\u00e3o e Apoio \u00e0 Produ\u00e7\u00e3o Agr\u00edcola (Promaq)<\/strong><\/a>, iniciativa do Mapa que fortalece a produ\u00e7\u00e3o local e moderniza as atividades agropecu\u00e1rias em diversos munic\u00edpios.<\/p>\n<h2>Resultados do Projeto ConSIM 3<\/h2>\n<p>O Projeto ConSIM, voltado ao fortalecimento dos Servi\u00e7os de Inspe\u00e7\u00e3o Municipal (SIM), apoia cons\u00f3rcios intermunicipais no processo de ades\u00e3o ao Sistema Brasileiro de Inspe\u00e7\u00e3o de Produtos de Origem Animal (Sisbi-POA). A iniciativa exerce papel estrat\u00e9gico na expans\u00e3o da agroind\u00fastria brasileiro ao oferecer oportunidades para que agroind\u00fastrias familiares alcancem mercados al\u00e9m dos limites locais.<br \/>\n\u00a0<br \/>\nNesta 3\u00aa edi\u00e7\u00e3o do ConSIM, que compreendeu o ciclo 2024\/2025, foram integrados 33 cons\u00f3rcios p\u00fablicos municipais ao Sisbi-POA, abrangendo 593 munic\u00edpios de 12 estados:<br \/>\n\u00a0<br \/>\n\u25cf \u00a0 \u00a0 Minas Gerais (MG);<br \/>\n\u25cf \u00a0 \u00a0 Alagoas (AL);<br \/>\n\u25cf \u00a0 \u00a0 Bahia (BA);<br \/>\n\u25cf \u00a0 \u00a0 Esp\u00edrito Santo (ES);<br \/>\n\u25cf \u00a0 \u00a0 Mato Grosso do Sul (MS);<br \/>\n\u25cf \u00a0 \u00a0 Mato Grosso (MT);<br \/>\n\u25cf \u00a0 \u00a0 Para\u00edba (PB)<br \/>\n\u25cf \u00a0 \u00a0 Pernambuco (PE);<br \/>\n\u25cf \u00a0 \u00a0 Rond\u00f4nia (RO);<br \/>\n\u25cf \u00a0 \u00a0 Rio Grande do Sul (RS);<br \/>\n\u25cf \u00a0 \u00a0 Santa Catarina (SC);<br \/>\n\u25cf \u00a0 \u00a0 S\u00e3o Paulo (SP).<br \/>\n\u00a0<br \/>\nO ministro F\u00e1varo destacou os avan\u00e7os do Sisbi-POA e os impactos positivos para produtores e consumidores.<br \/>\n\u00a0<br \/>\n\u201cHoje s\u00e3o 1.488 munic\u00edpios que j\u00e1 podem vender os produtos da agricultura familiar em qualquer lugar do territ\u00f3rio nacional. E n\u00f3s vamos juntos nessa parceria &#8211; o Minist\u00e9rio da Agricultura, os cons\u00f3rcios municipais, o SEBRAE \u2013 atingir, pelo menos, entre 2.500 e 3 mil munic\u00edpios nesse per\u00edodo do governo do presidente Lula. Todos podem e devem se cadastrar no sistema SISM. Com isso, n\u00f3s vamos gerar muitas oportunidades, come\u00e7ar a gerar emprego e renda no campo\u201d, pontuou.<br \/>\n\u00a0<br \/>\n\u201cEstamos vivendo um momento hist\u00f3rico. O Sisbi amplia as oportunidades dos pequenos produtores, assegura alimentos de qualidade para os consumidores e j\u00e1 alcan\u00e7a mais de 1.400 munic\u00edpios. At\u00e9 o pr\u00f3ximo ano, queremos chegar a 2.500, fortalecendo a renda no campo e a economia nas cidades, com mais seguran\u00e7a e competitividade para a produ\u00e7\u00e3o brasileira\u201d, complementou o ministro.<\/p>\n<h2>Plataforma digital e-Sisbi 2.0<\/h2>\n<p>Anunciada no evento, a plataforma digital e-Sisbi 2.0 pretende potencializar ainda mais os resultados. A inova\u00e7\u00e3o, al\u00e9m de modernizar e automatizar todo o processo de integra\u00e7\u00e3o, desde o cadastro at\u00e9 a an\u00e1lise final, reduz pend\u00eancias e acelera prazos para permitir a homologa\u00e7\u00e3o em tempo recorde dos 33 cons\u00f3rcios agora inclu\u00eddos.<br \/>\n\u00a0<\/p>\n<h2>Projeto SIMples AsSIM \u2013 Do pequeno para o Brasil<\/h2>\n<p>Na programa\u00e7\u00e3o, o ministro Carlos F\u00e1varo, ao lado do presidente do Sebrae Nacional, D\u00e9cio Lima, lan\u00e7ou o Projeto SIMples AsSIM \u2013 Do pequeno para o Brasil. A iniciativa, fruto da parceria entre o Mapa e o Sebrae, tem como objetivo acelerar a formaliza\u00e7\u00e3o das agroind\u00fastrias de pequeno porte e fortalecer os Servi\u00e7os de Inspe\u00e7\u00e3o Municipal (SIM).<br \/>\n\u00a0<br \/>\nAl\u00e9m disso, o projeto busca ampliar a integra\u00e7\u00e3o dos estabelecimentos ao Sisbi-POA, para promover maior competitividade e acesso a mercados. Ao integrar inclus\u00e3o produtiva, seguran\u00e7a alimentar e desenvolvimento econ\u00f4mico local, transforma desafios estruturais em oportunidades concretas de crescimento para a agricultura familiar.<br \/>\n\u00a0<\/p>\n<h2>Entregas de m\u00e1quinas Promaq<\/h2>\n<p>Durante o evento, foram entregues quatro m\u00e1quinas, totalizando 13 equipamentos, entre rolos compactadores, retroescavadeiras e tratores. O investimento de R$ 5,1 milh\u00f5es, beneficiar\u00e1 os seguintes munic\u00edpios de Santa Catarina:<br \/>\n\u00a0<br \/>\n\u25cf \u00a0 \u00a0 Luiz Alves;<br \/>\n\u25cf \u00a0 \u00a0 Para\u00edso;<br \/>\n\u25cf \u00a0 \u00a0 Sang\u00e3o;<br \/>\n\u25cf \u00a0 \u00a0 Alfredo Wagner;<br \/>\n\u25cf \u00a0 \u00a0 Santa Terezinha do Progresso;<br \/>\n\u25cf \u00a0 \u00a0 Iomer\u00ea;<br \/>\n\u25cf \u00a0 \u00a0 Armaz\u00e9m;<br \/>\n\u25cf \u00a0 \u00a0 Bela Vista do Toldo;<br \/>\n\u25cf \u00a0 \u00a0 Florian\u00f3polis;<br \/>\n\u25cf \u00a0 \u00a0 Monte Carlo;<br \/>\n\u25cf \u00a0 \u00a0 Santo Amaro da Imperatriz;<br \/>\n\u25cf \u00a0 \u00a0 Anita Garibaldi;<br \/>\n\u25cf \u00a0 \u00a0 S\u00e3o Miguel do Oeste.<br \/>\n\u00a0<br \/>\nOs equipamentos contribuem para a mecaniza\u00e7\u00e3o agr\u00edcola, o aumento da produtividade, a redu\u00e7\u00e3o dos custos de produ\u00e7\u00e3o e a promo\u00e7\u00e3o da sustentabilidade no campo. Al\u00e9m de ampliar a qualidade de vida no meio rural e levar infraestrutura a \u00e1reas menos assistidas.<\/p>\n<p><strong>VEJA MAIS:<\/strong><\/p>\n<ul>\n<li><a href=\"https:\/\/brasil61.com\/n\/agronegocio-mato-grosso-tera-escritorio-da-apexbrasil-para-impulsionar-exportacoes-bras2514780\" target=\"_blank\" rel=\"noopener\">Agroneg\u00f3cio: Mato Grosso ter\u00e1 escrit\u00f3rio da ApexBrasil para impulsionar exporta\u00e7\u00f5es<\/a><\/li>\n<\/ul>\n<p>\n\u00a0<\/p>\n<p>\t\t\t\t\t\t\t\t\t<img decoding=\"async\" src=\"https:\/\/brasil61.com\/api\/v1\/serve_pixel\/22254\/84817\" alt=\"Pixel Brasil 61\" class=\"b61_pixel\" width=\"0\" height=\"0\"><\/p>\n<div class=\"br61_backlink\">\n<p>\n\t\t\t\tFonte: <a href=\"https:\/\/brasil61.com\/mais-de-1-1-mil-municipios-entram-no-sistema-de-inspecao-de-alimentos-em-tres-anos-mapa250001\" title=\"Artigo Original: Mais de 1,1 mil munic\u00edpios entram no sistema de inspe\u00e7\u00e3o de alimentos em tr\u00eas anos\" target=\"_blank\" rel=\"noopener\">Brasil 61<\/a>\n\t\t\t<\/p>\n<\/p><\/div>\n<input type=\"hidden\" id=\"baseurl\" value=\"https:\/\/noticiasregionais.com.br\"><input type=\"hidden\" id=\"audio_nonce\" value=\"533fbb67b1\">","protected":false},"excerpt":{"rendered":"<p>N\u00famero foi divulgado pelo Minist\u00e9rio da Agricultura e Pecu\u00e1ria (Mapa) no encerramento do Projeto ConSIM 3. Iniciativa fortalece munic\u00edpios, ampliando mercados para agroind\u00fastrias familiares e garantindo mais seguran\u00e7a alimentar<\/p>\n","protected":false},"author":1,"featured_media":10080,"comment_status":"","ping_status":"open","sticky":false,"template":"","format":"standard","meta":{"sfsi_plus_gutenberg_text_before_share":"","sfsi_plus_gutenberg_show_text_before_share":"","sfsi_plus_gutenberg_icon_type":"","sfsi_plus_gutenberg_icon_alignemt":"","sfsi_plus_gutenburg_max_per_row":"","footnotes":""},"categories":[8],"tags":[],"class_list":["post-10079","post","type-post","status-publish","format-standard","has-post-thumbnail","hentry","category-brasil"],"_links":{"self":[{"href":"https:\/\/noticiasregionais.com.br\/index.php?rest_route=\/wp\/v2\/posts\/10079","targetHints":{"allow":["GET"]}}],"collection":[{"href":"https:\/\/noticiasregionais.com.br\/index.php?rest_route=\/wp\/v2\/posts"}],"about":[{"href":"https:\/\/noticiasregionais.com.br\/index.php?rest_route=\/wp\/v2\/types\/post"}],"author":[{"embeddable":true,"href":"https:\/\/noticiasregionais.com.br\/index.php?rest_route=\/wp\/v2\/users\/1"}],"replies":[{"embeddable":true,"href":"https:\/\/noticiasregionais.com.br\/index.php?rest_route=%2Fwp%2Fv2%2Fcomments&post=10079"}],"version-history":[{"count":0,"href":"https:\/\/noticiasregionais.com.br\/index.php?rest_route=\/wp\/v2\/posts\/10079\/revisions"}],"wp:featuredmedia":[{"embeddable":true,"href":"https:\/\/noticiasregionais.com.br\/index.php?rest_route=\/wp\/v2\/media\/10080"}],"wp:attachment":[{"href":"https:\/\/noticiasregionais.com.br\/index.php?rest_route=%2Fwp%2Fv2%2Fmedia&parent=10079"}],"wp:term":[{"taxonomy":"category","embeddable":true,"href":"https:\/\/noticiasregionais.com.br\/index.php?rest_route=%2Fwp%2Fv2%2Fcategories&post=10079"},{"taxonomy":"post_tag","embeddable":true,"href":"https:\/\/noticiasregionais.com.br\/index.php?rest_route=%2Fwp%2Fv2%2Ftags&post=10079"}],"curies":[{"name":"wp","href":"https:\/\/api.w.org\/{rel}","templated":true}]}}