{"id":10085,"date":"2025-09-26T04:00:00","date_gmt":"2025-09-26T07:00:00","guid":{"rendered":"https:\/\/noticiasregionais.com.br\/?p=10085"},"modified":"2025-09-26T04:00:00","modified_gmt":"2025-09-26T07:00:00","slug":"preco-do-boi-gordo-hoje-confira-as-cotacoes-para-sexta-feira-26","status":"publish","type":"post","link":"https:\/\/noticiasregionais.com.br\/?p=10085","title":{"rendered":"Pre\u00e7o do boi gordo hoje: confira as cota\u00e7\u00f5es para sexta-feira (26)"},"content":{"rendered":"<p>\t\t\t\t\t\t\t\t\t\t<audio controls class=\"b61_audio_player\" data-noticia=\"84840\" src=\"https:\/\/brasil61.com\/rails\/active_storage\/blobs\/eyJfcmFpbHMiOnsibWVzc2FnZSI6IkJBaHBBeFdnQXc9PSIsImV4cCI6bnVsbCwicHVyIjoiYmxvYl9pZCJ9fQ==--569247fc9094a57ccfcfb531be5a9eca96967a3f\/PAGR255818A\"><\/audio><\/p>\n<p>O <strong>pre\u00e7o do boi gordo <\/strong>abre esta sexta-feira (26) em alta. A\u00a0arroba est\u00e1 sendo negociada a R$ 302, no estado de S\u00e3o Paulo.\u00a0<\/p>\n<\/p>\n<table>\n<thead>\n<tr>\n<th>Data<\/th>\n<th>Valor R$<\/th>\n<th>Var.\/Dia<\/th>\n<th>Var.\/M\u00eas<\/th>\n<th>Valor US$<\/th>\n<\/tr>\n<\/thead>\n<tbody>\n<tr>\n<td>25\/09\/2025<\/td>\n<td>302,00<\/td>\n<td>0,07%<\/td>\n<td>-2,74%<\/td>\n<td>56,26<\/td>\n<\/tr>\n<tr>\n<td>24\/09\/2025<\/td>\n<td>301,80<\/td>\n<td>-0,87%<\/td>\n<td>-2,80%<\/td>\n<td>56,65<\/td>\n<\/tr>\n<tr>\n<td>23\/09\/2025<\/td>\n<td>304,45<\/td>\n<td>0,00%<\/td>\n<td>-1,95%<\/td>\n<td>57,05<\/td>\n<\/tr>\n<tr>\n<td>22\/09\/2025<\/td>\n<td>304,45<\/td>\n<td>0,12%<\/td>\n<td>-1,95%<\/td>\n<td>57,05<\/td>\n<\/tr>\n<tr>\n<td>19\/09\/2025<\/td>\n<td>304,10<\/td>\n<td>-0,36%<\/td>\n<td>-2,06%<\/td>\n<td>57,16<\/td>\n<\/tr>\n<\/tbody>\n<\/table>\n<p>Na Grande S\u00e3o Paulo, S\u00e3o Jos\u00e9 do Rio Preto e Descalvado, <strong>tanto o pre\u00e7o do frango congelado quanto do resfriado apresentaram estabilidade no pre\u00e7o<\/strong>. A primeira op\u00e7\u00e3o est\u00e1 sendo vendida a R$ 7,99. J\u00e1 a segunda \u00e9 comercializada a R$ 8,15.<\/p>\n<\/p>\n<p dir=\"ltr\"><strong>PRE\u00c7OS DO FRANGO CONGELADO CEPEA\/ESALQ &#8211; ESTADO SP<\/strong><\/p>\n<table id=\"imagenet-indicador1\">\n<thead>\n<tr>\n<th>Data<\/th>\n<th>Valor R$<\/th>\n<th>Var.\/Dia<\/th>\n<th>Var.\/M\u00eas<\/th>\n<\/tr>\n<\/thead>\n<tbody>\n<tr>\n<td>25\/09\/2025<\/td>\n<td>7,99<\/td>\n<td>0,00%<\/td>\n<td>11,28%<\/td>\n<\/tr>\n<tr>\n<td>24\/09\/2025<\/td>\n<td>7,99<\/td>\n<td>0,25%<\/td>\n<td>11,28%<\/td>\n<\/tr>\n<tr>\n<td>23\/09\/2025<\/td>\n<td>7,97<\/td>\n<td>0,00%<\/td>\n<td>11,00%<\/td>\n<\/tr>\n<tr>\n<td>22\/09\/2025<\/td>\n<td>7,97<\/td>\n<td>0,13%<\/td>\n<td>11,00%<\/td>\n<\/tr>\n<tr>\n<td>19\/09\/2025<\/td>\n<td>7,96<\/td>\n<td>0,00%<\/td>\n<td>10,86%<\/td>\n<\/tr>\n<\/tbody>\n<\/table>\n<p><strong>PRE\u00c7OS DO FRANGO RESFRIADO\u00a0CEPEA\/ESALQ &#8211; ESTADO SP<\/strong><\/p>\n<\/p>\n<table id=\"imagenet-indicador2\">\n<thead>\n<tr>\n<th>Data<\/th>\n<th>Valor R$<\/th>\n<th>Var.\/Dia<\/th>\n<th>Var.\/M\u00eas<\/th>\n<\/tr>\n<\/thead>\n<tbody>\n<tr>\n<td>25\/09\/2025<\/td>\n<td>8,15<\/td>\n<td>0,00%<\/td>\n<td>13,35%<\/td>\n<\/tr>\n<tr>\n<td>24\/09\/2025<\/td>\n<td>8,15<\/td>\n<td>1,88%<\/td>\n<td>13,35%<\/td>\n<\/tr>\n<tr>\n<td>23\/09\/2025<\/td>\n<td>8,00<\/td>\n<td>0,13%<\/td>\n<td>11,27%<\/td>\n<\/tr>\n<tr>\n<td>22\/09\/2025<\/td>\n<td>7,99<\/td>\n<td>0,13%<\/td>\n<td>11,13%<\/td>\n<\/tr>\n<tr>\n<td>19\/09\/2025<\/td>\n<td>7,98<\/td>\n<td>0,00%<\/td>\n<td>10,99%<\/td>\n<\/tr>\n<\/tbody>\n<\/table>\n<h2 dir=\"ltr\">Pre\u00e7o da carca\u00e7a su\u00edna especial e su\u00edno vivo<\/h2>\n<p dir=\"ltr\">A <strong>carca\u00e7a su\u00edna especial <\/strong>registra baixa no pre\u00e7o, com a mercadoria sendo negociada a R$ 13,26, por quilo, nos atacados da Grande S\u00e3o Paulo.\u00a0<\/p>\n<p dir=\"ltr\">\n<p dir=\"ltr\">O <strong>pre\u00e7o do su\u00edno vivo <\/strong>apresenta queda em quase todos os estados, com destaque para Santa Catarina e Paran\u00e1. O primeiro teve uma baixa de 1,08%, sendo vendido \u00e0 R$ 8,27. O segundo, tamb\u00e9m caiu, com o valor do quilo sendo vendido \u00e0 R$ 8,60, a queda foi de 0,92%.<\/p>\n<p dir=\"ltr\"><strong>Indicador do Su\u00edno Vivo CEPEA\/ESALQ &#8211; MENSAL (R$\/KG)<\/strong><\/p>\n<p dir=\"ltr\">\n<table id=\"imagenet-indicador2\">\n<thead>\n<tr>\n<th>Data<\/th>\n<th>Estado<\/th>\n<th>Valor R$*<\/th>\n<th>Var.\/Dia<\/th>\n<th>Var.\/M\u00eas<\/th>\n<\/tr>\n<\/thead>\n<tbody>\n<tr>\n<td>25\/09\/2025<\/td>\n<td>MG &#8211; posto<\/td>\n<td>8,44<\/td>\n<td>0,00%<\/td>\n<td>-7,66%<\/td>\n<\/tr>\n<tr>\n<td>25\/09\/2025<\/td>\n<td>PR &#8211; a retirar<\/td>\n<td>8,60<\/td>\n<td>-0,92%<\/td>\n<td>-3,80%<\/td>\n<\/tr>\n<tr>\n<td>25\/09\/2025<\/td>\n<td>RS &#8211; a retirar<\/td>\n<td>8,43<\/td>\n<td>-0,24%<\/td>\n<td>-2,99%<\/td>\n<\/tr>\n<tr>\n<td>25\/09\/2025<\/td>\n<td>SC &#8211; a retirar<\/td>\n<td>8,27<\/td>\n<td>-1,08%<\/td>\n<td>-5,16%<\/td>\n<\/tr>\n<tr>\n<td>25\/09\/2025<\/td>\n<td>SP &#8211; posto<\/td>\n<td>9,02<\/td>\n<td>0,00%<\/td>\n<td>-3,84%<\/td>\n<\/tr>\n<\/tbody>\n<\/table>\n<p><strong>PRE\u00c7OS DA CARCA\u00c7A SU\u00cdNA ESPECIAL (R$\/kg)<\/strong><\/p>\n<table id=\"imagenet-indicador3\">\n<thead>\n<tr>\n<th>Data<\/th>\n<th>M\u00e9dia<\/th>\n<th>Var.\/Dia<\/th>\n<th>Var.\/M\u00eas<\/th>\n<\/tr>\n<\/thead>\n<tbody>\n<tr>\n<td>25\/09\/2025<\/td>\n<td>13,26<\/td>\n<td>-0,08%<\/td>\n<td>-2,86%<\/td>\n<\/tr>\n<tr>\n<td>24\/09\/2025<\/td>\n<td>13,27<\/td>\n<td>0,00%<\/td>\n<td>-2,78%<\/td>\n<\/tr>\n<tr>\n<td>23\/09\/2025<\/td>\n<td>13,27<\/td>\n<td>0,00%<\/td>\n<td>-2,78%<\/td>\n<\/tr>\n<tr>\n<td>22\/09\/2025<\/td>\n<td>13,27<\/td>\n<td>-0,60%<\/td>\n<td>-2,78%<\/td>\n<\/tr>\n<tr>\n<td>19\/09\/2025<\/td>\n<td>13,35<\/td>\n<td>-0,30%<\/td>\n<td>-2,20%<\/td>\n<\/tr>\n<\/tbody>\n<\/table>\n<p dir=\"ltr\">Os valores s\u00e3o do <a href=\"https:\/\/www.cepea.org.br\/br\/indicador\/suino.aspx\" target=\"_blank\" rel=\"noopener\">Cepea<\/a>.<\/p>\n<h2 dir=\"ltr\">O que \u00e9 o boi gordo? Entenda o termo do mercado bovino<\/h2>\n<p dir=\"ltr\">O boi gordo \u00e9 o bovino macho pronto para o abate, com peso m\u00ednimo de 16 arrobas l\u00edquidas de carca\u00e7a (aproximadamente 240 kg) e at\u00e9 42 meses de idade. Atende aos padr\u00f5es do mercado nacional e internacional, incluindo exporta\u00e7\u00f5es para Europa, China e cota Hilton.<\/p>\n<h2 dir=\"ltr\">Diferen\u00e7as entre frango congelado e frango resfriado<\/h2>\n<p dir=\"ltr\">O frango congelado passa por congelamento r\u00e1pido, com temperaturas abaixo de -12\u00b0C, garantindo maior vida \u00fatil para armazenamento e transporte a longas dist\u00e2ncias. J\u00e1 o frango resfriado \u00e9 mantido entre 0\u00b0C e 4\u00b0C, com validade de 5 a 7 dias, oferecendo textura e sabor mais pr\u00f3ximos do fresco, ideal para consumidores exigentes e restaurantes.<\/p>\n<p dir=\"ltr\">\u00a0<\/p>\n<p>\t\t\t\t\t\t\t\t\t<img decoding=\"async\" src=\"https:\/\/brasil61.com\/api\/v1\/serve_pixel\/22254\/84840\" alt=\"Pixel Brasil 61\" class=\"b61_pixel\" width=\"0\" height=\"0\"><\/p>\n<div class=\"br61_backlink\">\n<p>\n\t\t\t\tFonte: <a href=\"https:\/\/brasil61.com\/preco-do-boi-gordo-hoje-confira-as-cotacoes-para-sexta-feira-26-pagr255818\" title=\"Artigo Original: Pre\u00e7o do boi gordo hoje: confira as cota\u00e7\u00f5es para sexta-feira (26)\" target=\"_blank\" rel=\"noopener\">Brasil 61<\/a>\n\t\t\t<\/p>\n<\/p><\/div>\n<input type=\"hidden\" id=\"baseurl\" value=\"https:\/\/noticiasregionais.com.br\"><input type=\"hidden\" id=\"audio_nonce\" value=\"533fbb67b1\">","protected":false},"excerpt":{"rendered":"<p>Frango tem estabilidade nos pre\u00e7os; carca\u00e7a su\u00edna e carne su\u00edna apresentam queda nos valores<\/p>\n","protected":false},"author":1,"featured_media":10086,"comment_status":"","ping_status":"open","sticky":false,"template":"","format":"standard","meta":{"sfsi_plus_gutenberg_text_before_share":"","sfsi_plus_gutenberg_show_text_before_share":"","sfsi_plus_gutenberg_icon_type":"","sfsi_plus_gutenberg_icon_alignemt":"","sfsi_plus_gutenburg_max_per_row":"","footnotes":""},"categories":[8],"tags":[],"class_list":["post-10085","post","type-post","status-publish","format-standard","has-post-thumbnail","hentry","category-brasil"],"_links":{"self":[{"href":"https:\/\/noticiasregionais.com.br\/index.php?rest_route=\/wp\/v2\/posts\/10085","targetHints":{"allow":["GET"]}}],"collection":[{"href":"https:\/\/noticiasregionais.com.br\/index.php?rest_route=\/wp\/v2\/posts"}],"about":[{"href":"https:\/\/noticiasregionais.com.br\/index.php?rest_route=\/wp\/v2\/types\/post"}],"author":[{"embeddable":true,"href":"https:\/\/noticiasregionais.com.br\/index.php?rest_route=\/wp\/v2\/users\/1"}],"replies":[{"embeddable":true,"href":"https:\/\/noticiasregionais.com.br\/index.php?rest_route=%2Fwp%2Fv2%2Fcomments&post=10085"}],"version-history":[{"count":0,"href":"https:\/\/noticiasregionais.com.br\/index.php?rest_route=\/wp\/v2\/posts\/10085\/revisions"}],"wp:featuredmedia":[{"embeddable":true,"href":"https:\/\/noticiasregionais.com.br\/index.php?rest_route=\/wp\/v2\/media\/10086"}],"wp:attachment":[{"href":"https:\/\/noticiasregionais.com.br\/index.php?rest_route=%2Fwp%2Fv2%2Fmedia&parent=10085"}],"wp:term":[{"taxonomy":"category","embeddable":true,"href":"https:\/\/noticiasregionais.com.br\/index.php?rest_route=%2Fwp%2Fv2%2Fcategories&post=10085"},{"taxonomy":"post_tag","embeddable":true,"href":"https:\/\/noticiasregionais.com.br\/index.php?rest_route=%2Fwp%2Fv2%2Ftags&post=10085"}],"curies":[{"name":"wp","href":"https:\/\/api.w.org\/{rel}","templated":true}]}}