{"id":10087,"date":"2025-09-26T04:05:00","date_gmt":"2025-09-26T07:05:00","guid":{"rendered":"https:\/\/noticiasregionais.com.br\/?p=10087"},"modified":"2025-09-26T04:05:00","modified_gmt":"2025-09-26T07:05:00","slug":"cafe-hoje-confira-as-cotacoes-para-sexta-feira-26","status":"publish","type":"post","link":"https:\/\/noticiasregionais.com.br\/?p=10087","title":{"rendered":"Caf\u00e9 hoje: confira as cota\u00e7\u00f5es para sexta-feira (26)"},"content":{"rendered":"<p>\t\t\t\t\t\t\t\t\t\t<audio controls class=\"b61_audio_player\" data-noticia=\"84839\" src=\"https:\/\/brasil61.com\/rails\/active_storage\/blobs\/eyJfcmFpbHMiOnsibWVzc2FnZSI6IkJBaHBBeE9nQXc9PSIsImV4cCI6bnVsbCwicHVyIjoiYmxvYl9pZCJ9fQ==--740703871b6f85e62b87ad995046db3c7089a621\/PAGR255817A\"><\/audio><\/p>\n<p>O <strong>pre\u00e7o do caf\u00e9 ar\u00e1bica inicia esta sexta-feira (26)\u00a0<\/strong>em alta de 2,25%. A\u00a0saca de 60 kg \u00e9 negociada por R$ 2.121,88 na cidade de S\u00e3o Paulo.<\/p>\n<\/p>\n<h3 dir=\"ltr\">INDICADOR DO CAF\u00c9 AR\u00c1BICA CEPEA\/ESALQ<\/h3>\n<table>\n<thead>\n<tr>\n<th>Data<\/th>\n<th>Valor R$<\/th>\n<th>Var. Dia<\/th>\n<th>Var. M\u00eas<\/th>\n<th>Valor US$<\/th>\n<\/tr>\n<\/thead>\n<tbody>\n<tr>\n<td>25\/09\/2025<\/td>\n<td>2.121,88<\/td>\n<td>2,25%<\/td>\n<td>-8,66%<\/td>\n<td>395,28<\/td>\n<\/tr>\n<tr>\n<td>24\/09\/2025<\/td>\n<td>2.075,25<\/td>\n<td>0,95%<\/td>\n<td>-10,67%<\/td>\n<td>389,57<\/td>\n<\/tr>\n<tr>\n<td>23\/09\/2025<\/td>\n<td>2.055,69<\/td>\n<td>-3,63%<\/td>\n<td>-11,51%<\/td>\n<td>388,97<\/td>\n<\/tr>\n<tr>\n<td>22\/09\/2025<\/td>\n<td>2.133,08<\/td>\n<td>-0,66%<\/td>\n<td>-8,18%<\/td>\n<td>399,68<\/td>\n<\/tr>\n<tr>\n<td>19\/09\/2025<\/td>\n<td>2.147,29<\/td>\n<td>-3,07%<\/td>\n<td>-7,57%<\/td>\n<td>403,63<\/td>\n<\/tr>\n<\/tbody>\n<\/table>\n<p>O<strong> caf\u00e9 robusta apresentou queda <\/strong>de 1,15% e est\u00e1 sendo negociado a R$ 1.288,92.<\/p>\n<h3>INDICADOR DO CAF\u00c9 ROBUSTA CEPEA\/ESALQ<\/h3>\n<table>\n<thead>\n<tr>\n<th>Data<\/th>\n<th>Valor R$<\/th>\n<th>Var. Dia<\/th>\n<th>Var. M\u00eas<\/th>\n<th>Valor US$<\/th>\n<\/tr>\n<\/thead>\n<tbody>\n<tr>\n<td>25\/09\/2025<\/td>\n<td>1.288,92<\/td>\n<td>-1,15%<\/td>\n<td>-16,00%<\/td>\n<td>240,11<\/td>\n<\/tr>\n<tr>\n<td>24\/09\/2025<\/td>\n<td>1.303,92<\/td>\n<td>1,96%<\/td>\n<td>-15,02%<\/td>\n<td>244,78<\/td>\n<\/tr>\n<tr>\n<td>23\/09\/2025<\/td>\n<td>1.278,86<\/td>\n<td>-2,62%<\/td>\n<td>-16,65%<\/td>\n<td>241,98<\/td>\n<\/tr>\n<tr>\n<td>22\/09\/2025<\/td>\n<td>1.313,22<\/td>\n<td>1,92%<\/td>\n<td>-14,42%<\/td>\n<td>246,06<\/td>\n<\/tr>\n<tr>\n<td>19\/09\/2025<\/td>\n<td>1.288,48<\/td>\n<td>-7,27%<\/td>\n<td>-16,03%<\/td>\n<td>242,20<\/td>\n<\/tr>\n<\/tbody>\n<\/table>\n<p>\u00a0<\/p>\n<\/p>\n<h2 dir=\"ltr\">A\u00e7\u00facar<\/h2>\n<p dir=\"ltr\">\u00a0<\/p>\n<p dir=\"ltr\">\n<p dir=\"ltr\">O <strong>pre\u00e7o do a\u00e7\u00facar cristal apresenta varia\u00e7\u00e3o nas principais pra\u00e7as do estado de S\u00e3o Paulo<\/strong>. Na capital, a saca de 50 kg apresenta queda de 0,22%, cotada a R$ 118,44.<\/p>\n<h3 dir=\"ltr\">INDICADOR DO A\u00c7\u00daCAR CRISTAL BRANCO CEPEA\/ESALQ &#8211; S\u00c3O PAULO<\/h3>\n<table>\n<thead>\n<tr>\n<th>Data<\/th>\n<th>Valor R$<\/th>\n<th>Var. Dia<\/th>\n<th>Var. M\u00eas<\/th>\n<th>Valor US$<\/th>\n<\/tr>\n<\/thead>\n<tbody>\n<tr>\n<td>25\/09\/2025<\/td>\n<td>118,44<\/td>\n<td>-0,22%<\/td>\n<td>0,00%<\/td>\n<td>22,06<\/td>\n<\/tr>\n<tr>\n<td>24\/09\/2025<\/td>\n<td>118,70<\/td>\n<td>-0,91%<\/td>\n<td>0,22%<\/td>\n<td>22,28<\/td>\n<\/tr>\n<tr>\n<td>23\/09\/2025<\/td>\n<td>119,79<\/td>\n<td>0,08%<\/td>\n<td>1,14%<\/td>\n<td>22,67<\/td>\n<\/tr>\n<tr>\n<td>22\/09\/2025<\/td>\n<td>119,70<\/td>\n<td>-0,62%<\/td>\n<td>1,06%<\/td>\n<td>22,43<\/td>\n<\/tr>\n<tr>\n<td>19\/09\/2025<\/td>\n<td>120,45<\/td>\n<td>0,94%<\/td>\n<td>1,70%<\/td>\n<td>22,64<\/td>\n<\/tr>\n<\/tbody>\n<\/table>\n<p>Em <strong>Santos (SP), <\/strong>a mercadoria \u00e9 negociada a R$ 119,89, a cota\u00e7\u00e3o m\u00e9dia, sem impostos, registra alta de 0,1,50%,\u00a0<\/p>\n<h3>INDICADOR A\u00c7\u00daCAR CRISTAL &#8211; SANTOS\u00a0<\/h3>\n<table>\n<thead>\n<tr>\n<th>Data<\/th>\n<th>Valor R$<\/th>\n<th>Var. Dia<\/th>\n<th>Var. M\u00eas<\/th>\n<th>Valor US$<\/th>\n<\/tr>\n<\/thead>\n<tbody>\n<tr>\n<td>25\/09\/2025<\/td>\n<td>119,89<\/td>\n<td>1,50%<\/td>\n<td>-3,54%<\/td>\n<td>22,44<\/td>\n<\/tr>\n<tr>\n<td>24\/09\/2025<\/td>\n<td>118,12<\/td>\n<td>-0,55%<\/td>\n<td>-4,96%<\/td>\n<td>22,24<\/td>\n<\/tr>\n<tr>\n<td>23\/09\/2025<\/td>\n<td>118,77<\/td>\n<td>1,33%<\/td>\n<td>-4,44%<\/td>\n<td>22,38<\/td>\n<\/tr>\n<tr>\n<td>22\/09\/2025<\/td>\n<td>117,21<\/td>\n<td>-0,69%<\/td>\n<td>-5,70%<\/td>\n<td>21,93<\/td>\n<\/tr>\n<tr>\n<td>19\/09\/2025<\/td>\n<td>118,03<\/td>\n<td>0,85%<\/td>\n<td>-5,04%<\/td>\n<td>22,15<\/td>\n<\/tr>\n<\/tbody>\n<\/table>\n<h2 dir=\"ltr\">Milho<\/h2>\n<p dir=\"ltr\">A <strong>saca de 60 kg do milho <\/strong>\u00e9 vendida a R$65,36, com aumento de 0,05%.<\/p>\n<p dir=\"ltr\">\u00a0<\/p>\n<p dir=\"ltr\">\n<h3 dir=\"ltr\">INDICADOR DO MILHO ESALQ\/BM&amp;FBOVESPA<\/h3>\n<table>\n<thead>\n<tr>\n<th>Data<\/th>\n<th>Valor R$<\/th>\n<th>Var. Dia<\/th>\n<th>Var. M\u00eas<\/th>\n<th>Valor US$<\/th>\n<\/tr>\n<\/thead>\n<tbody>\n<tr>\n<td>25\/09\/2025<\/td>\n<td>64,36<\/td>\n<td>0,05%<\/td>\n<td>0,11%<\/td>\n<td>11,99<\/td>\n<\/tr>\n<tr>\n<td>24\/09\/2025<\/td>\n<td>64,33<\/td>\n<td>0,02%<\/td>\n<td>0,06%<\/td>\n<td>12,08<\/td>\n<\/tr>\n<tr>\n<td>23\/09\/2025<\/td>\n<td>64,32<\/td>\n<td>-0,66%<\/td>\n<td>0,05%<\/td>\n<td>12,17<\/td>\n<\/tr>\n<tr>\n<td>22\/09\/2025<\/td>\n<td>64,75<\/td>\n<td>-0,87%<\/td>\n<td>0,72%<\/td>\n<td>12,13<\/td>\n<\/tr>\n<tr>\n<td>19\/09\/2025<\/td>\n<td>65,32<\/td>\n<td>-0,02%<\/td>\n<td>1,60%<\/td>\n<td>12,28<\/td>\n<\/tr>\n<\/tbody>\n<\/table>\n<p>\u00a0<\/p>\n<p>\u00a0<\/p>\n<\/p>\n<p>Os dados s\u00e3o do <a href=\"https:\/\/www.cepea.org.br\/br\/indicador\/milho.aspx\" target=\"_blank\" rel=\"noopener\">Cepea<\/a>.<\/p>\n<h2>Diferen\u00e7a entre caf\u00e9 ar\u00e1bica e caf\u00e9 robusta: caracter\u00edsticas, uso e regi\u00f5es produtoras<\/h2>\n<p>Caf\u00e9 ar\u00e1bica e caf\u00e9 robusta s\u00e3o as duas principais variedades cultivadas e comercializadas no Brasil, ambas medidas em sacas de 60 kg.<br \/>\nO caf\u00e9 ar\u00e1bica (conhecido tamb\u00e9m como caf\u00e9 Conilon, em algumas regi\u00f5es) tem sabor mais suave, menor teor de cafe\u00edna e alta qualidade sensorial, sendo preferido em cafeterias especializadas e nas exporta\u00e7\u00f5es de caf\u00e9s premium. Representa cerca de 70% da produ\u00e7\u00e3o brasileira, com destaque para estados como Minas Gerais e S\u00e3o Paulo.<\/p>\n<p>O caf\u00e9 robusta, por sua vez, possui sabor mais amargo, maior concentra\u00e7\u00e3o de cafe\u00edna e corpo mais intenso. \u00c9 amplamente utilizado na produ\u00e7\u00e3o de caf\u00e9 sol\u00favel e blends comerciais. Seus principais polos produtores s\u00e3o o Esp\u00edrito Santo e Rond\u00f4nia, e seu pre\u00e7o costuma ser mais baixo em compara\u00e7\u00e3o ao ar\u00e1bica, por conta do perfil mais industrial.<\/p>\n<h2>Como \u00e9 calculada a saca de a\u00e7\u00facar cristal?<\/h2>\n<p>A saca de a\u00e7\u00facar cristal no Brasil \u00e9 padronizada em 50 quilos, especialmente para comercializa\u00e7\u00e3o no mercado atacadista e para uso na ind\u00fastria aliment\u00edcia. Essa unidade de medida \u00e9 adotada pelo Cepea\/Esalq-USP, principal fonte de cota\u00e7\u00f5es di\u00e1rias do a\u00e7\u00facar cristal no pa\u00eds.<\/p>\n<h2>Qual o peso da saca de milho no Brasil?<\/h2>\n<p>A saca de milho equivale a 60 kg de gr\u00e3os, mesmo padr\u00e3o utilizado para soja e trigo. Essa medida \u00e9 oficializada por institui\u00e7\u00f5es como a Companhia Nacional de Abastecimento (Conab), o Minist\u00e9rio da Agricultura (MAPA) e o Cepea, sendo amplamente usada em negocia\u00e7\u00f5es e relat\u00f3rios de pre\u00e7o do milho.<br \/>\n\u00a0<\/p>\n<p>\t\t\t\t\t\t\t\t\t<img decoding=\"async\" src=\"https:\/\/brasil61.com\/api\/v1\/serve_pixel\/22254\/84839\" alt=\"Pixel Brasil 61\" class=\"b61_pixel\" width=\"0\" height=\"0\"><\/p>\n<div class=\"br61_backlink\">\n<p>\n\t\t\t\tFonte: <a href=\"https:\/\/brasil61.com\/cafe-hoje-confira-as-cotacoes-para-sexta-feira-26-pagr255817\" title=\"Artigo Original: Caf\u00e9 hoje: confira as cota\u00e7\u00f5es para sexta-feira (26)\" target=\"_blank\" rel=\"noopener\">Brasil 61<\/a>\n\t\t\t<\/p>\n<\/p><\/div>\n<input type=\"hidden\" id=\"baseurl\" value=\"https:\/\/noticiasregionais.com.br\"><input type=\"hidden\" id=\"audio_nonce\" value=\"5c13e0637f\">","protected":false},"excerpt":{"rendered":"<p>Veja os valores do caf\u00e9 ar\u00e1bica, caf\u00e9 robusta, a\u00e7\u00facar cristal e do milho no mercado<\/p>\n","protected":false},"author":1,"featured_media":10088,"comment_status":"","ping_status":"open","sticky":false,"template":"","format":"standard","meta":{"sfsi_plus_gutenberg_text_before_share":"","sfsi_plus_gutenberg_show_text_before_share":"","sfsi_plus_gutenberg_icon_type":"","sfsi_plus_gutenberg_icon_alignemt":"","sfsi_plus_gutenburg_max_per_row":"","footnotes":""},"categories":[8],"tags":[],"class_list":["post-10087","post","type-post","status-publish","format-standard","has-post-thumbnail","hentry","category-brasil"],"_links":{"self":[{"href":"https:\/\/noticiasregionais.com.br\/index.php?rest_route=\/wp\/v2\/posts\/10087","targetHints":{"allow":["GET"]}}],"collection":[{"href":"https:\/\/noticiasregionais.com.br\/index.php?rest_route=\/wp\/v2\/posts"}],"about":[{"href":"https:\/\/noticiasregionais.com.br\/index.php?rest_route=\/wp\/v2\/types\/post"}],"author":[{"embeddable":true,"href":"https:\/\/noticiasregionais.com.br\/index.php?rest_route=\/wp\/v2\/users\/1"}],"replies":[{"embeddable":true,"href":"https:\/\/noticiasregionais.com.br\/index.php?rest_route=%2Fwp%2Fv2%2Fcomments&post=10087"}],"version-history":[{"count":0,"href":"https:\/\/noticiasregionais.com.br\/index.php?rest_route=\/wp\/v2\/posts\/10087\/revisions"}],"wp:featuredmedia":[{"embeddable":true,"href":"https:\/\/noticiasregionais.com.br\/index.php?rest_route=\/wp\/v2\/media\/10088"}],"wp:attachment":[{"href":"https:\/\/noticiasregionais.com.br\/index.php?rest_route=%2Fwp%2Fv2%2Fmedia&parent=10087"}],"wp:term":[{"taxonomy":"category","embeddable":true,"href":"https:\/\/noticiasregionais.com.br\/index.php?rest_route=%2Fwp%2Fv2%2Fcategories&post=10087"},{"taxonomy":"post_tag","embeddable":true,"href":"https:\/\/noticiasregionais.com.br\/index.php?rest_route=%2Fwp%2Fv2%2Ftags&post=10087"}],"curies":[{"name":"wp","href":"https:\/\/api.w.org\/{rel}","templated":true}]}}