{"id":10089,"date":"2025-09-26T04:10:00","date_gmt":"2025-09-26T07:10:00","guid":{"rendered":"https:\/\/noticiasregionais.com.br\/?p=10089"},"modified":"2025-09-26T04:10:00","modified_gmt":"2025-09-26T07:10:00","slug":"soja-e-trigo-confira-as-cotacoes-de-preco-para-esta-sexta-feira-26","status":"publish","type":"post","link":"https:\/\/noticiasregionais.com.br\/?p=10089","title":{"rendered":"Soja e trigo: confira as cota\u00e7\u00f5es de pre\u00e7o para esta sexta-feira (26)"},"content":{"rendered":"<p>\t\t\t\t\t\t\t\t\t\t<audio controls class=\"b61_audio_player\" data-noticia=\"84837\" src=\"https:\/\/brasil61.com\/rails\/active_storage\/blobs\/eyJfcmFpbHMiOnsibWVzc2FnZSI6IkJBaHBBeFNnQXc9PSIsImV4cCI6bnVsbCwicHVyIjoiYmxvYl9pZCJ9fQ==--af55cdd52c1ca27e2353f22afba65d1352059cbe\/PAGR255816A\"><\/audio><\/p>\n<p>A <strong>saca de 60 kg da soja abre esta\u00a0esta sexta-feira (26)\u00a0com aumento<\/strong>\u00a0no interior do Paran\u00e1 e no litoral do estado, em Paranagu\u00e1. Na primeira regi\u00e3o o gr\u00e3o \u00e9 negociado a R$ 128,29, com alta de 0,16%, enquanto no litoral, a cota\u00e7\u00e3o cresceu 0,18%, chegando a R$ 133,91.<\/p>\n<\/p>\n<p><strong>INDICADOR DA SOJA CEPEA\/ESALQ &#8211; PARAN\u00c1<\/strong><\/p>\n<table>\n<thead>\n<tr>\n<th>Data<\/th>\n<th>Valor R$<\/th>\n<th>Var. Dia<\/th>\n<th>Var. M\u00eas<\/th>\n<th>Valor US$<\/th>\n<\/tr>\n<\/thead>\n<tbody>\n<tr>\n<td>25\/09\/2025<\/td>\n<td>128,29<\/td>\n<td>0,16%<\/td>\n<td>-4,44%<\/td>\n<td>23,90<\/td>\n<\/tr>\n<tr>\n<td>24\/09\/2025<\/td>\n<td>128,08<\/td>\n<td>-0,81%<\/td>\n<td>-4,60%<\/td>\n<td>24,04<\/td>\n<\/tr>\n<tr>\n<td>23\/09\/2025<\/td>\n<td>129,13<\/td>\n<td>-2,29%<\/td>\n<td>-3,81%<\/td>\n<td>24,43<\/td>\n<\/tr>\n<tr>\n<td>22\/09\/2025<\/td>\n<td>132,16<\/td>\n<td>-1,14%<\/td>\n<td>-1,56%<\/td>\n<td>24,76<\/td>\n<\/tr>\n<tr>\n<td>19\/09\/2025<\/td>\n<td>133,69<\/td>\n<td>-0,37%<\/td>\n<td>-0,42%<\/td>\n<td>25,13<\/td>\n<\/tr>\n<\/tbody>\n<\/table>\n<p dir=\"ltr\"><strong>INDICADOR DA SOJA CEPEA\/ESALQ &#8211; PARANAGU\u00c1<\/strong><\/p>\n<table>\n<thead>\n<tr>\n<th>Data<\/th>\n<th>Valor R$<\/th>\n<th>Var. Dia<\/th>\n<th>Var. M\u00eas<\/th>\n<th>Valor US$<\/th>\n<\/tr>\n<\/thead>\n<tbody>\n<tr>\n<td>25\/09\/2025<\/td>\n<td>133,91<\/td>\n<td>0,18%<\/td>\n<td>-4,05%<\/td>\n<td>24,95<\/td>\n<\/tr>\n<tr>\n<td>24\/09\/2025<\/td>\n<td>133,67<\/td>\n<td>-1,40%<\/td>\n<td>-4,22%<\/td>\n<td>25,09<\/td>\n<\/tr>\n<tr>\n<td>23\/09\/2025<\/td>\n<td>135,57<\/td>\n<td>-1,17%<\/td>\n<td>-2,86%<\/td>\n<td>25,65<\/td>\n<\/tr>\n<tr>\n<td>22\/09\/2025<\/td>\n<td>137,17<\/td>\n<td>-1,55%<\/td>\n<td>-1,71%<\/td>\n<td>25,70<\/td>\n<\/tr>\n<tr>\n<td>19\/09\/2025<\/td>\n<td>139,33<\/td>\n<td>-0,34%<\/td>\n<td>-0,16%<\/td>\n<td>26,19<\/td>\n<\/tr>\n<\/tbody>\n<\/table>\n<h2 dir=\"ltr\">Trigo<\/h2>\n<p dir=\"ltr\">O <strong>pre\u00e7o do trigo apresenta alta de 0,68% no Paran\u00e1<\/strong>, e a tonelada \u00e9 negociada a R$ 1.278,03. J\u00e1 no Rio Grande do Sul, a tonelada do gr\u00e3o registra desvaloriza\u00e7\u00e3o de -0,73% \u00e9 cotado a R$ 1.229,21.<\/p>\n<p dir=\"ltr\"><strong>PRE\u00c7O M\u00c9DIO DO TRIGO CEPEA\/ESALQ &#8211; PARAN\u00c1<\/strong><\/p>\n<p dir=\"ltr\">\n<table>\n<thead>\n<tr>\n<th>Data<\/th>\n<th>Valor R$\/t<\/th>\n<th>Var. Dia<\/th>\n<th>Var. M\u00eas<\/th>\n<th>Valor US$\/t<\/th>\n<\/tr>\n<\/thead>\n<tbody>\n<tr>\n<td>25\/09\/2025<\/td>\n<td>1.278,03<\/td>\n<td>0,68%<\/td>\n<td>-9,25%<\/td>\n<td>238,08<\/td>\n<\/tr>\n<tr>\n<td>24\/09\/2025<\/td>\n<td>1.269,40<\/td>\n<td>-0,50%<\/td>\n<td>-9,86%<\/td>\n<td>238,30<\/td>\n<\/tr>\n<tr>\n<td>23\/09\/2025<\/td>\n<td>1.275,84<\/td>\n<td>-0,69%<\/td>\n<td>-9,41%<\/td>\n<td>241,41<\/td>\n<\/tr>\n<tr>\n<td>22\/09\/2025<\/td>\n<td>1.284,76<\/td>\n<td>-0,94%<\/td>\n<td>-8,77%<\/td>\n<td>240,73<\/td>\n<\/tr>\n<tr>\n<td>19\/09\/2025<\/td>\n<td>1.296,89<\/td>\n<td>-3,18%<\/td>\n<td>-7,91%<\/td>\n<td>\n<p>243,78<\/p>\n<\/td>\n<\/tr>\n<\/tbody>\n<\/table>\n<p><strong>PRE\u00c7O M\u00c9DIO DO TRIGO CEPEA\/ESALQ &#8211; RIO GRANDE DO SUL<\/strong><\/p>\n<h3><\/h3>\n<table>\n<thead>\n<tr>\n<th>Data<\/th>\n<th>Valor R$\/t<\/th>\n<th>Var. Dia<\/th>\n<th>Var. M\u00eas<\/th>\n<th>Valor US$\/t<\/th>\n<\/tr>\n<\/thead>\n<tbody>\n<tr>\n<td>25\/09\/2025<\/td>\n<td>1.229,21<\/td>\n<td>-0,73%<\/td>\n<td>-4,26%<\/td>\n<td>228,99<\/td>\n<\/tr>\n<tr>\n<td>24\/09\/2025<\/td>\n<td>1.238,19<\/td>\n<td>-0,28%<\/td>\n<td>-3,56%<\/td>\n<td>232,44<\/td>\n<\/tr>\n<tr>\n<td>23\/09\/2025<\/td>\n<td>1.241,72<\/td>\n<td>-0,79%<\/td>\n<td>-3,28%<\/td>\n<td>234,95<\/td>\n<\/tr>\n<tr>\n<td>22\/09\/2025<\/td>\n<td>1.251,62<\/td>\n<td>-0,41%<\/td>\n<td>-2,51%<\/td>\n<td>234,52<\/td>\n<\/tr>\n<tr>\n<td>19\/09\/2025<\/td>\n<td>1.256,83<\/td>\n<td>-0,28%<\/td>\n<td>-2,11%<\/td>\n<td>236,25<\/td>\n<\/tr>\n<\/tbody>\n<\/table>\n<p>Os dados s\u00e3o do <a href=\"https:\/\/www.cepea.org.br\/br\/indicador\/trigo.aspx\" target=\"_blank\" rel=\"noopener\">Cepea.<\/a><\/p>\n<h2>O que \u00e9 uma saca de soja ou de trigo? Entenda a unidade de medida no mercado de gr\u00e3os<\/h2>\n<p>A saca de soja e a saca de trigo s\u00e3o as principais unidades de comercializa\u00e7\u00e3o de gr\u00e3os no Brasil. Cada saca equivale a 60 quilos, padr\u00e3o adotado por \u00f3rg\u00e3os oficiais como a Companhia Nacional de Abastecimento (Conab), o Minist\u00e9rio da Agricultura (MAPA) e o Centro de Estudos Avan\u00e7ados em Economia Aplicada (Cepea).<\/p>\n<p>Esse formato padronizado facilita o com\u00e9rcio da soja e do trigo, al\u00e9m de permitir um acompanhamento mais preciso das cota\u00e7\u00f5es e varia\u00e7\u00f5es de pre\u00e7os no mercado nacional.<\/p>\n<p>\n\u00a0<\/p>\n<p>\n\u00a0<\/p>\n<p>\t\t\t\t\t\t\t\t\t<img decoding=\"async\" src=\"https:\/\/brasil61.com\/api\/v1\/serve_pixel\/22254\/84837\" alt=\"Pixel Brasil 61\" class=\"b61_pixel\" width=\"0\" height=\"0\"><\/p>\n<div class=\"br61_backlink\">\n<p>\n\t\t\t\tFonte: <a href=\"https:\/\/brasil61.com\/soja-e-trigo-confira-as-cotacoes-de-preco-para-esta-sexta-feira-26-pagr255816\" title=\"Artigo Original: Soja e trigo: confira as cota\u00e7\u00f5es de pre\u00e7o para esta sexta-feira (26)\" target=\"_blank\" rel=\"noopener\">Brasil 61<\/a>\n\t\t\t<\/p>\n<\/p><\/div>\n<input type=\"hidden\" id=\"baseurl\" value=\"https:\/\/noticiasregionais.com.br\"><input type=\"hidden\" id=\"audio_nonce\" value=\"533fbb67b1\">","protected":false},"excerpt":{"rendered":"<p>Cota\u00e7\u00f5es da soja caem at\u00e9 0,18% no Paranagu\u00e1; trigo registra queda no Rio Grande do Sul<\/p>\n","protected":false},"author":1,"featured_media":10090,"comment_status":"","ping_status":"open","sticky":false,"template":"","format":"standard","meta":{"sfsi_plus_gutenberg_text_before_share":"","sfsi_plus_gutenberg_show_text_before_share":"","sfsi_plus_gutenberg_icon_type":"","sfsi_plus_gutenberg_icon_alignemt":"","sfsi_plus_gutenburg_max_per_row":"","footnotes":""},"categories":[8],"tags":[],"class_list":["post-10089","post","type-post","status-publish","format-standard","has-post-thumbnail","hentry","category-brasil"],"_links":{"self":[{"href":"https:\/\/noticiasregionais.com.br\/index.php?rest_route=\/wp\/v2\/posts\/10089","targetHints":{"allow":["GET"]}}],"collection":[{"href":"https:\/\/noticiasregionais.com.br\/index.php?rest_route=\/wp\/v2\/posts"}],"about":[{"href":"https:\/\/noticiasregionais.com.br\/index.php?rest_route=\/wp\/v2\/types\/post"}],"author":[{"embeddable":true,"href":"https:\/\/noticiasregionais.com.br\/index.php?rest_route=\/wp\/v2\/users\/1"}],"replies":[{"embeddable":true,"href":"https:\/\/noticiasregionais.com.br\/index.php?rest_route=%2Fwp%2Fv2%2Fcomments&post=10089"}],"version-history":[{"count":0,"href":"https:\/\/noticiasregionais.com.br\/index.php?rest_route=\/wp\/v2\/posts\/10089\/revisions"}],"wp:featuredmedia":[{"embeddable":true,"href":"https:\/\/noticiasregionais.com.br\/index.php?rest_route=\/wp\/v2\/media\/10090"}],"wp:attachment":[{"href":"https:\/\/noticiasregionais.com.br\/index.php?rest_route=%2Fwp%2Fv2%2Fmedia&parent=10089"}],"wp:term":[{"taxonomy":"category","embeddable":true,"href":"https:\/\/noticiasregionais.com.br\/index.php?rest_route=%2Fwp%2Fv2%2Fcategories&post=10089"},{"taxonomy":"post_tag","embeddable":true,"href":"https:\/\/noticiasregionais.com.br\/index.php?rest_route=%2Fwp%2Fv2%2Ftags&post=10089"}],"curies":[{"name":"wp","href":"https:\/\/api.w.org\/{rel}","templated":true}]}}