{"id":1009,"date":"2023-10-28T20:06:54","date_gmt":"2023-10-28T23:06:54","guid":{"rendered":"https:\/\/noticiasregionais.com.br\/?p=1009"},"modified":"2023-10-28T20:07:06","modified_gmt":"2023-10-28T23:07:06","slug":"cmec-ourinhos-promovera-comemoracao-do-1o-ano-de-atividades-com-noite-do-rosa","status":"publish","type":"post","link":"https:\/\/noticiasregionais.com.br\/?p=1009","title":{"rendered":"CMEC Ourinhos promover\u00e1 comemora\u00e7\u00e3o do 1\u00ba Ano de atividades com \u201cNoite do Rosa\u201d"},"content":{"rendered":"\n<p>O Conselho da Mulher Empreendedora e da Cultura de Ourinhos (CMEC) est\u00e1 completando seu primeiro ano de atividades e para comemorar esse marco importante para o empreendedorismo feminino local, ser\u00e1 realizada na pr\u00f3xima ter\u00e7a-feira (31) a \u201cNoite do Rosa\u201d.<\/p>\n\n\n\n<p>O evento acontecer\u00e1 a partir das 19 horas na sede da ACE e reunir\u00e1 associadas CMEC e convidadas. Ser\u00e1 um bate-papo especial com comemora\u00e7\u00e3o e muito networking.<\/p>\n\n\n\n<p>Al\u00e9m disso, tamb\u00e9m acontecer\u00e1 a elei\u00e7\u00e3o da nova diretoria do CMEC Ourinhos.<\/p>\n\n\n\n<p>O evento \u00e9 gratuito para associadas e aberto para o p\u00fablico em geral com convites a R$30,00 e inscri\u00e7\u00e3o pelo link <a href=\"https:\/\/www.sympla.com.br\/noite-do-rosa---em-comemoracao-ao-1-ano-do-cmec-ourinhos__2223883\" target=\"_blank\" rel=\"noopener\">https:\/\/www.sympla.com.br\/noite-do-rosa&#8212;em-comemoracao-ao-1-ano-do-cmec-ourinhos__2223883<\/a><\/p>\n\n\n\n<p>O CMEC foi criado pela ACE Ourinhos e tem como foco principal o apoio e est\u00edmulo ao empreendedorismo feminino, por meio da capacita\u00e7\u00e3o das mulheres.<\/p>\n<input type=\"hidden\" id=\"baseurl\" value=\"https:\/\/noticiasregionais.com.br\"><input type=\"hidden\" id=\"audio_nonce\" value=\"533fbb67b1\">","protected":false},"excerpt":{"rendered":"<p>O Conselho da Mulher Empreendedora e da Cultura de Ourinhos (CMEC) est\u00e1 completando seu primeiro ano de atividades e para&hellip;<\/p>\n","protected":false},"author":1,"featured_media":1010,"comment_status":"closed","ping_status":"open","sticky":false,"template":"","format":"standard","meta":{"sfsi_plus_gutenberg_text_before_share":"","sfsi_plus_gutenberg_show_text_before_share":"","sfsi_plus_gutenberg_icon_type":"","sfsi_plus_gutenberg_icon_alignemt":"","sfsi_plus_gutenburg_max_per_row":"","footnotes":""},"categories":[5,10,1],"tags":[],"class_list":["post-1009","post","type-post","status-publish","format-standard","has-post-thumbnail","hentry","category-ourinhos","category-destaques","category-noticias"],"_links":{"self":[{"href":"https:\/\/noticiasregionais.com.br\/index.php?rest_route=\/wp\/v2\/posts\/1009","targetHints":{"allow":["GET"]}}],"collection":[{"href":"https:\/\/noticiasregionais.com.br\/index.php?rest_route=\/wp\/v2\/posts"}],"about":[{"href":"https:\/\/noticiasregionais.com.br\/index.php?rest_route=\/wp\/v2\/types\/post"}],"author":[{"embeddable":true,"href":"https:\/\/noticiasregionais.com.br\/index.php?rest_route=\/wp\/v2\/users\/1"}],"replies":[{"embeddable":true,"href":"https:\/\/noticiasregionais.com.br\/index.php?rest_route=%2Fwp%2Fv2%2Fcomments&post=1009"}],"version-history":[{"count":1,"href":"https:\/\/noticiasregionais.com.br\/index.php?rest_route=\/wp\/v2\/posts\/1009\/revisions"}],"predecessor-version":[{"id":1011,"href":"https:\/\/noticiasregionais.com.br\/index.php?rest_route=\/wp\/v2\/posts\/1009\/revisions\/1011"}],"wp:featuredmedia":[{"embeddable":true,"href":"https:\/\/noticiasregionais.com.br\/index.php?rest_route=\/wp\/v2\/media\/1010"}],"wp:attachment":[{"href":"https:\/\/noticiasregionais.com.br\/index.php?rest_route=%2Fwp%2Fv2%2Fmedia&parent=1009"}],"wp:term":[{"taxonomy":"category","embeddable":true,"href":"https:\/\/noticiasregionais.com.br\/index.php?rest_route=%2Fwp%2Fv2%2Fcategories&post=1009"},{"taxonomy":"post_tag","embeddable":true,"href":"https:\/\/noticiasregionais.com.br\/index.php?rest_route=%2Fwp%2Fv2%2Ftags&post=1009"}],"curies":[{"name":"wp","href":"https:\/\/api.w.org\/{rel}","templated":true}]}}