{"id":10091,"date":"2025-09-26T04:20:00","date_gmt":"2025-09-26T07:20:00","guid":{"rendered":"https:\/\/noticiasregionais.com.br\/?p=10091"},"modified":"2025-09-26T04:20:00","modified_gmt":"2025-09-26T07:20:00","slug":"chuvas-no-centro-oeste-tempestades-isoladas-devem-atingir-areas-do-mt-e-go","status":"publish","type":"post","link":"https:\/\/noticiasregionais.com.br\/?p=10091","title":{"rendered":"Chuvas no Centro-Oeste: tempestades isoladas devem atingir \u00e1reas do MT e GO"},"content":{"rendered":"<p>\t\t\t\t\t\t\t\t\t\t<audio controls class=\"b61_audio_player\" data-noticia=\"84832\" src=\"https:\/\/brasil61.com\/rails\/active_storage\/blobs\/eyJfcmFpbHMiOnsibWVzc2FnZSI6IkJBaHBBd0tnQXc9PSIsImV4cCI6bnVsbCwicHVyIjoiYmxvYl9pZCJ9fQ==--53e67274130f5ce2b9d85bc0c025edb388905e16\/BRAS2514796A\"><\/audio><\/p>\n<p>Ap\u00f3s <strong>registros de <a href=\"https:\/\/portal.inmet.gov.br\/noticias\/inmet-divulga-previs%C3%A3o-para-semana-de-22-a-29-de-setembro\" target=\"_blank\" rel=\"noopener\">tempestades <\/a>na \u00faltima semana na regi\u00e3o Centro-Oeste <\/strong>\u2013 que causaram queda de \u00e1rvores, chuva forte com granizo e ventania \u2013, o <a href=\"https:\/\/portal.inmet.gov.br\/\" target=\"_blank\" rel=\"noopener\"><strong>Instituto Nacional de Meteorologia (Inmet) <\/strong><\/a>aponta que as chuvas intensas dar\u00e3o tr\u00e9gua nos pr\u00f3ximos dias. No entanto, <strong>ainda h\u00e1 previs\u00e3o de tempestades pontuais para cidades de Mato Grosso.<\/strong><\/p>\n<\/p>\n<p>O meteorologista Danilo Cabral, do Inmet, explica <strong>o que causou as fortes chuvas na regi\u00e3o<\/strong>. \u201cUm sistema frontal avan\u00e7ou sobre o Mato Grosso do Sul, em uma \u00e1rea de baixa press\u00e3o, de estabilidade, persistiu sobre o Mato Grosso e Goi\u00e1s, esses foram os fen\u00f4menos meteorol\u00f3gicos que propiciaram a forma\u00e7\u00e3o de tempestades\u201d, explica.<\/p>\n<p>Cabral aponta que houve uma diminui\u00e7\u00e3o significativa das tempestades na por\u00e7\u00e3o central do pa\u00eds. Apesar disso, ele afirma que <strong>ainda ser\u00e3o observadas tempestades isoladas no estado mato-grossense<\/strong>.\u00a0<\/p>\n<p>O meteorologista informa que a r<strong>egi\u00e3o centro-oeste do Mato Grosso deve ser a mais afetada<\/strong>. Dados do portal Inmet mostram que essa \u00e1rea do estado deve ter chuva entre 30 e 60 mm\/h ou 50 e 100 mm\/dia, ventos intensos (60-100 km\/h), e queda de granizo.<\/p>\n<p>\u201cSer\u00e3o observadas essas tempestades pontuais no centro-oeste do Mato Grosso que podem vir acompanhadas de vendaval, quedas de raio, n\u00e3o necessariamente com grandes volumes de chuva, mas a popula\u00e7\u00e3o deve ficar atenta aos avisos meteorol\u00f3gicos e os alertas da defesa civil\u201d, alerta Cabral.<\/p>\n<p>Confira alguns <strong>munic\u00edpios de Mato Grosso que podem registrar tempestades nos pr\u00f3ximos dias: Alta Floresta, Tabapor\u00e3, Aripuan\u00e3 e Sorriso.<\/strong><\/p>\n<p>J\u00e1 em <strong>Goi\u00e1s<\/strong>, tempestades podem ser registradas em<strong> S\u00e3o Miguel do Araguaia, Porangatu, Mundo Novo e Amaralina <\/strong>nos pr\u00f3ximos dias.<\/p>\n<p>Considerando os perigos como risco de corte de energia el\u00e9trica, estragos em planta\u00e7\u00f5es, queda de \u00e1rvores e de alagamentos, bem como destelhamento de casas, Cabral refor\u00e7a a<strong> import\u00e2ncia da popula\u00e7\u00e3o redobrar a aten\u00e7\u00e3o.<\/strong><\/p>\n<p>Ele destaca, ainda, que os cidad\u00e3o devem acompnhar os <strong>alertas da Defesa Civil estadual <\/strong>e seguir as orienta\u00e7\u00f5es para prote\u00e7\u00e3o em per\u00edodos de chuva intensa.<\/p>\n<p>\u201cAs recomenda\u00e7\u00f5es s\u00e3o que a popula\u00e7\u00e3o fique atenta aos avisos meteorol\u00f3gicos e alerta da defensiva estadual ou do seu munic\u00edpio e na imin\u00eancia do acontecimento desses eventos procure abrigo, evite regi\u00f5es descampadas porque quando ocorre tempestades pode haver a queda de granizo, trovoadas, fen\u00f4menos que podem atingir o ser humano, tamb\u00e9m vendavais\u201d, ressalta Cabral.<\/p>\n<h2>Estragos na regi\u00e3o Centro-Oeste<\/h2>\n<p>A <strong>semana come\u00e7ou com tempestades em \u00e1reas da regi\u00e3o<\/strong>, com avan\u00e7o da frente fria para as regi\u00f5es centrais do pa\u00eds. As tempestades foram registradas em Mato Grosso do Sul e Goi\u00e1s, al\u00e9m de registros isolados no Distrito Federal.<\/p>\n<p>Em cidades como <strong>Alto das Gar\u00e7as (MT) e Rondon\u00f3polis (MT), houve queda de granizo e vendavais. <\/strong>Os moradores tamb\u00e9m enfrentaram destelhamento nas casas, al\u00e9m de queda de \u00e1rvores e falta de energia el\u00e9trica.<\/p>\n<p>Em <strong>Goi\u00e2nia (GO), foram registrados raios e trov\u00f5es, al\u00e9m de ventos fortes<\/strong>. As fortes chuvas no territ\u00f3rio goiano tamb\u00e9m resultaram em ruas alagadas, conforme registro de moradores nas redes sociais. Tamb\u00e9m em Goi\u00e1s, o munic\u00edpio de Itumbiara foi atingido por chuva com granizo.<\/p>\n<p>\t\t\t\t\t\t\t\t\t<img decoding=\"async\" src=\"https:\/\/brasil61.com\/api\/v1\/serve_pixel\/22254\/84832\" alt=\"Pixel Brasil 61\" class=\"b61_pixel\" width=\"0\" height=\"0\"><\/p>\n<div class=\"br61_backlink\">\n<p>\n\t\t\t\tFonte: <a href=\"https:\/\/brasil61.com\/chuvas-no-centro-oeste-tempestades-isoladas-devem-atingir-areas-do-mt-e-go-bras2514796\" title=\"Artigo Original: Chuvas no Centro-Oeste: tempestades isoladas devem atingir \u00e1reas do MT e GO\" target=\"_blank\" rel=\"noopener\">Brasil 61<\/a>\n\t\t\t<\/p>\n<\/p><\/div>\n<input type=\"hidden\" id=\"baseurl\" value=\"https:\/\/noticiasregionais.com.br\"><input type=\"hidden\" id=\"audio_nonce\" value=\"533fbb67b1\">","protected":false},"excerpt":{"rendered":"<p>Meteorologista do Inmet diz que regi\u00f5es de MT podem ter vendavais e quedas de raio; popula\u00e7\u00e3o deve ficar atenta aos alertas da Defesa Civil<\/p>\n","protected":false},"author":1,"featured_media":10092,"comment_status":"","ping_status":"open","sticky":false,"template":"","format":"standard","meta":{"sfsi_plus_gutenberg_text_before_share":"","sfsi_plus_gutenberg_show_text_before_share":"","sfsi_plus_gutenberg_icon_type":"","sfsi_plus_gutenberg_icon_alignemt":"","sfsi_plus_gutenburg_max_per_row":"","footnotes":""},"categories":[8],"tags":[],"class_list":["post-10091","post","type-post","status-publish","format-standard","has-post-thumbnail","hentry","category-brasil"],"_links":{"self":[{"href":"https:\/\/noticiasregionais.com.br\/index.php?rest_route=\/wp\/v2\/posts\/10091","targetHints":{"allow":["GET"]}}],"collection":[{"href":"https:\/\/noticiasregionais.com.br\/index.php?rest_route=\/wp\/v2\/posts"}],"about":[{"href":"https:\/\/noticiasregionais.com.br\/index.php?rest_route=\/wp\/v2\/types\/post"}],"author":[{"embeddable":true,"href":"https:\/\/noticiasregionais.com.br\/index.php?rest_route=\/wp\/v2\/users\/1"}],"replies":[{"embeddable":true,"href":"https:\/\/noticiasregionais.com.br\/index.php?rest_route=%2Fwp%2Fv2%2Fcomments&post=10091"}],"version-history":[{"count":0,"href":"https:\/\/noticiasregionais.com.br\/index.php?rest_route=\/wp\/v2\/posts\/10091\/revisions"}],"wp:featuredmedia":[{"embeddable":true,"href":"https:\/\/noticiasregionais.com.br\/index.php?rest_route=\/wp\/v2\/media\/10092"}],"wp:attachment":[{"href":"https:\/\/noticiasregionais.com.br\/index.php?rest_route=%2Fwp%2Fv2%2Fmedia&parent=10091"}],"wp:term":[{"taxonomy":"category","embeddable":true,"href":"https:\/\/noticiasregionais.com.br\/index.php?rest_route=%2Fwp%2Fv2%2Fcategories&post=10091"},{"taxonomy":"post_tag","embeddable":true,"href":"https:\/\/noticiasregionais.com.br\/index.php?rest_route=%2Fwp%2Fv2%2Ftags&post=10091"}],"curies":[{"name":"wp","href":"https:\/\/api.w.org\/{rel}","templated":true}]}}