{"id":10093,"date":"2025-09-26T04:30:00","date_gmt":"2025-09-26T07:30:00","guid":{"rendered":"https:\/\/noticiasregionais.com.br\/?p=10093"},"modified":"2025-09-26T04:30:00","modified_gmt":"2025-09-26T07:30:00","slug":"valor-bruto-da-producao-do-agro-atinge-r14-trilhao-em-agosto","status":"publish","type":"post","link":"https:\/\/noticiasregionais.com.br\/?p=10093","title":{"rendered":"Valor Bruto da Produ\u00e7\u00e3o do Agro atinge R$1,4 trilh\u00e3o em agosto"},"content":{"rendered":"<p>\t\t\t\t\t\t\t\t\t\t<audio controls class=\"b61_audio_player\" data-noticia=\"84828\" src=\"https:\/\/brasil61.com\/rails\/active_storage\/blobs\/eyJfcmFpbHMiOnsibWVzc2FnZSI6IkJBaHBBL1NmQXc9PSIsImV4cCI6bnVsbCwicHVyIjoiYmxvYl9pZCJ9fQ==--3acefa505e1c4a9408b95feb19bc3fe5f79d6551\/BRAS2514793A\"><\/audio><\/p>\n<p>O<strong> Valor Bruto da Produ\u00e7\u00e3o Agropecu\u00e1ria (VBP)<\/strong> em agosto de 2025 atingiu <strong>R$1,406 trilh\u00e3o<\/strong> em agosto de 2025, alta de 11,3% em rela\u00e7\u00e3o ao ano anterior. Impulsionado pela soja, cana de a\u00e7\u00facar, milho e caf\u00e9, que lideram os valores de produ\u00e7\u00e3o e concentram grande parte do faturamento (53,8%),<a href=\"https:\/\/www.gov.br\/agricultura\/pt-br\/assuntos\/politica-agricola\/valor-bruto-da-producao-agropecuaria-vbp\" target=\"_blank\" rel=\"noopener\"> segundo o Minist\u00e9rio da Agricultura e Pecu\u00e1ria (Mapa)<\/a>.\u00a0<\/p>\n<\/p>\n<p dir=\"ltr\">\n<p dir=\"ltr\">\n<p dir=\"ltr\" style=\"text-align: justify\"><strong>Mato Grosso <\/strong>se destaca como principal estado produtor, com R$ 221,3 bilh\u00f5es (15,7%). Na sequ\u00eancia aparecem <strong>Minas Gerais<\/strong> (12%), com destaque para caf\u00e9, soja e leite; <strong>S\u00e3o Paulo<\/strong> (11,3%), sustentado por cana, caf\u00e9 e laranja; e <strong>Paran\u00e1 <\/strong>(11,2%), com predomin\u00e2ncia de milho, soja e frango.<\/p>\n<p dir=\"ltr\" style=\"text-align: justify\">Entre as lavouras, o avan\u00e7o foi de 10,8%, para R$ 928,07 bilh\u00f5es, puxado por <strong>amendoim<\/strong>, <strong>soja<\/strong>, <strong>milho<\/strong>, <strong>caf\u00e9<\/strong>, <strong>mamona <\/strong>e <strong>algod\u00e3o<\/strong>. J\u00e1 entre as maiores varia\u00e7\u00f5es negativas, destacam-se <strong>batata-inglesa<\/strong>, <strong>laranja<\/strong>, <strong>feij\u00e3o <\/strong>e <strong>arroz<\/strong>.\u00a0<\/p>\n<p dir=\"ltr\" style=\"text-align: justify\">A atividade pecu\u00e1ria cresceu 12,3% e alcan\u00e7ou R$478,08 bilh\u00f5es, os melhores resultados foram: <strong>bovinos <\/strong>(20,5%), <strong>frango <\/strong>(4,7%), <strong>leite <\/strong>(5,2%), <strong>su\u00ednos <\/strong>(9,6%) e <strong>ovos <\/strong>(14,1%).<\/p>\n<p dir=\"ltr\" style=\"text-align: justify\">O VBP \u00e9 calculado mensalmente pela Secretaria de Pol\u00edtica Agr\u00edcola do Mapa, considerando a produ\u00e7\u00e3o e os pre\u00e7os de mercado no m\u00eas vigente. Portanto, representa o faturamento bruto na propriedade rural.\u00a0<\/p>\n<p>\t\t\t\t\t\t\t\t\t<img decoding=\"async\" src=\"https:\/\/brasil61.com\/api\/v1\/serve_pixel\/22254\/84828\" alt=\"Pixel Brasil 61\" class=\"b61_pixel\" width=\"0\" height=\"0\"><\/p>\n<div class=\"br61_backlink\">\n<p>\n\t\t\t\tFonte: <a href=\"https:\/\/brasil61.com\/valor-bruto-da-producao-do-agro-atinge-r-1-4-trilhao-em-agosto-bras2514793\" title=\"Artigo Original: Valor Bruto da Produ\u00e7\u00e3o do Agro atinge R$1,4 trilh\u00e3o em agosto\" target=\"_blank\" rel=\"noopener\">Brasil 61<\/a>\n\t\t\t<\/p>\n<\/p><\/div>\n<input type=\"hidden\" id=\"baseurl\" value=\"https:\/\/noticiasregionais.com.br\"><input type=\"hidden\" id=\"audio_nonce\" value=\"533fbb67b1\">","protected":false},"excerpt":{"rendered":"<p>Soja, milho, caf\u00e9 e cana impulsionam crescimento; Mato Grosso lidera faturamento estadual com R$221 bilh\u00f5es<\/p>\n","protected":false},"author":1,"featured_media":10094,"comment_status":"","ping_status":"open","sticky":false,"template":"","format":"standard","meta":{"sfsi_plus_gutenberg_text_before_share":"","sfsi_plus_gutenberg_show_text_before_share":"","sfsi_plus_gutenberg_icon_type":"","sfsi_plus_gutenberg_icon_alignemt":"","sfsi_plus_gutenburg_max_per_row":"","footnotes":""},"categories":[8],"tags":[],"class_list":["post-10093","post","type-post","status-publish","format-standard","has-post-thumbnail","hentry","category-brasil"],"_links":{"self":[{"href":"https:\/\/noticiasregionais.com.br\/index.php?rest_route=\/wp\/v2\/posts\/10093","targetHints":{"allow":["GET"]}}],"collection":[{"href":"https:\/\/noticiasregionais.com.br\/index.php?rest_route=\/wp\/v2\/posts"}],"about":[{"href":"https:\/\/noticiasregionais.com.br\/index.php?rest_route=\/wp\/v2\/types\/post"}],"author":[{"embeddable":true,"href":"https:\/\/noticiasregionais.com.br\/index.php?rest_route=\/wp\/v2\/users\/1"}],"replies":[{"embeddable":true,"href":"https:\/\/noticiasregionais.com.br\/index.php?rest_route=%2Fwp%2Fv2%2Fcomments&post=10093"}],"version-history":[{"count":0,"href":"https:\/\/noticiasregionais.com.br\/index.php?rest_route=\/wp\/v2\/posts\/10093\/revisions"}],"wp:featuredmedia":[{"embeddable":true,"href":"https:\/\/noticiasregionais.com.br\/index.php?rest_route=\/wp\/v2\/media\/10094"}],"wp:attachment":[{"href":"https:\/\/noticiasregionais.com.br\/index.php?rest_route=%2Fwp%2Fv2%2Fmedia&parent=10093"}],"wp:term":[{"taxonomy":"category","embeddable":true,"href":"https:\/\/noticiasregionais.com.br\/index.php?rest_route=%2Fwp%2Fv2%2Fcategories&post=10093"},{"taxonomy":"post_tag","embeddable":true,"href":"https:\/\/noticiasregionais.com.br\/index.php?rest_route=%2Fwp%2Fv2%2Ftags&post=10093"}],"curies":[{"name":"wp","href":"https:\/\/api.w.org\/{rel}","templated":true}]}}