{"id":10095,"date":"2025-09-26T04:30:00","date_gmt":"2025-09-26T07:30:00","guid":{"rendered":"https:\/\/noticiasregionais.com.br\/?p=10095"},"modified":"2025-09-26T04:30:00","modified_gmt":"2025-09-26T07:30:00","slug":"agora-tem-especialistas-entenda-o-que-muda-no-sus","status":"publish","type":"post","link":"https:\/\/noticiasregionais.com.br\/?p=10095","title":{"rendered":"Agora tem Especialistas: entenda o que muda no SUS"},"content":{"rendered":"<p>\t\t\t\t\t\t\t\t\t\t<audio controls class=\"b61_audio_player\" data-noticia=\"84835\" src=\"https:\/\/brasil61.com\/rails\/active_storage\/blobs\/eyJfcmFpbHMiOnsibWVzc2FnZSI6IkJBaHBBdytnQXc9PSIsImV4cCI6bnVsbCwicHVyIjoiYmxvYl9pZCJ9fQ==--8ca21572b485b1ae18e09d0d7cce4da55a98e3d3\/BRAS2514797A\"><\/audio><\/p>\n<p>A <a href=\"https:\/\/www.camara.leg.br\/\" target=\"_blank\" rel=\"noopener\">C\u00e2mara dos Deputados<\/a> e o <a href=\"https:\/\/www12.senado.leg.br\/hpsenado\" target=\"_blank\" rel=\"noopener\">Senado<\/a> aprovaram, nesta quarta-feira (24), a <a href=\"https:\/\/www.congressonacional.leg.br\/materias\/medidas-provisorias\/-\/mpv\/168901\" target=\"_blank\" rel=\"noopener\">medida provis\u00f3ria<\/a> que cria o <strong>Programa Agora Tem Especialistas<\/strong>, iniciativa do <strong><a href=\"https:\/\/www.gov.br\/saude\/pt-br\" target=\"_blank\" rel=\"noopener\">Minist\u00e9rio da Sa\u00fade<\/a><\/strong> para diminuir o tempo de espera de pacientes do <strong><a href=\"https:\/\/www.gov.br\/saude\/pt-br\/sus\" target=\"_blank\" rel=\"noopener\">Sistema \u00danico de Sa\u00fade (SUS)<\/a><\/strong> por atendimento com especialidades m\u00e9dicas.\u00a0<\/p>\n<p>O projeto segue para <strong>san\u00e7\u00e3o presidencial<\/strong>, que deve ocorrer nos pr\u00f3ximos dias. O programa tem como meta <strong>reduzir a fila por atendimento, consultas e cirurgias<\/strong>. De acordo com o minist\u00e9rio, as \u00e1reas priorit\u00e1rias s\u00e3o <strong>oncologia, ortopedia, ginecologia, cardiologia, oftalmologia e otorrinolaringologia<\/strong>.\u00a0<\/p>\n<p>Os atendimentos envolvem as unidades de sa\u00fade do SUS, a <strong>realiza\u00e7\u00e3o de mutir\u00f5es, atendimentos em unidades m\u00f3veis de sa\u00fade e pelo sistema de telessa\u00fade<\/strong>.\u00a0<\/p>\n<p><strong><a href=\"https:\/\/www.coderp.sp.gov.br\/portal\/noticia\/ribeirao-preto-recebe-carretas-do-programa-agora-tem-especialistas-com-foco-em-consultas-oftalmologi\" target=\"_blank\" rel=\"noopener\">Ribeir\u00e3o Preto<\/a> (SP)<\/strong>, recebe, nesta semana, unidades m\u00f3veis de sa\u00fade para atendimentos oftalmol\u00f3gicos. Ser\u00e3o 120 atendimentos at\u00e9 a pr\u00f3xima semana, com a realiza\u00e7\u00e3o de 60 procedimentos cir\u00fargicos de catarata.<\/p>\n<p>De acordo com o secret\u00e1rio municipal de Sa\u00fade, Mauricio Godinho, a expectativa \u00e9 que, com a implementa\u00e7\u00e3o do programa, todos os 3,5 mil pacientes \u00e0 espera de corre\u00e7\u00e3o de catarata sejam atendidos nos pr\u00f3ximos dois meses.\u00a0<\/p>\n<p>O gestor destacou a substitui\u00e7\u00e3o, no SUS, do exame Papanicolau pelo teste de biologia molecular DNA-HPV para detectar o c\u00e2ncer de colo do \u00fatero como uma importante iniciativa do <a href=\"https:\/\/www.gov.br\/saude\/pt-br\/composicao\/saes\/agora-tem-especialistas\" target=\"_blank\" rel=\"noopener\">Agora tem Especialistas<\/a>.\u00a0<\/p>\n<p>\u201cO uso da biologia molecular permite um diagn\u00f3stico muito mais breve, muito mais inicial da presen\u00e7a do HPV. Assim, al\u00e9m de oferecer tratamento e reduzir a transmiss\u00e3o, diminui o maior risco, que \u00e9 o c\u00e2ncer de colo de \u00fatero. Trata-se de trazer tecnologia para a ponta para a aten\u00e7\u00e3o prim\u00e1ria\u201d, explica.<\/p>\n<h2>Atendimentos em hospitais particulares<\/h2>\n<p>Na <strong>rede privada<\/strong>, participam <strong>operadoras de planos, hospitais, cl\u00ednicas e institui\u00e7\u00f5es filantr\u00f3picas que aderirem ao programa<\/strong>.<\/p>\n<p>Como contrapartida, as institui\u00e7\u00f5es particulares receber\u00e3o i<strong>ncentivos fiscais referentes aos valores das consultas e atendimentos<\/strong>. J\u00e1 as <strong>operadoras de sa\u00fade poder\u00e3o trocar d\u00e9bitos por presta\u00e7\u00e3o de servi\u00e7os assistenciais.<\/strong> Em situa\u00e7\u00f5es de urg\u00eancia, a Uni\u00e3o poder\u00e1 executar o recurso de forma direta.\u00a0<\/p>\n<p>A contrata\u00e7\u00e3o ser\u00e1 feita por estados e munic\u00edpios, ou de maneira complementar pela Ag\u00eancia Brasileira de Apoio \u00e0 Gest\u00e3o do Sistema \u00danico de Sa\u00fade (AgSUS) e pelo Grupo Hospitalar Concei\u00e7\u00e3o, ambos vinculados ao Minist\u00e9rio da Sa\u00fade.\u00a0<\/p>\n<h2>Escassez de profissionais<\/h2>\n<p>Em audi\u00eancia p\u00fablica em agosto na comiss\u00e3o que analisava a MP, o ministro da Sa\u00fade, Alexandre Padilha, informou que apenas <strong>10% dos m\u00e9dicos especialistas do Brasil atendem pelo SUS e que a concentra\u00e7\u00e3o desses profissionais \u00e9 desigual entre os estados<\/strong>. De acordo com o ministro, alguns pacientes viajam at\u00e9 870 quil\u00f4metros para conseguir atendimento.<\/p>\n<p><strong>Pernambuco (PE)<\/strong> \u00e9 um dos estados pioneiros na implementa\u00e7\u00e3o de a\u00e7\u00f5es do Agora tem Especialistas. Para o superintendente do Minist\u00e9rio da Sa\u00fade em PE, Rosano Carvalho, os atendimentos m\u00e9dicos em carretas equipadas v\u00e3o beneficiar principalmente as popula\u00e7\u00f5es de \u00e1reas remotas do estado.\u00a0<\/p>\n<p>\u201cExiste uma concentra\u00e7\u00e3o de m\u00e9dicos e de m\u00e9dicos especialistas nos estados do Sul e Sudeste. O percentual de m\u00e9dicos \u00e0 disposi\u00e7\u00e3o da popula\u00e7\u00e3o diminui nos estados do Norte e Nordeste. Portanto, essa a\u00e7\u00e3o de formar especialistas e fix\u00e1-los em \u00e1reas como Pernambuco \u00e9 extremamente importante\u201d, ressalta.\u00a0<\/p>\n<p>Segundo o texto aprovado no Congresso, o Agora tem Especialistas funcionar\u00e1 at\u00e9 31 de dezembro de 2030. A ren\u00fancia fiscal \u00e9 de R$ 2 bilh\u00f5es ao ano a partir de 2026. No entanto, os \u00a0procedimentos podem ser realizados j\u00e1 em 2025.<br \/>\n\u00a0<\/p>\n<p>\t\t\t\t\t\t\t\t\t<img decoding=\"async\" src=\"https:\/\/brasil61.com\/api\/v1\/serve_pixel\/22254\/84835\" alt=\"Pixel Brasil 61\" class=\"b61_pixel\" width=\"0\" height=\"0\"><\/p>\n<div class=\"br61_backlink\">\n<p>\n\t\t\t\tFonte: <a href=\"https:\/\/brasil61.com\/agora-tem-especialistas-entenda-o-que-muda-no-sus-bras2514797\" title=\"Artigo Original: Agora tem Especialistas: entenda o que muda no SUS \" target=\"_blank\" rel=\"noopener\">Brasil 61<\/a>\n\t\t\t<\/p>\n<\/p><\/div>\n<input type=\"hidden\" id=\"baseurl\" value=\"https:\/\/noticiasregionais.com.br\"><input type=\"hidden\" id=\"audio_nonce\" value=\"533fbb67b1\">","protected":false},"excerpt":{"rendered":"<p>Programa vai acelerar atendimentos com especialidades m\u00e9dicas de forma gratuita para a popula\u00e7\u00e3o por meio de conv\u00eanios com hospitais particulares e filantr\u00f3picos<\/p>\n","protected":false},"author":1,"featured_media":10096,"comment_status":"","ping_status":"open","sticky":false,"template":"","format":"standard","meta":{"sfsi_plus_gutenberg_text_before_share":"","sfsi_plus_gutenberg_show_text_before_share":"","sfsi_plus_gutenberg_icon_type":"","sfsi_plus_gutenberg_icon_alignemt":"","sfsi_plus_gutenburg_max_per_row":"","footnotes":""},"categories":[8],"tags":[],"class_list":["post-10095","post","type-post","status-publish","format-standard","has-post-thumbnail","hentry","category-brasil"],"_links":{"self":[{"href":"https:\/\/noticiasregionais.com.br\/index.php?rest_route=\/wp\/v2\/posts\/10095","targetHints":{"allow":["GET"]}}],"collection":[{"href":"https:\/\/noticiasregionais.com.br\/index.php?rest_route=\/wp\/v2\/posts"}],"about":[{"href":"https:\/\/noticiasregionais.com.br\/index.php?rest_route=\/wp\/v2\/types\/post"}],"author":[{"embeddable":true,"href":"https:\/\/noticiasregionais.com.br\/index.php?rest_route=\/wp\/v2\/users\/1"}],"replies":[{"embeddable":true,"href":"https:\/\/noticiasregionais.com.br\/index.php?rest_route=%2Fwp%2Fv2%2Fcomments&post=10095"}],"version-history":[{"count":0,"href":"https:\/\/noticiasregionais.com.br\/index.php?rest_route=\/wp\/v2\/posts\/10095\/revisions"}],"wp:featuredmedia":[{"embeddable":true,"href":"https:\/\/noticiasregionais.com.br\/index.php?rest_route=\/wp\/v2\/media\/10096"}],"wp:attachment":[{"href":"https:\/\/noticiasregionais.com.br\/index.php?rest_route=%2Fwp%2Fv2%2Fmedia&parent=10095"}],"wp:term":[{"taxonomy":"category","embeddable":true,"href":"https:\/\/noticiasregionais.com.br\/index.php?rest_route=%2Fwp%2Fv2%2Fcategories&post=10095"},{"taxonomy":"post_tag","embeddable":true,"href":"https:\/\/noticiasregionais.com.br\/index.php?rest_route=%2Fwp%2Fv2%2Ftags&post=10095"}],"curies":[{"name":"wp","href":"https:\/\/api.w.org\/{rel}","templated":true}]}}