{"id":10099,"date":"2025-09-26T04:35:00","date_gmt":"2025-09-26T07:35:00","guid":{"rendered":"https:\/\/noticiasregionais.com.br\/?p=10099"},"modified":"2025-09-26T04:35:00","modified_gmt":"2025-09-26T07:35:00","slug":"sudeste-lidera-aviacao-nacional-com-829-milhoes-de-passageiros-entre-janeiro-e-agosto","status":"publish","type":"post","link":"https:\/\/noticiasregionais.com.br\/?p=10099","title":{"rendered":"Sudeste lidera avia\u00e7\u00e3o nacional com 82,9 milh\u00f5es de passageiros entre janeiro e agosto"},"content":{"rendered":"<p>\t\t\t\t\t\t\t\t\t\t<audio controls class=\"b61_audio_player\" data-noticia=\"84836\" src=\"https:\/\/brasil61.com\/rails\/active_storage\/blobs\/eyJfcmFpbHMiOnsibWVzc2FnZSI6IkJBaHBBeEtnQXc9PSIsImV4cCI6bnVsbCwicHVyIjoiYmxvYl9pZCJ9fQ==--96ddf6652ff8ab7a73136066b67c1360d564d0c0\/MPOR250116A\"><\/audio><\/p>\n<p><strong>Aeroportos do Sudeste movimentaram 55% dos passageiros do pa\u00eds em 2025<\/strong>. De janeiro a agosto deste ano, <a href=\"\">os aeroportos da regi\u00e3o movimentaram 82,9 milh\u00f5es de passageiros<\/a>, um crescimento de 9,1% em rela\u00e7\u00e3o ao mesmo per\u00edodo de 2024, quando foram registrados 76 milh\u00f5es de viajantes.\u00a0<\/p>\n<p>Segundo levantamento do <a href=\"https:\/\/www.gov.br\/portos-e-aeroportos\/pt-br\" target=\"_blank\" rel=\"noopener\">Minist\u00e9rio de Portos e Aeroportos (MPor)<\/a>, a partir de dados estat\u00edsticos da <a href=\"https:\/\/www.gov.br\/anac\/pt-br\" target=\"_blank\" rel=\"noopener\">Ag\u00eancia Nacional de Avia\u00e7\u00e3o Civil (Anac)<\/a>, somente em agosto, <strong>foram registrados 11 milh\u00f5es de embarques e desembarques, o maior volume mensal<\/strong> desde o in\u00edcio da s\u00e9rie hist\u00f3rica da Anac, em 2000.<\/p>\n<p><strong>O mercado dom\u00e9stico \u00e9 respons\u00e1vel pela maior parte do fluxo<\/strong>. Entre janeiro e agosto de 2025, <strong>67,2 milh\u00f5es de passageiros voaram dentro do Brasil por meio dos aeroportos do Sudeste<\/strong>, contra 61,8 milh\u00f5es no mesmo per\u00edodo de 2024. A alta reflete a amplia\u00e7\u00e3o da oferta de assentos pelas companhias a\u00e9reas e a retomada da demanda por turismo e viagens corporativas.\u00a0<\/p>\n<p><img decoding=\"async\" style=\"width:100%\" alt=\"\" src=\"\" \/><img decoding=\"async\" style=\"width:100%\" alt=\"\" src=\"https:\/\/noticiasregionais.com.br\/wp-content\/uploads\/2025\/09\/Sudestelideraaviaonacionalcom829milhesdepassageirosentrejaneiroeagosto_0223998001758872775.png\" \/><\/p>\n<p>Imagem: Destaques da avia\u00e7\u00e3o no Sudeste. Fonte: Divulga\u00e7\u00e3o\/MPor<\/p>\n<p>O ministro de Portos e Aeroportos, Silvio Costa Filho, destacou a regi\u00e3o como principal hub a\u00e9reo do pa\u00eds. \u201cO crescimento da avia\u00e7\u00e3o no Sudeste mostra a for\u00e7a da regi\u00e3o como principal porta de entrada e sa\u00edda do Brasil para o mundo. Estamos trabalhando para ampliar ainda mais essa conectividade, fortalecendo os grandes hubs e, ao mesmo tempo, criando condi\u00e7\u00f5es para que aeroportos regionais tamb\u00e9m ganhem novas rotas. Isso significa mais turismo, mais neg\u00f3cios e mais oportunidades para a popula\u00e7\u00e3o brasileira\u201d.<\/p>\n<h2>Rotas internacionais<\/h2>\n<p>Al\u00e9m de manter a posi\u00e7\u00e3o de lideran\u00e7a nos voos internacionais,<strong> o Sudeste apresentou avan\u00e7o de 11,8%<\/strong>. De janeiro a agosto de 2025, <strong>os aeroportos da regi\u00e3o contabilizaram 15,7 milh\u00f5es de embarques e desembarques em rotas intercontinentais<\/strong>, frente aos 14 milh\u00f5es no mesmo per\u00edodo de 2024. Na pr\u00e1tica, quase sete em cada dez passageiros internacionais que circulam pelo Brasil passam por terminais da regi\u00e3o.<\/p>\n<p>Esse protagonismo se deve, sobretudo, aos <strong>hubs de <a href=\"https:\/\/www.gru.com.br\/pt\" target=\"_blank\" rel=\"noopener\">Guarulhos (SP)<\/a> e <a href=\"https:\/\/www.riogaleao.com\/\" target=\"_blank\" rel=\"noopener\">Gale\u00e3o (RJ)<\/a>, que concentram as principais conex\u00f5es<\/strong> com Europa, Am\u00e9rica do Norte e \u00c1sia. O crescimento do setor tamb\u00e9m reflete o fortalecimento de terminais como <a href=\"https:\/\/www.bh-airport.com.br\/pt-BR\" target=\"_blank\" rel=\"noopener\">Confins (MG)<\/a> e <a href=\"https:\/\/vitoria-airport.com.br\/\" target=\"_blank\" rel=\"noopener\">Vit\u00f3ria (ES)<\/a>, que ampliam destinos e diversificam o tr\u00e1fego internacional no Sudeste.<\/p>\n<h2>Diversidade aeroportu\u00e1ria<\/h2>\n<p>Devido \u00e0 variedade de voca\u00e7\u00f5es econ\u00f4micas, o Sudeste apresenta uma movimenta\u00e7\u00e3o a\u00e9rea ampla e diversificada:<\/p>\n<ul>\n<li>\n<p><strong>S\u00e3o Paulo<\/strong> mant\u00e9m-se como principal centro de conex\u00f5es nacionais e internacionais, com destaque para neg\u00f3cios e turismo;<\/p>\n<\/li>\n<li>\n<p><strong>Rio de Janeiro<\/strong> alia a for\u00e7a do turismo de lazer e de eventos \u00e0 conectividade para Am\u00e9rica Latina, Europa e Am\u00e9rica do Norte;<\/p>\n<\/li>\n<li>\n<p><strong>Minas Gerais<\/strong>, com o Aeroporto Internacional de Confins, se consolida como hub regional e amplia gradualmente suas liga\u00e7\u00f5es diretas;<\/p>\n<\/li>\n<li>\n<p><strong>Esp\u00edrito Santo<\/strong>, por meio do aeroporto de Vit\u00f3ria, fortalece a avia\u00e7\u00e3o regional e tem avan\u00e7ado na integra\u00e7\u00e3o log\u00edstica.<\/p>\n<\/li>\n<\/ul>\n<p><strong>VEJA MAIS:<\/strong><\/p>\n<ul>\n<li><a href=\"https:\/\/brasil61.com\/n\/latam-vai-receber-74-novas-aeronaves-da-embraer-a-partir-de-2026-mpor250114\" target=\"_blank\" rel=\"noopener\">LATAM vai receber 74 novas aeronaves da Embraer a partir de 2026\u00a0<\/a><\/li>\n<li><a href=\"https:\/\/brasil61.com\/n\/saf-petrobras-produz-querosene-renovavel-em-escala-industrial-mpor250115\" target=\"_blank\" rel=\"noopener\">SAF: Petrobras produz querosene renov\u00e1vel em escala industrial<\/a><\/li>\n<li><a href=\"https:\/\/brasil61.com\/n\/malha-aerea-encolhe-15-em-dois-anos-mesmo-com-recorde-de-passageiros-bras2514662\" target=\"_blank\" rel=\"noopener\">Malha a\u00e9rea encolhe 15% em dois anos, mesmo com recorde de passageiros<\/a><br \/>\n\t\u00a0<\/li>\n<\/ul>\n<p>\t\t\t\t\t\t\t\t\t<img decoding=\"async\" src=\"https:\/\/brasil61.com\/api\/v1\/serve_pixel\/22254\/84836\" alt=\"Pixel Brasil 61\" class=\"b61_pixel\" width=\"0\" height=\"0\"><\/p>\n<div class=\"br61_backlink\">\n<p>\n\t\t\t\tFonte: <a href=\"https:\/\/brasil61.com\/sudeste-lidera-aviacao-nacional-com-82-9-milhoes-de-passageiros-entre-janeiro-e-agosto-mpor250116\" title=\"Artigo Original: Sudeste lidera avia\u00e7\u00e3o nacional com 82,9 milh\u00f5es de passageiros entre janeiro e agosto\" target=\"_blank\" rel=\"noopener\">Brasil 61<\/a>\n\t\t\t<\/p>\n<\/p><\/div>\n<input type=\"hidden\" id=\"baseurl\" value=\"https:\/\/noticiasregionais.com.br\"><input type=\"hidden\" id=\"audio_nonce\" value=\"533fbb67b1\">","protected":false},"excerpt":{"rendered":"<p>A regi\u00e3o concentra mais da metade dos passageiros do pa\u00eds e amplia presen\u00e7a internacional com crescimento de hubs e aeroportos regionais<\/p>\n","protected":false},"author":1,"featured_media":10100,"comment_status":"","ping_status":"open","sticky":false,"template":"","format":"standard","meta":{"sfsi_plus_gutenberg_text_before_share":"","sfsi_plus_gutenberg_show_text_before_share":"","sfsi_plus_gutenberg_icon_type":"","sfsi_plus_gutenberg_icon_alignemt":"","sfsi_plus_gutenburg_max_per_row":"","footnotes":""},"categories":[8],"tags":[],"class_list":["post-10099","post","type-post","status-publish","format-standard","has-post-thumbnail","hentry","category-brasil"],"_links":{"self":[{"href":"https:\/\/noticiasregionais.com.br\/index.php?rest_route=\/wp\/v2\/posts\/10099","targetHints":{"allow":["GET"]}}],"collection":[{"href":"https:\/\/noticiasregionais.com.br\/index.php?rest_route=\/wp\/v2\/posts"}],"about":[{"href":"https:\/\/noticiasregionais.com.br\/index.php?rest_route=\/wp\/v2\/types\/post"}],"author":[{"embeddable":true,"href":"https:\/\/noticiasregionais.com.br\/index.php?rest_route=\/wp\/v2\/users\/1"}],"replies":[{"embeddable":true,"href":"https:\/\/noticiasregionais.com.br\/index.php?rest_route=%2Fwp%2Fv2%2Fcomments&post=10099"}],"version-history":[{"count":0,"href":"https:\/\/noticiasregionais.com.br\/index.php?rest_route=\/wp\/v2\/posts\/10099\/revisions"}],"wp:featuredmedia":[{"embeddable":true,"href":"https:\/\/noticiasregionais.com.br\/index.php?rest_route=\/wp\/v2\/media\/10100"}],"wp:attachment":[{"href":"https:\/\/noticiasregionais.com.br\/index.php?rest_route=%2Fwp%2Fv2%2Fmedia&parent=10099"}],"wp:term":[{"taxonomy":"category","embeddable":true,"href":"https:\/\/noticiasregionais.com.br\/index.php?rest_route=%2Fwp%2Fv2%2Fcategories&post=10099"},{"taxonomy":"post_tag","embeddable":true,"href":"https:\/\/noticiasregionais.com.br\/index.php?rest_route=%2Fwp%2Fv2%2Ftags&post=10099"}],"curies":[{"name":"wp","href":"https:\/\/api.w.org\/{rel}","templated":true}]}}