{"id":10103,"date":"2025-09-26T04:40:00","date_gmt":"2025-09-26T07:40:00","guid":{"rendered":"https:\/\/noticiasregionais.com.br\/?p=10103"},"modified":"2025-09-26T04:40:00","modified_gmt":"2025-09-26T07:40:00","slug":"sistemas-agroflorestais-da-amazonia-viram-exemplo-internacional-na-semana-do-clima-em-nova-iorque","status":"publish","type":"post","link":"https:\/\/noticiasregionais.com.br\/?p=10103","title":{"rendered":"Sistemas agroflorestais da Amaz\u00f4nia viram exemplo internacional na Semana do Clima em Nova Iorque"},"content":{"rendered":"<p>\t\t\t\t\t\t\t\t\t\t<audio controls class=\"b61_audio_player\" data-noticia=\"84833\" src=\"https:\/\/brasil61.com\/rails\/active_storage\/blobs\/eyJfcmFpbHMiOnsibWVzc2FnZSI6IkJBaHBBd3lnQXc9PSIsImV4cCI6bnVsbCwicHVyIjoiYmxvYl9pZCJ9fQ==--63d97ac44aa9593ffd070f324f0a5032821f85f1\/BASA250096A\"><\/audio><\/p>\n<p>O <a href=\"https:\/\/www.bancoamazonia.com.br\/\" target=\"_blank\" rel=\"noopener\">Banco da Amaz\u00f4nia<\/a> participou, na quinta-feira (25), de dois pain\u00e9is da <a href=\"https:\/\/www.climateweeknyc.org\/\" target=\"_blank\" rel=\"noopener\">Semana do Clima 2025<\/a>, em Nova Iorque. Os debates trataram de lit\u00edgios clim\u00e1ticos, adapta\u00e7\u00e3o \u00e0s mudan\u00e7as do clima e solu\u00e7\u00f5es empresariais de impacto no Brasil.<\/p>\n<p>O presidente do Banco da Amaz\u00f4nia, Luiz Lessa, destacou o papel da institui\u00e7\u00e3o no financiamento de iniciativas sustent\u00e1veis na Amaz\u00f4nia e no potencial das a\u00e7\u00f5es serem replicadas a n\u00edvel global.<\/p>\n<p>\u201cO Banco da Amaz\u00f4nia tem orgulho de liderar na Amaz\u00f4nia, iniciativas que mostram ao mundo que \u00e9 poss\u00edvel conciliar floresta em p\u00e9, gera\u00e7\u00e3o de renda e inclus\u00e3o social. Ao impulsionar sistemas agroflorestais e fortalecer cadeias produtivas da sociobioeconomia, reafirmamos nosso papel como principal financiador do desenvolvimento sustent\u00e1vel da Amaz\u00f4nia e como parceiro estrat\u00e9gico na constru\u00e7\u00e3o de solu\u00e7\u00f5es globais\u201d, afirmou Lessa.<\/p>\n<p>No painel \u201cBrasil de Solu\u00e7\u00f5es Empresariais de Impacto: Alavancando o Matchmaking Financeiro\u201d, a institui\u00e7\u00e3o apresentou exemplos de<strong> sistemas agroflorestais (SAFs) <\/strong>que combinam gera\u00e7\u00e3o de renda, recupera\u00e7\u00e3o de \u00e1reas degradadas e conserva\u00e7\u00e3o da biodiversidade.\u00a0<\/p>\n<p>Tamb\u00e9m entraram na pauta o fortalecimento das cadeias produtivas de cacau, a\u00e7a\u00ed, castanha e pescado, al\u00e9m de oportunidades de cr\u00e9dito para neg\u00f3cios da <a href=\"https:\/\/www.gov.br\/mma\/pt-br\/composicao\/sbc\/dpeb\/plano-nacional-da-sociobioeconomia\" target=\"_blank\" rel=\"noopener\">sociobioeconomia<\/a>, que ainda enfrentam barreiras de financiamento.<\/p>\n<p>J\u00e1 no painel \u201cLit\u00edgios Clim\u00e1ticos e Adapta\u00e7\u00e3o: Estrat\u00e9gias para uma transi\u00e7\u00e3o justa e resili\u00eancia\u201d, com a participa\u00e7\u00e3o do diretor F\u00e1bio Maeda, o foco foi nos riscos clim\u00e1ticos f\u00edsicos e como empresas e agentes financeiros est\u00e3o integrando esses fatores em suas carteiras e tomadas de decis\u00e3o.<\/p>\n<p>O debate tamb\u00e9m explorou o papel crescente dos lit\u00edgios no apoio \u2014 ou, ao menos, na n\u00e3o obstru\u00e7\u00e3o \u2014 dos esfor\u00e7os de adapta\u00e7\u00e3o de longo prazo, especialmente em comunidades vulner\u00e1veis, e a import\u00e2ncia estrat\u00e9gica das parcerias p\u00fablico-privadas no financiamento clim\u00e1tico.<\/p>\n<p>A atua\u00e7\u00e3o integrada do Banco da Amaz\u00f4nia nos dois eventos consolidou sua posi\u00e7\u00e3o como um financiador de refer\u00eancia para uma economia amaz\u00f4nica inclusiva, competitiva e alinhada \u00e0s metas clim\u00e1ticas globais, refor\u00e7ando seu papel estrat\u00e9gico na constru\u00e7\u00e3o de um futuro sustent\u00e1vel para a regi\u00e3o e para o Brasil.<\/p>\n<p>As atividades come\u00e7aram no dia 22, com o F\u00f3rum Brasil-EUA de Energia e Tecnologia 2025. O encontro reuniu autoridades, empres\u00e1rios e especialistas para debater temas como energia limpa, minerais cr\u00edticos e inova\u00e7\u00e3o tecnol\u00f3gica. O evento foi promovido pelo <a href=\"https:\/\/valor.globo.com\/\" target=\"_blank\" rel=\"noopener\">jornal Valor Econ\u00f4mico<\/a> e pela <a href=\"https:\/\/www.amcham.com.br\/\" target=\"_blank\" rel=\"noopener\">C\u00e2mara Americana de Com\u00e9rcio para o Brasil (Amcham Brasil)<\/a>.<\/p>\n<p>\t\t\t\t\t\t\t\t\t<img decoding=\"async\" src=\"https:\/\/brasil61.com\/api\/v1\/serve_pixel\/22254\/84833\" alt=\"Pixel Brasil 61\" class=\"b61_pixel\" width=\"0\" height=\"0\"><\/p>\n<div class=\"br61_backlink\">\n<p>\n\t\t\t\tFonte: <a href=\"https:\/\/brasil61.com\/sistemas-agroflorestais-da-amazonia-viram-exemplo-internacional-na-semana-do-clima-em-nova-iorque-basa250096\" title=\"Artigo Original: Sistemas agroflorestais da Amaz\u00f4nia viram exemplo internacional na Semana do Clima em Nova Iorque\" target=\"_blank\" rel=\"noopener\">Brasil 61<\/a>\n\t\t\t<\/p>\n<\/p><\/div>\n<input type=\"hidden\" id=\"baseurl\" value=\"https:\/\/noticiasregionais.com.br\"><input type=\"hidden\" id=\"audio_nonce\" value=\"533fbb67b1\">","protected":false},"excerpt":{"rendered":"<p>Banco da Amaz\u00f4nia participou de debates sobre lit\u00edgios clim\u00e1ticos, adapta\u00e7\u00e3o \u00e0s mudan\u00e7as do clima e solu\u00e7\u00f5es empresariais de impacto no Brasil<\/p>\n","protected":false},"author":1,"featured_media":10104,"comment_status":"","ping_status":"open","sticky":false,"template":"","format":"standard","meta":{"sfsi_plus_gutenberg_text_before_share":"","sfsi_plus_gutenberg_show_text_before_share":"","sfsi_plus_gutenberg_icon_type":"","sfsi_plus_gutenberg_icon_alignemt":"","sfsi_plus_gutenburg_max_per_row":"","footnotes":""},"categories":[8],"tags":[],"class_list":["post-10103","post","type-post","status-publish","format-standard","has-post-thumbnail","hentry","category-brasil"],"_links":{"self":[{"href":"https:\/\/noticiasregionais.com.br\/index.php?rest_route=\/wp\/v2\/posts\/10103","targetHints":{"allow":["GET"]}}],"collection":[{"href":"https:\/\/noticiasregionais.com.br\/index.php?rest_route=\/wp\/v2\/posts"}],"about":[{"href":"https:\/\/noticiasregionais.com.br\/index.php?rest_route=\/wp\/v2\/types\/post"}],"author":[{"embeddable":true,"href":"https:\/\/noticiasregionais.com.br\/index.php?rest_route=\/wp\/v2\/users\/1"}],"replies":[{"embeddable":true,"href":"https:\/\/noticiasregionais.com.br\/index.php?rest_route=%2Fwp%2Fv2%2Fcomments&post=10103"}],"version-history":[{"count":0,"href":"https:\/\/noticiasregionais.com.br\/index.php?rest_route=\/wp\/v2\/posts\/10103\/revisions"}],"wp:featuredmedia":[{"embeddable":true,"href":"https:\/\/noticiasregionais.com.br\/index.php?rest_route=\/wp\/v2\/media\/10104"}],"wp:attachment":[{"href":"https:\/\/noticiasregionais.com.br\/index.php?rest_route=%2Fwp%2Fv2%2Fmedia&parent=10103"}],"wp:term":[{"taxonomy":"category","embeddable":true,"href":"https:\/\/noticiasregionais.com.br\/index.php?rest_route=%2Fwp%2Fv2%2Fcategories&post=10103"},{"taxonomy":"post_tag","embeddable":true,"href":"https:\/\/noticiasregionais.com.br\/index.php?rest_route=%2Fwp%2Fv2%2Ftags&post=10103"}],"curies":[{"name":"wp","href":"https:\/\/api.w.org\/{rel}","templated":true}]}}