{"id":10105,"date":"2025-09-27T04:10:00","date_gmt":"2025-09-27T07:10:00","guid":{"rendered":"https:\/\/noticiasregionais.com.br\/?p=10105"},"modified":"2025-09-27T04:10:00","modified_gmt":"2025-09-27T07:10:00","slug":"piso-da-enfermagem-estados-e-municipios-partilham-mais-de-r-7988-milhoes-em-setembro","status":"publish","type":"post","link":"https:\/\/noticiasregionais.com.br\/?p=10105","title":{"rendered":"Piso da enfermagem: estados e munic\u00edpios partilham mais de R$ 798,8 milh\u00f5es, em setembro"},"content":{"rendered":"<p>\t\t\t\t\t\t\t\t\t\t<audio controls class=\"b61_audio_player\" data-noticia=\"84863\" src=\"https:\/\/brasil61.com\/rails\/active_storage\/blobs\/eyJfcmFpbHMiOnsibWVzc2FnZSI6IkJBaHBBM2FoQXc9PSIsImV4cCI6bnVsbCwicHVyIjoiYmxvYl9pZCJ9fQ==--cbe713db0ffe865bb026897d5a1168619d740168\/BRAS2514808A\"><\/audio><\/p>\n<p>Os valores complementares para o pagamento do <strong>piso da enfermagem referentes ao m\u00eas de setembro <\/strong>j\u00e1 podem ser consultados. Os recursos foram detalhados na<a href=\"https:\/\/www.in.gov.br\/en\/web\/dou\/-\/portaria-gm\/ms-n-8.214-de-22-de-setembro-de-2025-658383022\" target=\"_blank\" rel=\"noopener\"> Portaria GM\/MS n\u00ba 8.214, de 22 de setembro de 2025<\/a>, publicada pelo <strong><a href=\"https:\/\/www.gov.br\/saude\/pt-br\" target=\"_blank\" rel=\"noopener\">Minist\u00e9rio da Sa\u00fade <\/a>no Di\u00e1rio Oficial da Uni\u00e3o<\/strong>. \u00a0<\/p>\n<p>A<strong> transfer\u00eancia totaliza R$ 798,8 milh\u00f5es (798.882.139,26)<\/strong>, entre os valores destinados \u00e0 <strong>execu\u00e7\u00e3o municipal e estadual<\/strong>.\u00a0<\/p>\n<p>O recurso \u00e9 repassado aos entes federados mensalmente. O intuito \u00e9 de que, com a verba, estados e munic\u00edpios efetuem o pagamento do piso de profissionais da categoria.\u00a0<\/p>\n<p>Em contrapartida, o advogado especialista em direito m\u00e9dico, Josenir Teixeira, destaca que a destina\u00e7\u00e3o desse dinheiro deve ser fiscalizada, com vistas a garantir que os valores cheguem aos trabalhadores.<\/p>\n<p>\u201cOs profissionais da enfermagem devem ficar atentos a acompanhar o repasse que os munic\u00edpios ir\u00e3o receber, para que os munic\u00edpios efetivamente repassem os valores \u00e0s suas empregadoras, para que, finalmente, as suas empregadoras paguem os valores dentro da folha de pagamento. Vamos ver se realmente esses valores repassados pela Uni\u00e3o ser\u00e3o suficientes para cumprir o que disse a lei\u201d, diz Teixeira.<\/p>\n<p><strong>Entre os munic\u00edpios, Goianinha (RN), Picos (PI) e Belo Jardim (PE) receber\u00e3o mais de R$ 200 mil cada. Para Arapiraca (AL), Vit\u00f3ria da Conquista (BA), Caxias (MA), Governador Valadares (MG), Dourados (MS), a previs\u00e3o \u00e9 de destina\u00e7\u00e3o de mais de R$ 1 milh\u00e3o para cada.\u00a0<\/strong><\/p>\n<h2>Confira na tabela abaixo quanto cada estado recebeu \u00a0<\/h2>\n<p>Entre os estados,<strong> o maior valor foi destinado a Minas Gerais, que conta, no total, com mais de R$ 113,8 milh\u00f5es<\/strong>. Na sequ\u00eancia aparece<strong> Bahia, com cerca de R$ 84 milh\u00f5es,<\/strong> entre valores de execu\u00e7\u00e3o estadual e municipal.\u00a0<\/p>\n<h2>Cofen e Bancada da Enfermagem: reuni\u00e3o com\u00a0ministro da Sa\u00fade\u00a0<\/h2>\n<p>O ministro da Sa\u00fade Alexandre Padilha recebeu, no \u00faltimo dia 24, uma comitiva de membros do <strong>Sistema <a href=\"https:\/\/www.cofen.gov.br\/o-cofen\/\" target=\"_blank\" rel=\"noopener\">Cofen<\/a>\/Conselhos Regionais de Enfermagem <\/strong>e parlamentares da <strong>Bancada da Enfermagem<\/strong>.<\/p>\n<p>O grupo pediu o apoio da pasta da Sa\u00fade para a aprova\u00e7\u00e3o da <strong>PEC 19 \u2013 que vincula o piso da enfermagem a uma jornada de 30 horas de trabalho<\/strong>. No momento, a mat\u00e9ria segue na Comiss\u00e3o de Constitui\u00e7\u00e3o e Justi\u00e7a (CCJ) do Senado e aguarda delibera\u00e7\u00e3o.<br \/>\n\u00a0<\/p>\n<p>\t\t\t\t\t\t\t\t\t<img decoding=\"async\" src=\"https:\/\/brasil61.com\/api\/v1\/serve_pixel\/22254\/84863\" alt=\"Pixel Brasil 61\" class=\"b61_pixel\" width=\"0\" height=\"0\"><\/p>\n<div class=\"br61_backlink\">\n<p>\n\t\t\t\tFonte: <a href=\"https:\/\/brasil61.com\/piso-da-enfermagem-estados-e-municipios-partilham-mais-de-r-798-8-milhoes-em-setembro-bras2514808\" title=\"Artigo Original: Piso da enfermagem: estados e munic\u00edpios partilham mais de R$ 798,8 milh\u00f5es, em setembro\" target=\"_blank\" rel=\"noopener\">Brasil 61<\/a>\n\t\t\t<\/p>\n<\/p><\/div>\n<input type=\"hidden\" id=\"baseurl\" value=\"https:\/\/noticiasregionais.com.br\"><input type=\"hidden\" id=\"audio_nonce\" value=\"5c13e0637f\">","protected":false},"excerpt":{"rendered":"<p>Entre os estados, o maior valor foi destinado a Minas Gerais, que conta, no total, com mais de R$ 113,8 milh\u00f5es<\/p>\n","protected":false},"author":1,"featured_media":10106,"comment_status":"","ping_status":"open","sticky":false,"template":"","format":"standard","meta":{"sfsi_plus_gutenberg_text_before_share":"","sfsi_plus_gutenberg_show_text_before_share":"","sfsi_plus_gutenberg_icon_type":"","sfsi_plus_gutenberg_icon_alignemt":"","sfsi_plus_gutenburg_max_per_row":"","footnotes":""},"categories":[8],"tags":[],"class_list":["post-10105","post","type-post","status-publish","format-standard","has-post-thumbnail","hentry","category-brasil"],"_links":{"self":[{"href":"https:\/\/noticiasregionais.com.br\/index.php?rest_route=\/wp\/v2\/posts\/10105","targetHints":{"allow":["GET"]}}],"collection":[{"href":"https:\/\/noticiasregionais.com.br\/index.php?rest_route=\/wp\/v2\/posts"}],"about":[{"href":"https:\/\/noticiasregionais.com.br\/index.php?rest_route=\/wp\/v2\/types\/post"}],"author":[{"embeddable":true,"href":"https:\/\/noticiasregionais.com.br\/index.php?rest_route=\/wp\/v2\/users\/1"}],"replies":[{"embeddable":true,"href":"https:\/\/noticiasregionais.com.br\/index.php?rest_route=%2Fwp%2Fv2%2Fcomments&post=10105"}],"version-history":[{"count":0,"href":"https:\/\/noticiasregionais.com.br\/index.php?rest_route=\/wp\/v2\/posts\/10105\/revisions"}],"wp:featuredmedia":[{"embeddable":true,"href":"https:\/\/noticiasregionais.com.br\/index.php?rest_route=\/wp\/v2\/media\/10106"}],"wp:attachment":[{"href":"https:\/\/noticiasregionais.com.br\/index.php?rest_route=%2Fwp%2Fv2%2Fmedia&parent=10105"}],"wp:term":[{"taxonomy":"category","embeddable":true,"href":"https:\/\/noticiasregionais.com.br\/index.php?rest_route=%2Fwp%2Fv2%2Fcategories&post=10105"},{"taxonomy":"post_tag","embeddable":true,"href":"https:\/\/noticiasregionais.com.br\/index.php?rest_route=%2Fwp%2Fv2%2Ftags&post=10105"}],"curies":[{"name":"wp","href":"https:\/\/api.w.org\/{rel}","templated":true}]}}