{"id":10107,"date":"2025-09-27T04:15:00","date_gmt":"2025-09-27T07:15:00","guid":{"rendered":"https:\/\/noticiasregionais.com.br\/?p=10107"},"modified":"2025-09-27T04:15:00","modified_gmt":"2025-09-27T07:15:00","slug":"mutiroes-de-pericia-conectada-oferecem-mais-de-5-mil-vagas-neste-fim-de-semana","status":"publish","type":"post","link":"https:\/\/noticiasregionais.com.br\/?p=10107","title":{"rendered":"Mutir\u00f5es de per\u00edcia conectada oferecem mais de 5 mil vagas neste fim de semana"},"content":{"rendered":"<p>\t\t\t\t\t\t\t\t\t\t<audio controls class=\"b61_audio_player\" data-noticia=\"84866\" src=\"https:\/\/brasil61.com\/rails\/active_storage\/blobs\/eyJfcmFpbHMiOnsibWVzc2FnZSI6IkJBaHBBNG1oQXc9PSIsImV4cCI6bnVsbCwicHVyIjoiYmxvYl9pZCJ9fQ==--4496849b11ec2333c2a4d1bc020dcdbc9abcb6a9\/BRAS2514810A\"><\/audio><\/p>\n<p>O <strong><a href=\"https:\/\/www.gov.br\/previdencia\/pt-br\/noticias\/2025\/setembro\/mutiroes-de-pericia-conectada-oferecem-mais-de-5-mil-vagas-neste-fim-de-semana\" target=\"_blank\" rel=\"noopener\">Minist\u00e9rio da Previd\u00eancia Social<\/a> <\/strong>promove, neste s\u00e1bado (<strong>27) e domingo (28)<\/strong>, <strong>mutir\u00f5es de per\u00edcia m\u00e9dica conectada<\/strong>, com a oferta de mais de 5 mil vagas em <strong>35 cidades (veja lista abaixo)<\/strong>. A iniciativa busca <strong>reduzir a fila de segurados que aguardam avalia\u00e7\u00e3o para concess\u00e3o de benef\u00edcios por incapacidade<\/strong>.<\/p>\n<\/p>\n<p dir=\"ltr\" style=\"text-align: justify\">As per\u00edcias conectadas permitem que m\u00e9dicos peritos realizem <strong>atendimentos a dist\u00e2ncia<\/strong>, por meio de videoconfer\u00eancia. O formato garante agilidade e amplia o alcance do servi\u00e7o, sobretudo em cidades do interior e regi\u00f5es de dif\u00edcil acesso.<\/p>\n<p dir=\"ltr\" style=\"text-align: justify\">Estados como <strong>Amazonas, Bahia, Cear\u00e1, Par\u00e1, Paran\u00e1, Rio Grande do Sul e Santa Catarina<\/strong> participam da a\u00e7\u00e3o. As per\u00edcias atendem a diferentes demandas, incluindo benef\u00edcios por incapacidade tempor\u00e1ria que n\u00e3o foram aprovados na an\u00e1lise documental, al\u00e9m de avalia\u00e7\u00f5es m\u00e9dicas relacionadas a requerimentos do BPC para pessoas com defici\u00eancia e revis\u00e3o desses benef\u00edcios assistenciais.<\/p>\n<p dir=\"ltr\" style=\"text-align: justify\">A <strong>Regi\u00e3o Sul<\/strong> concentra o maior n\u00famero de vagas, destinadas a pessoas que haviam agendado atendimento pericial, mas enfrentavam longos tempos de espera. Ser\u00e3o oferecidos <strong>800 atendimentos em Joinville (SC), 400 em Curitiba (PR) e 374 em Cascavel (PR).<\/strong><\/p>\n<table class=\"tabela-cidades\">\n<thead>\n<tr>\n<th>UF<\/th>\n<th>Estado<\/th>\n<th>Munic\u00edpio<\/th>\n<\/tr>\n<\/thead>\n<tbody>\n<tr>\n<td>AM<\/td>\n<td>Amazonas<\/td>\n<td>Tabatinga (s\u00e1bado)<\/td>\n<\/tr>\n<tr>\n<td>AM<\/td>\n<td>Amazonas<\/td>\n<td>Manacapuru<\/td>\n<\/tr>\n<tr>\n<td>AM<\/td>\n<td>Amazonas<\/td>\n<td>Itacoatiara<\/td>\n<\/tr>\n<tr>\n<td>AM<\/td>\n<td>Amazonas<\/td>\n<td>S\u00e3o Gabriel da Cachoeira (s\u00e1bado)<\/td>\n<\/tr>\n<tr>\n<td>AM<\/td>\n<td>Amazonas<\/td>\n<td>Presidente Figueiredo (domingo)<\/td>\n<\/tr>\n<tr>\n<td>AM<\/td>\n<td>Amazonas<\/td>\n<td>Iranduba<\/td>\n<\/tr>\n<tr>\n<td>BA<\/td>\n<td>Bahia<\/td>\n<td>Irec\u00ea<\/td>\n<\/tr>\n<tr>\n<td>BA<\/td>\n<td>Bahia<\/td>\n<td>Paripiranga<\/td>\n<\/tr>\n<tr>\n<td>BA<\/td>\n<td>Bahia<\/td>\n<td>Caetit\u00e9 (s\u00e1bado)<\/td>\n<\/tr>\n<tr>\n<td>BA<\/td>\n<td>Bahia<\/td>\n<td>Barreiras<\/td>\n<\/tr>\n<tr>\n<td>BA<\/td>\n<td>Bahia<\/td>\n<td>Santa Rita de C\u00e1ssia<\/td>\n<\/tr>\n<tr>\n<td>BA<\/td>\n<td>Bahia<\/td>\n<td>Eun\u00e1polis<\/td>\n<\/tr>\n<tr>\n<td>BA<\/td>\n<td>Bahia<\/td>\n<td>Cruz das Almas<\/td>\n<\/tr>\n<tr>\n<td>BA<\/td>\n<td>Bahia<\/td>\n<td>Nazar\u00e9<\/td>\n<\/tr>\n<tr>\n<td>CE<\/td>\n<td>Cear\u00e1<\/td>\n<td>Ubajara<\/td>\n<\/tr>\n<tr>\n<td>PA<\/td>\n<td>Par\u00e1<\/td>\n<td>Goian\u00e9sia do Par\u00e1<\/td>\n<\/tr>\n<tr>\n<td>PA<\/td>\n<td>Par\u00e1<\/td>\n<td>Reden\u00e7\u00e3o\/Par\u00e1<\/td>\n<\/tr>\n<tr>\n<td>PA<\/td>\n<td>Par\u00e1<\/td>\n<td>Marab\u00e1<\/td>\n<\/tr>\n<tr>\n<td>PA<\/td>\n<td>Par\u00e1<\/td>\n<td>S\u00e3o Geraldo do Araguaia<\/td>\n<\/tr>\n<tr>\n<td>PA<\/td>\n<td>Par\u00e1<\/td>\n<td>Rondon do Par\u00e1<\/td>\n<\/tr>\n<tr>\n<td>PA<\/td>\n<td>Par\u00e1<\/td>\n<td>Jacund\u00e1<\/td>\n<\/tr>\n<tr>\n<td>PA<\/td>\n<td>Par\u00e1<\/td>\n<td>Xinguara<\/td>\n<\/tr>\n<tr>\n<td>PA<\/td>\n<td>Par\u00e1<\/td>\n<td>Parauapebas<\/td>\n<\/tr>\n<tr>\n<td>PA<\/td>\n<td>Par\u00e1<\/td>\n<td>Concei\u00e7\u00e3o do Araguaia (s\u00e1bado)<\/td>\n<\/tr>\n<tr>\n<td>PR<\/td>\n<td>Paran\u00e1<\/td>\n<td>Campo Mour\u00e3o<\/td>\n<\/tr>\n<tr>\n<td>PR<\/td>\n<td>Paran\u00e1<\/td>\n<td>Maring\u00e1<\/td>\n<\/tr>\n<tr>\n<td>PR<\/td>\n<td>Paran\u00e1<\/td>\n<td>Cascavel<\/td>\n<\/tr>\n<tr>\n<td>PR<\/td>\n<td>Paran\u00e1<\/td>\n<td>Francisco Beltr\u00e3o<\/td>\n<\/tr>\n<tr>\n<td>PR<\/td>\n<td>Paran\u00e1<\/td>\n<td>Marechal Candido Rondon<\/td>\n<\/tr>\n<tr>\n<td>PR<\/td>\n<td>Paran\u00e1<\/td>\n<td>Medianeira<\/td>\n<\/tr>\n<tr>\n<td>PR<\/td>\n<td>Paran\u00e1<\/td>\n<td>Ponta Grossa<\/td>\n<\/tr>\n<tr>\n<td>PR<\/td>\n<td>Paran\u00e1<\/td>\n<td>Cianorte<\/td>\n<\/tr>\n<tr>\n<td>PR<\/td>\n<td>Paran\u00e1<\/td>\n<td>Curitiba<\/td>\n<\/tr>\n<tr>\n<td>RS<\/td>\n<td>Rio Grande do Sul<\/td>\n<td>Santa Rosa<\/td>\n<\/tr>\n<tr>\n<td>RS<\/td>\n<td>Rio Grande do Sul<\/td>\n<td>Frederico Westphalen<\/td>\n<\/tr>\n<tr>\n<td>SC<\/td>\n<td>Santa Catarina<\/td>\n<td>Joinville<\/td>\n<\/tr>\n<\/tbody>\n<\/table>\n<p>.tabela-cidades {<br \/>\n    width: 100%;<br \/>\n    border-collapse: collapse;<br \/>\n    font-family: sans-serif;<br \/>\n  }<br \/>\n  .tabela-cidades th,<br \/>\n  .tabela-cidades td {<br \/>\n    border: 1px solid #ddd;<br \/>\n    padding: 8px;<br \/>\n    text-align: center;<br \/>\n  }<br \/>\n  \/* for\u00e7a o cabe\u00e7alho centralizado e em negrito, sem cor *\/<br \/>\n  .tabela-cidades thead th {<br \/>\n    text-align: center !important;<br \/>\n    font-weight: 700;<br \/>\n  }<\/p>\n<p>\t\t\t\t\t\t\t\t\t<img decoding=\"async\" src=\"https:\/\/brasil61.com\/api\/v1\/serve_pixel\/22254\/84866\" alt=\"Pixel Brasil 61\" class=\"b61_pixel\" width=\"0\" height=\"0\"><\/p>\n<div class=\"br61_backlink\">\n<p>\n\t\t\t\tFonte: <a href=\"https:\/\/brasil61.com\/mutiroes-de-pericia-conectada-oferecem-mais-de-5-mil-vagas-neste-fim-de-semana-bras2514810\" title=\"Artigo Original: Mutir\u00f5es de per\u00edcia conectada oferecem mais de 5 mil vagas neste fim de semana\" target=\"_blank\" rel=\"noopener\">Brasil 61<\/a>\n\t\t\t<\/p>\n<\/p><\/div>\n<input type=\"hidden\" id=\"baseurl\" value=\"https:\/\/noticiasregionais.com.br\"><input type=\"hidden\" id=\"audio_nonce\" value=\"5c13e0637f\">","protected":false},"excerpt":{"rendered":"<p>A\u00e7\u00e3o visa agilizar a concess\u00e3o de benef\u00edcios por incapacidade, com atendimentos remotos em 35 cidades <\/p>\n","protected":false},"author":1,"featured_media":10108,"comment_status":"","ping_status":"open","sticky":false,"template":"","format":"standard","meta":{"sfsi_plus_gutenberg_text_before_share":"","sfsi_plus_gutenberg_show_text_before_share":"","sfsi_plus_gutenberg_icon_type":"","sfsi_plus_gutenberg_icon_alignemt":"","sfsi_plus_gutenburg_max_per_row":"","footnotes":""},"categories":[8],"tags":[],"class_list":["post-10107","post","type-post","status-publish","format-standard","has-post-thumbnail","hentry","category-brasil"],"_links":{"self":[{"href":"https:\/\/noticiasregionais.com.br\/index.php?rest_route=\/wp\/v2\/posts\/10107","targetHints":{"allow":["GET"]}}],"collection":[{"href":"https:\/\/noticiasregionais.com.br\/index.php?rest_route=\/wp\/v2\/posts"}],"about":[{"href":"https:\/\/noticiasregionais.com.br\/index.php?rest_route=\/wp\/v2\/types\/post"}],"author":[{"embeddable":true,"href":"https:\/\/noticiasregionais.com.br\/index.php?rest_route=\/wp\/v2\/users\/1"}],"replies":[{"embeddable":true,"href":"https:\/\/noticiasregionais.com.br\/index.php?rest_route=%2Fwp%2Fv2%2Fcomments&post=10107"}],"version-history":[{"count":0,"href":"https:\/\/noticiasregionais.com.br\/index.php?rest_route=\/wp\/v2\/posts\/10107\/revisions"}],"wp:featuredmedia":[{"embeddable":true,"href":"https:\/\/noticiasregionais.com.br\/index.php?rest_route=\/wp\/v2\/media\/10108"}],"wp:attachment":[{"href":"https:\/\/noticiasregionais.com.br\/index.php?rest_route=%2Fwp%2Fv2%2Fmedia&parent=10107"}],"wp:term":[{"taxonomy":"category","embeddable":true,"href":"https:\/\/noticiasregionais.com.br\/index.php?rest_route=%2Fwp%2Fv2%2Fcategories&post=10107"},{"taxonomy":"post_tag","embeddable":true,"href":"https:\/\/noticiasregionais.com.br\/index.php?rest_route=%2Fwp%2Fv2%2Ftags&post=10107"}],"curies":[{"name":"wp","href":"https:\/\/api.w.org\/{rel}","templated":true}]}}