{"id":10109,"date":"2025-09-27T04:20:00","date_gmt":"2025-09-27T07:20:00","guid":{"rendered":"https:\/\/noticiasregionais.com.br\/?p=10109"},"modified":"2025-09-27T04:20:00","modified_gmt":"2025-09-27T07:20:00","slug":"stf-define-altura-minima-para-ingresso-em-concursos-policiais-de-todo-o-pais","status":"publish","type":"post","link":"https:\/\/noticiasregionais.com.br\/?p=10109","title":{"rendered":"STF define altura m\u00ednima para ingresso em concursos policiais de todo o pa\u00eds"},"content":{"rendered":"<p>\t\t\t\t\t\t\t\t\t\t<audio controls class=\"b61_audio_player\" data-noticia=\"84857\" src=\"https:\/\/brasil61.com\/rails\/active_storage\/blobs\/eyJfcmFpbHMiOnsibWVzc2FnZSI6IkJBaHBBNGVoQXc9PSIsImV4cCI6bnVsbCwicHVyIjoiYmxvYl9pZCJ9fQ==--1e4d38bae86213fd546c5cf03b879e932e91dbf5\/BRAS2514806A\"><\/audio><\/p>\n<p>O <a href=\"https:\/\/www.stf.jus.br\/arquivo\/cms\/informativoSTF\/anexo\/Informativo_PDF\/Informativo_stf_1190.pdf\" target=\"_blank\" rel=\"noopener\">Supremo Tribunal Federal (STF)<\/a> definiu que concursos p\u00fablicos na \u00e1rea de <strong>seguran\u00e7a p\u00fablica <\/strong>em todo o pa\u00eds s\u00f3 poder\u00e3o exigir altura m\u00ednima desde que n\u00e3o ultrapassem os limites adotados pelo Ex\u00e9rcito: 1,60 metro para homens e 1,55 metro para mulheres, presente na <a href=\"https:\/\/www.planalto.gov.br\/ccivil_03\/_ato2011-2014\/2012\/lei\/l12705.htm\" target=\"_blank\" rel=\"noopener\">Lei federal n\u00ba 12.705\/2012<\/a><\/p>\n<\/p>\n<p dir=\"ltr\" style=\"text-align: justify\">Com a decis\u00e3o, editais de concursos policiais em estados e munic\u00edpios passam a ter de se adequar imediatamente ao novo par\u00e2metro, sob pena de inconstitucionalidade e at\u00e9 anula\u00e7\u00e3o. O entendimento alcan\u00e7a carreiras vinculadas ao<strong> Sistema \u00danico de Seguran\u00e7a P\u00fablica (SUSP)<\/strong>, incluindo <strong>Pol\u00edcia Militar<\/strong>, <strong>Civil<\/strong>, <strong>Corpo de Bombeiros<\/strong> e <strong>Guarda Municipal<\/strong>.<\/p>\n<p dir=\"ltr\" style=\"text-align: justify\">A decis\u00e3o, tomada em julgamento com repercuss\u00e3o geral (<a href=\"https:\/\/portal.stf.jus.br\/jurisprudenciaRepercussao\/verAndamentoProcesso.asp?incidente=6795240&amp;numeroProcesso=1469887&amp;classeProcesso=RE&amp;numeroTema=1424\" target=\"_blank\" rel=\"noopener\">Tema 1.424<\/a>), uniformiza os crit\u00e9rios nacionais e invalida regras estaduais mais restritivas, consideradas inconstitucionais por violarem os princ\u00edpios da razoabilidade e proporcionalidade.<\/p>\n<p dir=\"ltr\" style=\"text-align: justify\">O caso teve origem em Alagoas, onde uma candidata foi eliminada do concurso da Pol\u00edcia Militar por n\u00e3o atingir a altura de 1,65 metro prevista em norma estadual. O STF determinou seu retorno ao concurso refor\u00e7ando que qualquer crit\u00e9rio f\u00edsico em concursos policiais deve estar vinculado \u00e0 lei.\u00a0<\/p>\n<p dir=\"ltr\" style=\"text-align: justify\"><u><strong>VEJA MAIS:<\/strong><\/u><\/p>\n<ul dir=\"ltr\">\n<li style=\"text-align: justify\"><a href=\"https:\/\/brasil61.com\/n\/as-cidades-e-os-estados-mais-violentos-do-brasil-bras2514391\" target=\"_blank\" rel=\"noopener\">Anu\u00e1rio de seguran\u00e7a p\u00fablica: veja ranking dos munic\u00edpios e estados mais violentos do Brasil<\/a><br \/>\n\t\u00a0<\/li>\n<\/ul>\n<p dir=\"ltr\" style=\"text-align: justify\">Com informa\u00e7\u00f5es do <a href=\"https:\/\/portal.stf.jus.br\/\" target=\"_blank\" rel=\"noopener\">STF<\/a>.<\/p>\n<p>\t\t\t\t\t\t\t\t\t<img decoding=\"async\" src=\"https:\/\/brasil61.com\/api\/v1\/serve_pixel\/22254\/84857\" alt=\"Pixel Brasil 61\" class=\"b61_pixel\" width=\"0\" height=\"0\"><\/p>\n<div class=\"br61_backlink\">\n<p>\n\t\t\t\tFonte: <a href=\"https:\/\/brasil61.com\/stf-define-altura-minima-para-ingresso-em-concursos-policiais-de-todo-o-pais-bras2514806\" title=\"Artigo Original: STF define altura m\u00ednima para ingresso em concursos policiais de todo o pa\u00eds\" target=\"_blank\" rel=\"noopener\">Brasil 61<\/a>\n\t\t\t<\/p>\n<\/p><\/div>\n<input type=\"hidden\" id=\"baseurl\" value=\"https:\/\/noticiasregionais.com.br\"><input type=\"hidden\" id=\"audio_nonce\" value=\"5c13e0637f\">","protected":false},"excerpt":{"rendered":"<p>Supremo definiu que s\u00f3 ser\u00e3o v\u00e1lidas exig\u00eancias previstas em lei e alinhadas aos par\u00e2metros do Ex\u00e9rcito, tornando inconstitucionais regras mais r\u00edgidas aplicadas por estados e munic\u00edpios<\/p>\n","protected":false},"author":1,"featured_media":10110,"comment_status":"","ping_status":"open","sticky":false,"template":"","format":"standard","meta":{"sfsi_plus_gutenberg_text_before_share":"","sfsi_plus_gutenberg_show_text_before_share":"","sfsi_plus_gutenberg_icon_type":"","sfsi_plus_gutenberg_icon_alignemt":"","sfsi_plus_gutenburg_max_per_row":"","footnotes":""},"categories":[8],"tags":[],"class_list":["post-10109","post","type-post","status-publish","format-standard","has-post-thumbnail","hentry","category-brasil"],"_links":{"self":[{"href":"https:\/\/noticiasregionais.com.br\/index.php?rest_route=\/wp\/v2\/posts\/10109","targetHints":{"allow":["GET"]}}],"collection":[{"href":"https:\/\/noticiasregionais.com.br\/index.php?rest_route=\/wp\/v2\/posts"}],"about":[{"href":"https:\/\/noticiasregionais.com.br\/index.php?rest_route=\/wp\/v2\/types\/post"}],"author":[{"embeddable":true,"href":"https:\/\/noticiasregionais.com.br\/index.php?rest_route=\/wp\/v2\/users\/1"}],"replies":[{"embeddable":true,"href":"https:\/\/noticiasregionais.com.br\/index.php?rest_route=%2Fwp%2Fv2%2Fcomments&post=10109"}],"version-history":[{"count":0,"href":"https:\/\/noticiasregionais.com.br\/index.php?rest_route=\/wp\/v2\/posts\/10109\/revisions"}],"wp:featuredmedia":[{"embeddable":true,"href":"https:\/\/noticiasregionais.com.br\/index.php?rest_route=\/wp\/v2\/media\/10110"}],"wp:attachment":[{"href":"https:\/\/noticiasregionais.com.br\/index.php?rest_route=%2Fwp%2Fv2%2Fmedia&parent=10109"}],"wp:term":[{"taxonomy":"category","embeddable":true,"href":"https:\/\/noticiasregionais.com.br\/index.php?rest_route=%2Fwp%2Fv2%2Fcategories&post=10109"},{"taxonomy":"post_tag","embeddable":true,"href":"https:\/\/noticiasregionais.com.br\/index.php?rest_route=%2Fwp%2Fv2%2Ftags&post=10109"}],"curies":[{"name":"wp","href":"https:\/\/api.w.org\/{rel}","templated":true}]}}