{"id":10115,"date":"2025-09-28T04:05:00","date_gmt":"2025-09-28T07:05:00","guid":{"rendered":"https:\/\/noticiasregionais.com.br\/?p=10115"},"modified":"2025-09-28T04:05:00","modified_gmt":"2025-09-28T07:05:00","slug":"infogripe-casos-de-srag-por-covid-19-e-influenza-a-aumentam-em-goias-e-distrito-federal","status":"publish","type":"post","link":"https:\/\/noticiasregionais.com.br\/?p=10115","title":{"rendered":"InfoGripe: casos de SRAG por Covid-19 e influenza A aumentam em Goi\u00e1s e Distrito Federal"},"content":{"rendered":"<p>\t\t\t\t\t\t\t\t\t\t<audio controls class=\"b61_audio_player\" data-noticia=\"84856\" src=\"https:\/\/brasil61.com\/rails\/active_storage\/blobs\/eyJfcmFpbHMiOnsibWVzc2FnZSI6IkJBaHBBNDJoQXc9PSIsImV4cCI6bnVsbCwicHVyIjoiYmxvYl9pZCJ9fQ==--7240ea8411fac5da0358372633db1853cfa9529e\/BRAS2514805A\"><\/audio><\/p>\n<p>A \u00faltima atualiza\u00e7\u00e3o do <a href=\"https:\/\/agencia.fiocruz.br\/infogripe-aponta-alta-de-influenza-e-covid-19-em-goias-e-distrito-federal\" target=\"_blank\" rel=\"noopener\">Boletim InfoGripe da Fiocruz<\/a>, divulgada nesta quinta-feira (25), aponta um <strong>aumento nos casos de S\u00edndrome Respirat\u00f3ria Aguda Grave (SRAG) em oito estados brasileiros<\/strong>. O levantamento epidemiol\u00f3gico tamb\u00e9m indica uma <strong>retomada no crescimento das hospitaliza\u00e7\u00f5es por SRAG associadas \u00e0 influenza A e \u00e0 Covid-19 no <a href=\"https:\/\/www.df.gov.br\/\" target=\"_blank\" rel=\"noopener\">Distrito Federal<\/a> e em <a href=\"https:\/\/goias.gov.br\/\" target=\"_blank\" rel=\"noopener\">Goi\u00e1s<\/a><\/strong>.<\/p>\n<p><strong>UFs com alta de casos de SRAG:<\/strong><\/p>\n<ul>\n<li>Amazonas;<\/li>\n<li>Distrito Federal;<\/li>\n<li>Esp\u00edrito Santo;<\/li>\n<li>Goi\u00e1s;<\/li>\n<li>Maranh\u00e3o;\u00a0<\/li>\n<li>Minas Gerais;<\/li>\n<li>Par\u00e1;\u00a0<\/li>\n<li>Piau\u00ed.<\/li>\n<\/ul>\n<p>De acordo com os pesquisadores, a <strong>segunda onda de crescimento da influenza A na regi\u00e3o Centro-Oeste \u00e9 considerada altamente at\u00edpica<\/strong>. A an\u00e1lise \u00e9 referente \u00e0 Semana epidemiol\u00f3gica 38, de 14 a 20 de setembro.<\/p>\n<h2>Covid-19<\/h2>\n<p>A pesquisa revela que a <strong>Covid-19 segue a impulsionar o aumento dos casos de SRAG<\/strong> no Distrito Federal, Goi\u00e1s, <a href=\"https:\/\/www.mg.gov.br\/\" target=\"_blank\" rel=\"noopener\">Minas Gerais<\/a> e <a href=\"https:\/\/www.es.gov.br\/\" target=\"_blank\" rel=\"noopener\">Esp\u00edrito Santo<\/a>. \u00a0\u00a0<\/p>\n<p>A regi\u00e3o Sul, assim como <a href=\"https:\/\/www.ms.gov.br\/\" target=\"_blank\" rel=\"noopener\">Mato Grosso do Sul<\/a> e <a href=\"https:\/\/www.ba.gov.br\/\" target=\"_blank\" rel=\"noopener\">Bahia<\/a>, tamb\u00e9m apresenta sinais de crescimento nas notifica\u00e7\u00f5es de SRAG relacionadas ao v\u00edrus. No entanto, at\u00e9 o momento, n\u00e3o h\u00e1 impacto nas hospitaliza\u00e7\u00f5es nesses estados.<\/p>\n<p>Diante desse cen\u00e1rio, a pesquisadora Tatiana Portella, do Programa de Computa\u00e7\u00e3o Cient\u00edfica da Fiocruz e do InfoGripe, refor\u00e7a a <strong>import\u00e2ncia de manter a carteira de vacina\u00e7\u00e3o atualizada para evitar a alta dos casos<\/strong>.\u00a0<\/p>\n<p>\u201cA gente pede para que as pessoas dos grupos de risco verifiquem se est\u00e3o em dia com a vacina\u00e7\u00e3o contra o v\u00edrus, lembrando que idosos precisam tomar doses de refor\u00e7o a cada seis meses, enquanto que os outros grupos, como imunocomprometidos, que s\u00e3o tamb\u00e9m grupos de risco, precisam tomar doses de refor\u00e7o uma vez ao ano\u201d, aponta Portella.<\/p>\n<h2>Crian\u00e7as e adolescentes s\u00e3o as mais afetadas<\/h2>\n<p>O rinov\u00edrus tem sido respons\u00e1vel pelo aumento no n\u00famero de casos de SRAG nos estados do Amazonas, Par\u00e1, Maranh\u00e3o, Piau\u00ed e Esp\u00edrito Santo, especialmente entre crian\u00e7as e adolescentes.<\/p>\n<p>No Amazonas, o v\u00edrus sincicial respirat\u00f3rio (VSR) tem impulsionado o crescimento dos casos de SRAG em crian\u00e7as de at\u00e9 2 anos, embora haja sinais de desacelera\u00e7\u00e3o. J\u00e1 no Esp\u00edrito Santo, o metapneumov\u00edrus tem contribu\u00eddo para o aumento das ocorr\u00eancias da s\u00edndrome em crian\u00e7as pequenas.<\/p>\n<p>Por sua vez, no Distrito Federal e em Goi\u00e1s, a influenza A tem desempenhado um papel significativo no avan\u00e7o dos casos de SRAG em praticamente todas as faixas et\u00e1rias a partir dos 2 anos de idade.<\/p>\n<h2>Cen\u00e1rio nacional<\/h2>\n<p>Ao longo do ano epidemiol\u00f3gico de 2025, j\u00e1 foram notificados <strong>mais de 180 mil casos de SRAG<\/strong>, sendo 53% com resultado laboratorial positivo para algum v\u00edrus respirat\u00f3rio. Dentre os casos positivos:<\/p>\n<table>\n<thead>\n<tr>\n<th>V\u00edrus<\/th>\n<th>Preval\u00eancia (%)<\/th>\n<\/tr>\n<\/thead>\n<tbody>\n<tr>\n<td>V\u00edrus Sincicial Respirat\u00f3rio (VSR)<\/td>\n<td>43,1%<\/td>\n<\/tr>\n<tr>\n<td>Rinov\u00edrus<\/td>\n<td>26,9%<\/td>\n<\/tr>\n<tr>\n<td>Influenza A<\/td>\n<td>23,6%<\/td>\n<\/tr>\n<tr>\n<td>Sars-CoV-2 (Covid-19)<\/td>\n<td>7,6%<\/td>\n<\/tr>\n<tr>\n<td>Influenza B<\/td>\n<td>1,1%<\/td>\n<\/tr>\n<\/tbody>\n<\/table>\n<p><a href=\"http:\/\/agencia.fiocruz.br\/infogripe-aponta-alta-de-influenza-e-covid-19-em-goias-e-distrito-federal\" target=\"_blank\" rel=\"noopener\"><em><span style=\"font-size:10px\">Fonte: Fiocruz<\/span><\/em><\/a><\/p>\n<p>As \u00faltimas quatro semanas epidemiol\u00f3gicas apontam que o rinov\u00edrus \u00e9 o v\u00edrus mais detectado entre os casos positivos, seguido por covid-19 e VSR.<\/p>\n<table>\n<thead>\n<tr>\n<th>V\u00edrus<\/th>\n<th>Preval\u00eancia (%)<\/th>\n<\/tr>\n<\/thead>\n<tbody>\n<tr>\n<td>Rinov\u00edrus<\/td>\n<td>44,5%<\/td>\n<\/tr>\n<tr>\n<td>Sars-CoV-2 (Covid-19)<\/td>\n<td>17,7%<\/td>\n<\/tr>\n<tr>\n<td>V\u00edrus Sincicial Respirat\u00f3rio (VSR)<\/td>\n<td>15,1%<\/td>\n<\/tr>\n<tr>\n<td>Influenza A<\/td>\n<td>13,6%<\/td>\n<\/tr>\n<tr>\n<td>Influenza B<\/td>\n<td>1,8%<\/td>\n<\/tr>\n<\/tbody>\n<\/table>\n<p><a href=\"http:\/\/agencia.fiocruz.br\/infogripe-aponta-alta-de-influenza-e-covid-19-em-goias-e-distrito-federal\" target=\"_blank\" rel=\"noopener\"><em><span style=\"font-size:10px\">Fonte: Fiocruz<\/span><\/em><\/a><\/p>\n<h2>Incid\u00eancia e mortalidade<\/h2>\n<p>O Boletim aponta que, na an\u00e1lise das \u00faltimas oito semanas epidemiol\u00f3gicas, <strong>a incid\u00eancia e a mortalidade por SRAG permanecem mais elevadas nas faixas et\u00e1rias extremas<\/strong>: crian\u00e7as pequenas concentram os casos, enquanto os idosos apresentam os maiores \u00edndices de mortalidade.<\/p>\n<p>Em rela\u00e7\u00e3o \u00e0s notifica\u00e7\u00f5es associadas ao <strong>Sars-CoV-2 (Covid-19), a incid\u00eancia \u00e9 maior entre crian\u00e7as pequenas e idosos<\/strong>, com mortalidade predominante a partir dos 65 anos. A <strong>influenza A<\/strong> tamb\u00e9m se destaca como causa relevante de \u00f3bitos por SRAG <strong>entre idosos<\/strong>. J\u00e1 os demais v\u00edrus com circula\u00e7\u00e3o significativa, como o <strong>VSR e o rinov\u00edrus, afetam principalmente crian\u00e7as pequenas<\/strong>.<\/p>\n<p><strong>VEJA MAIS:<\/strong><\/p>\n<ul>\n<li><a href=\"https:\/\/brasil61.com\/n\/infogripe-casos-de-srag-por-covid-19-entre-idosos-aumentam-em-quatro-estados-bras2514748\" target=\"_blank\" rel=\"noopener\">InfoGripe: casos de SRAG por Covid-19 entre idosos aumentam em quatro estados<\/a><\/li>\n<li><a href=\"https:\/\/brasil61.com\/n\/agora-tem-especialistas-entenda-o-que-muda-no-sus-bras2514797\" target=\"_blank\" rel=\"noopener\">Agora tem Especialistas: entenda o que muda no SUS<\/a><\/li>\n<\/ul>\n<p>\t\t\t\t\t\t\t\t\t<img decoding=\"async\" src=\"https:\/\/brasil61.com\/api\/v1\/serve_pixel\/22254\/84856\" alt=\"Pixel Brasil 61\" class=\"b61_pixel\" width=\"0\" height=\"0\"><\/p>\n<div class=\"br61_backlink\">\n<p>\n\t\t\t\tFonte: <a href=\"https:\/\/brasil61.com\/infogripe-casos-de-srag-por-covid-19-e-influenza-a-aumentam-em-goias-e-distrito-federal-bras2514805\" title=\"Artigo Original: InfoGripe: casos de SRAG por Covid-19 e influenza A aumentam em Goi\u00e1s e Distrito Federal\" target=\"_blank\" rel=\"noopener\">Brasil 61<\/a>\n\t\t\t<\/p>\n<\/p><\/div>\n<input type=\"hidden\" id=\"baseurl\" value=\"https:\/\/noticiasregionais.com.br\"><input type=\"hidden\" id=\"audio_nonce\" value=\"5c13e0637f\">","protected":false},"excerpt":{"rendered":"<p>O estudo epidemiol\u00f3gico aponta alta nas incid\u00eancias em oito estados; crian\u00e7as pequenas e idosos s\u00e3o as mais afetadas <\/p>\n","protected":false},"author":1,"featured_media":10116,"comment_status":"","ping_status":"open","sticky":false,"template":"","format":"standard","meta":{"sfsi_plus_gutenberg_text_before_share":"","sfsi_plus_gutenberg_show_text_before_share":"","sfsi_plus_gutenberg_icon_type":"","sfsi_plus_gutenberg_icon_alignemt":"","sfsi_plus_gutenburg_max_per_row":"","footnotes":""},"categories":[8],"tags":[],"class_list":["post-10115","post","type-post","status-publish","format-standard","has-post-thumbnail","hentry","category-brasil"],"_links":{"self":[{"href":"https:\/\/noticiasregionais.com.br\/index.php?rest_route=\/wp\/v2\/posts\/10115","targetHints":{"allow":["GET"]}}],"collection":[{"href":"https:\/\/noticiasregionais.com.br\/index.php?rest_route=\/wp\/v2\/posts"}],"about":[{"href":"https:\/\/noticiasregionais.com.br\/index.php?rest_route=\/wp\/v2\/types\/post"}],"author":[{"embeddable":true,"href":"https:\/\/noticiasregionais.com.br\/index.php?rest_route=\/wp\/v2\/users\/1"}],"replies":[{"embeddable":true,"href":"https:\/\/noticiasregionais.com.br\/index.php?rest_route=%2Fwp%2Fv2%2Fcomments&post=10115"}],"version-history":[{"count":0,"href":"https:\/\/noticiasregionais.com.br\/index.php?rest_route=\/wp\/v2\/posts\/10115\/revisions"}],"wp:featuredmedia":[{"embeddable":true,"href":"https:\/\/noticiasregionais.com.br\/index.php?rest_route=\/wp\/v2\/media\/10116"}],"wp:attachment":[{"href":"https:\/\/noticiasregionais.com.br\/index.php?rest_route=%2Fwp%2Fv2%2Fmedia&parent=10115"}],"wp:term":[{"taxonomy":"category","embeddable":true,"href":"https:\/\/noticiasregionais.com.br\/index.php?rest_route=%2Fwp%2Fv2%2Fcategories&post=10115"},{"taxonomy":"post_tag","embeddable":true,"href":"https:\/\/noticiasregionais.com.br\/index.php?rest_route=%2Fwp%2Fv2%2Ftags&post=10115"}],"curies":[{"name":"wp","href":"https:\/\/api.w.org\/{rel}","templated":true}]}}