{"id":10123,"date":"2025-09-29T04:25:00","date_gmt":"2025-09-29T07:25:00","guid":{"rendered":"https:\/\/noticiasregionais.com.br\/?p=10123"},"modified":"2025-09-29T04:25:00","modified_gmt":"2025-09-29T07:25:00","slug":"producao-de-energia-solar-avanca-95-na-primeira-quinzena-de-setembro","status":"publish","type":"post","link":"https:\/\/noticiasregionais.com.br\/?p=10123","title":{"rendered":"Produ\u00e7\u00e3o de energia solar avan\u00e7a 9,5% na primeira quinzena de setembro"},"content":{"rendered":"<p>\t\t\t\t\t\t\t\t\t\t<audio controls class=\"b61_audio_player\" data-noticia=\"84853\" src=\"https:\/\/brasil61.com\/rails\/active_storage\/blobs\/eyJfcmFpbHMiOnsibWVzc2FnZSI6IkJBaHBBMTZoQXc9PSIsImV4cCI6bnVsbCwicHVyIjoiYmxvYl9pZCJ9fQ==--4b1926f1a3e9a319edf05b3a761bec7ee3c90bdc\/BRAS2514802A\"><\/audio><\/p>\n<p>A gera\u00e7\u00e3o de energia solar das usinas fotovoltaicas conectadas ao Sistema Interligado Nacional (SIN) cresceu 9,5% na primeira quinzena de setembro, atingindo 3.881 megawatts m\u00e9dios (MWmed). No mesmo per\u00edodo de 2024, o resultado foi de 3.544 MWmed. Os dados s\u00e3o da an\u00e1lise preliminar da C\u00e2mara de Comercializa\u00e7\u00e3o de Energia El\u00e9trica (CCEE).<\/p>\n<p>As usinas t\u00e9rmicas tiveram alta de 5,5%, enquanto as hidrel\u00e9tricas e e\u00f3licas registraram queda de 7,7% e 6,2%, respectivamente. No total, a gera\u00e7\u00e3o de energia no SIN somou 69.966 MWmed, uma retra\u00e7\u00e3o de 5% em rela\u00e7\u00e3o ao mesmo intervalo do ano passado.<\/p>\n<p>O consumo de energia recuou 5,7% na primeira metade de setembro. Entre os estados, Maranh\u00e3o registrou aumento de 7,1% no consumo e Cear\u00e1, 3,1% a mais em rela\u00e7\u00e3o ao mesmo per\u00edodo de 2024. As maiores redu\u00e7\u00f5es ocorreram no Rio de Janeiro (-17,8%), Esp\u00edrito Santo (-14,6%), Rond\u00f4nia (-12,4%), e Maranh\u00e3o (-11,7%).\u00a0<\/p>\n<p>Entre os setores, as maiores redu\u00e7\u00f5es foram em Servi\u00e7os (-12,8%), Telecomunica\u00e7\u00f5es (-11,4%) e Qu\u00edmicos (-9,1%). Apenas o setor t\u00eaxtil apresentou aumento, de 1,4%.<br \/>\n\u00a0<\/p>\n<p>\t\t\t\t\t\t\t\t\t<img decoding=\"async\" src=\"https:\/\/brasil61.com\/api\/v1\/serve_pixel\/22254\/84853\" alt=\"Pixel Brasil 61\" class=\"b61_pixel\" width=\"0\" height=\"0\"><\/p>\n<div class=\"br61_backlink\">\n<p>\n\t\t\t\tFonte: <a href=\"https:\/\/brasil61.com\/producao-de-energia-solar-avanca-9-5-na-primeira-quinzena-de-setembro-bras2514802\" title=\"Artigo Original: Produ\u00e7\u00e3o de energia solar avan\u00e7a 9,5% na primeira quinzena de setembro\" target=\"_blank\" rel=\"noopener\">Brasil 61<\/a>\n\t\t\t<\/p>\n<\/p><\/div>\n<input type=\"hidden\" id=\"baseurl\" value=\"https:\/\/noticiasregionais.com.br\"><input type=\"hidden\" id=\"audio_nonce\" value=\"5c13e0637f\">","protected":false},"excerpt":{"rendered":"<p>Fonte fotovoltaica gerou 3.881 MWmed, frente a 3.544 MWmed no mesmo per\u00edodo de 2024, segundo a CCEE<\/p>\n","protected":false},"author":1,"featured_media":10124,"comment_status":"","ping_status":"open","sticky":false,"template":"","format":"standard","meta":{"sfsi_plus_gutenberg_text_before_share":"","sfsi_plus_gutenberg_show_text_before_share":"","sfsi_plus_gutenberg_icon_type":"","sfsi_plus_gutenberg_icon_alignemt":"","sfsi_plus_gutenburg_max_per_row":"","footnotes":""},"categories":[8],"tags":[],"class_list":["post-10123","post","type-post","status-publish","format-standard","has-post-thumbnail","hentry","category-brasil"],"_links":{"self":[{"href":"https:\/\/noticiasregionais.com.br\/index.php?rest_route=\/wp\/v2\/posts\/10123","targetHints":{"allow":["GET"]}}],"collection":[{"href":"https:\/\/noticiasregionais.com.br\/index.php?rest_route=\/wp\/v2\/posts"}],"about":[{"href":"https:\/\/noticiasregionais.com.br\/index.php?rest_route=\/wp\/v2\/types\/post"}],"author":[{"embeddable":true,"href":"https:\/\/noticiasregionais.com.br\/index.php?rest_route=\/wp\/v2\/users\/1"}],"replies":[{"embeddable":true,"href":"https:\/\/noticiasregionais.com.br\/index.php?rest_route=%2Fwp%2Fv2%2Fcomments&post=10123"}],"version-history":[{"count":0,"href":"https:\/\/noticiasregionais.com.br\/index.php?rest_route=\/wp\/v2\/posts\/10123\/revisions"}],"wp:featuredmedia":[{"embeddable":true,"href":"https:\/\/noticiasregionais.com.br\/index.php?rest_route=\/wp\/v2\/media\/10124"}],"wp:attachment":[{"href":"https:\/\/noticiasregionais.com.br\/index.php?rest_route=%2Fwp%2Fv2%2Fmedia&parent=10123"}],"wp:term":[{"taxonomy":"category","embeddable":true,"href":"https:\/\/noticiasregionais.com.br\/index.php?rest_route=%2Fwp%2Fv2%2Fcategories&post=10123"},{"taxonomy":"post_tag","embeddable":true,"href":"https:\/\/noticiasregionais.com.br\/index.php?rest_route=%2Fwp%2Fv2%2Ftags&post=10123"}],"curies":[{"name":"wp","href":"https:\/\/api.w.org\/{rel}","templated":true}]}}