{"id":10127,"date":"2025-09-29T04:30:00","date_gmt":"2025-09-29T07:30:00","guid":{"rendered":"https:\/\/noticiasregionais.com.br\/?p=10127"},"modified":"2025-09-29T04:30:00","modified_gmt":"2025-09-29T07:30:00","slug":"soja-e-trigo-hoje-confira-as-cotacoes-para-segunda-feira-29","status":"publish","type":"post","link":"https:\/\/noticiasregionais.com.br\/?p=10127","title":{"rendered":"Soja e trigo hoje: confira as cota\u00e7\u00f5es para segunda-feira (29)"},"content":{"rendered":"<p>\t\t\t\t\t\t\t\t\t\t<audio controls class=\"b61_audio_player\" data-noticia=\"84874\" src=\"https:\/\/brasil61.com\/rails\/active_storage\/blobs\/eyJfcmFpbHMiOnsibWVzc2FnZSI6IkJBaHBBNVNoQXc9PSIsImV4cCI6bnVsbCwicHVyIjoiYmxvYl9pZCJ9fQ==--572abe1b050bb3fa83ec6ec7c706b113e808c872\/PAGR255820A\"><\/audio><\/p>\n<p>O valor da saca de 60 kg da <strong>soja <\/strong>abre esta segunda-feira (29) em <strong>alta\u00a0<\/strong>tanto no interior do Paran\u00e1 quanto no litoral do estado, em Paranagu\u00e1.\u00a0<\/p>\n<p>Na primeira regi\u00e3o, o gr\u00e3o teve <strong>avan\u00e7o\u00a0de 0,72%<\/strong> e \u00e9 negociado a <strong>R$ 129,22<\/strong>; na segunda, o\u00a0<strong>ajuste <\/strong>foi <strong>de 0,72%<\/strong>, com a mercadoria cotada a <strong>R$ 134,88<\/strong>.<\/p>\n<p><strong>INDICADOR DA SOJA CEPEA\/ESALQ &#8211; PARAN\u00c1<\/strong><\/p>\n<table>\n<thead>\n<tr>\n<th>Data<\/th>\n<th>Valor R$<\/th>\n<th>Var.\/Dia<\/th>\n<th>Var.\/M\u00eas<\/th>\n<th>Valor US$<\/th>\n<\/tr>\n<\/thead>\n<tbody>\n<tr>\n<td>26\/09\/2025<\/td>\n<td>129,22<\/td>\n<td>0,72%<\/td>\n<td>-3,75%<\/td>\n<td>24,20<\/td>\n<\/tr>\n<tr>\n<td>25\/09\/2025<\/td>\n<td>128,29<\/td>\n<td>0,16%<\/td>\n<td>-4,44%<\/td>\n<td>23,90<\/td>\n<\/tr>\n<tr>\n<td>24\/09\/2025<\/td>\n<td>128,08<\/td>\n<td>-0,81%<\/td>\n<td>-4,60%<\/td>\n<td>24,04<\/td>\n<\/tr>\n<tr>\n<td>23\/09\/2025<\/td>\n<td>129,13<\/td>\n<td>-2,29%<\/td>\n<td>-3,81%<\/td>\n<td>24,43<\/td>\n<\/tr>\n<tr>\n<td>22\/09\/2025<\/td>\n<td>132,16<\/td>\n<td>-1,14%<\/td>\n<td>-1,56%<\/td>\n<td>24,76<\/td>\n<\/tr>\n<\/tbody>\n<\/table>\n<p><strong>INDICADOR DA SOJA CEPEA\/ESALQ &#8211; PARANAGU\u00c1<\/strong><\/p>\n<table>\n<thead>\n<tr>\n<th>Data<\/th>\n<th>Valor R$<\/th>\n<th>Var.\/Dia<\/th>\n<th>Var.\/M\u00eas<\/th>\n<th>Valor US$<\/th>\n<\/tr>\n<\/thead>\n<tbody>\n<tr>\n<td>26\/09\/2025<\/td>\n<td>134,88<\/td>\n<td>0,72%<\/td>\n<td>-3,35%<\/td>\n<td>25,26<\/td>\n<\/tr>\n<tr>\n<td>25\/09\/2025<\/td>\n<td>133,91<\/td>\n<td>0,18%<\/td>\n<td>-4,05%<\/td>\n<td>24,95<\/td>\n<\/tr>\n<tr>\n<td>24\/09\/2025<\/td>\n<td>133,67<\/td>\n<td>-1,40%<\/td>\n<td>-4,22%<\/td>\n<td>25,09<\/td>\n<\/tr>\n<tr>\n<td>23\/09\/2025<\/td>\n<td>135,57<\/td>\n<td>-1,17%<\/td>\n<td>-2,86%<\/td>\n<td>25,65<\/td>\n<\/tr>\n<tr>\n<td>22\/09\/2025<\/td>\n<td>137,17<\/td>\n<td>-1,55%<\/td>\n<td>-1,71%<\/td>\n<td>25,70<\/td>\n<\/tr>\n<\/tbody>\n<\/table>\n<h2>Trigo<\/h2>\n<p>O pre\u00e7o do <strong>trigo<\/strong>, por sua vez, registra <strong>valoriza\u00e7\u00e3o de 0,39% no Paran\u00e1 e estabilidade no Rio Grande do Sul<\/strong>.<strong>\u00a0<\/strong>No primeiro estado, a tonelada\u00a0\u00e9 vendida a<strong> R$ 1.283,03<\/strong>, enquanto no segundo \u00e9 comercializada a<strong> R$ 1.229,21<\/strong>.<\/p>\n<p><strong>PRE\u00c7O M\u00c9DIO DO TRIGO CEPEA\/ESALQ &#8211; PARAN\u00c1<\/strong><\/p>\n<table>\n<thead>\n<tr>\n<th>Data<\/th>\n<th>Valor R$\/t<\/th>\n<th>Var.\/Dia<\/th>\n<th>Var.\/M\u00eas<\/th>\n<th>Valor US$\/t<\/th>\n<\/tr>\n<\/thead>\n<tbody>\n<tr>\n<td>26\/09\/2025<\/td>\n<td>1.283,03<\/td>\n<td>0,39%<\/td>\n<td>-8,90%<\/td>\n<td>240,27<\/td>\n<\/tr>\n<tr>\n<td>25\/09\/2025<\/td>\n<td>1.278,03<\/td>\n<td>0,68%<\/td>\n<td>-9,25%<\/td>\n<td>238,08<\/td>\n<\/tr>\n<tr>\n<td>24\/09\/2025<\/td>\n<td>1.269,40<\/td>\n<td>-0,50%<\/td>\n<td>-9,86%<\/td>\n<td>238,30<\/td>\n<\/tr>\n<tr>\n<td>23\/09\/2025<\/td>\n<td>1.275,84<\/td>\n<td>-0,69%<\/td>\n<td>-9,41%<\/td>\n<td>241,41<\/td>\n<\/tr>\n<tr>\n<td>22\/09\/2025<\/td>\n<td>1.284,76<\/td>\n<td>-0,94%<\/td>\n<td>-8,77%<\/td>\n<td>240,73<\/td>\n<\/tr>\n<\/tbody>\n<\/table>\n<p><strong>PRE\u00c7O M\u00c9DIO DO TRIGO CEPEA\/ESALQ &#8211; RIO GRANDE DO SUL<\/strong><\/p>\n<table>\n<thead>\n<tr>\n<th>Data<\/th>\n<th>Valor R$\/t<\/th>\n<th>Var.\/Dia<\/th>\n<th>Var.\/M\u00eas<\/th>\n<th>Valor US$\/t<\/th>\n<\/tr>\n<\/thead>\n<tbody>\n<tr>\n<td>26\/09\/2025<\/td>\n<td>1.229,21<\/td>\n<td>0,00%<\/td>\n<td>-4,26%<\/td>\n<td>230,19<\/td>\n<\/tr>\n<tr>\n<td>25\/09\/2025<\/td>\n<td>1.229,21<\/td>\n<td>-0,73%<\/td>\n<td>-4,26%<\/td>\n<td>228,99<\/td>\n<\/tr>\n<tr>\n<td>24\/09\/2025<\/td>\n<td>1.238,19<\/td>\n<td>-0,28%<\/td>\n<td>-3,56%<\/td>\n<td>232,44<\/td>\n<\/tr>\n<tr>\n<td>23\/09\/2025<\/td>\n<td>1.241,72<\/td>\n<td>-0,79%<\/td>\n<td>-3,28%<\/td>\n<td>234,95<\/td>\n<\/tr>\n<tr>\n<td>22\/09\/2025<\/td>\n<td>1.251,62<\/td>\n<td>-0,41%<\/td>\n<td>-2,51%<\/td>\n<td>234,52<\/td>\n<\/tr>\n<\/tbody>\n<\/table>\n<p>Os valores s\u00e3o do <a href=\"http:\/\/www.cepea.org.br\" target=\"_blank\" rel=\"noopener\">Cepea<\/a>.<\/p>\n<h2>O que \u00e9 uma saca de soja ou de trigo? Entenda a unidade de medida no mercado de gr\u00e3os<\/h2>\n<p>A saca de soja e a saca de trigo s\u00e3o as principais unidades de comercializa\u00e7\u00e3o de gr\u00e3os no Brasil. Cada saca equivale a 60 quilos, padr\u00e3o adotado por \u00f3rg\u00e3os oficiais como a <strong>Companhia Nacional de Abastecimento (<a href=\"https:\/\/www.gov.br\/conab\/pt-br\" target=\"_blank\" rel=\"noopener\">Conab<\/a>)<\/strong>, o<strong> Minist\u00e9rio da Agricultura (<a href=\"http:\/\/www.gov.br\/agricultura\/pt-br\" target=\"_blank\" rel=\"noopener\">MAPA<\/a>)<\/strong> e o<strong> Centro de Estudos Avan\u00e7ados em Economia Aplicada (<a href=\"http:\/\/www.cepea.org.br\" target=\"_blank\" rel=\"noopener\">Cepea<\/a>)<\/strong>.<\/p>\n<p>Esse formato padronizado facilita o com\u00e9rcio da soja e do trigo, al\u00e9m de permitir um acompanhamento mais preciso das cota\u00e7\u00f5es e varia\u00e7\u00f5es de pre\u00e7os no mercado nacional.<\/p>\n<p>\t\t\t\t\t\t\t\t\t<img decoding=\"async\" src=\"https:\/\/brasil61.com\/api\/v1\/serve_pixel\/22254\/84874\" alt=\"Pixel Brasil 61\" class=\"b61_pixel\" width=\"0\" height=\"0\"><\/p>\n<div class=\"br61_backlink\">\n<p>\n\t\t\t\tFonte: <a href=\"https:\/\/brasil61.com\/soja-e-trigo-hoje-confira-as-cotacoes-para-segunda-feira-29-pagr255820\" title=\"Artigo Original: Soja e trigo hoje: confira as cota\u00e7\u00f5es para segunda-feira (29)\" target=\"_blank\" rel=\"noopener\">Brasil 61<\/a>\n\t\t\t<\/p>\n<\/p><\/div>\n<input type=\"hidden\" id=\"baseurl\" value=\"https:\/\/noticiasregionais.com.br\"><input type=\"hidden\" id=\"audio_nonce\" value=\"533fbb67b1\">","protected":false},"excerpt":{"rendered":"<p>A soja apresenta alta no Paran\u00e1 e em Paranagu\u00e1; o trigo, por sua vez, aponta estabilidade no Rio Grande do Sul e valoriza\u00e7\u00e3o no Paran\u00e1<\/p>\n","protected":false},"author":1,"featured_media":10128,"comment_status":"","ping_status":"open","sticky":false,"template":"","format":"standard","meta":{"sfsi_plus_gutenberg_text_before_share":"","sfsi_plus_gutenberg_show_text_before_share":"","sfsi_plus_gutenberg_icon_type":"","sfsi_plus_gutenberg_icon_alignemt":"","sfsi_plus_gutenburg_max_per_row":"","footnotes":""},"categories":[8],"tags":[],"class_list":["post-10127","post","type-post","status-publish","format-standard","has-post-thumbnail","hentry","category-brasil"],"_links":{"self":[{"href":"https:\/\/noticiasregionais.com.br\/index.php?rest_route=\/wp\/v2\/posts\/10127","targetHints":{"allow":["GET"]}}],"collection":[{"href":"https:\/\/noticiasregionais.com.br\/index.php?rest_route=\/wp\/v2\/posts"}],"about":[{"href":"https:\/\/noticiasregionais.com.br\/index.php?rest_route=\/wp\/v2\/types\/post"}],"author":[{"embeddable":true,"href":"https:\/\/noticiasregionais.com.br\/index.php?rest_route=\/wp\/v2\/users\/1"}],"replies":[{"embeddable":true,"href":"https:\/\/noticiasregionais.com.br\/index.php?rest_route=%2Fwp%2Fv2%2Fcomments&post=10127"}],"version-history":[{"count":0,"href":"https:\/\/noticiasregionais.com.br\/index.php?rest_route=\/wp\/v2\/posts\/10127\/revisions"}],"wp:featuredmedia":[{"embeddable":true,"href":"https:\/\/noticiasregionais.com.br\/index.php?rest_route=\/wp\/v2\/media\/10128"}],"wp:attachment":[{"href":"https:\/\/noticiasregionais.com.br\/index.php?rest_route=%2Fwp%2Fv2%2Fmedia&parent=10127"}],"wp:term":[{"taxonomy":"category","embeddable":true,"href":"https:\/\/noticiasregionais.com.br\/index.php?rest_route=%2Fwp%2Fv2%2Fcategories&post=10127"},{"taxonomy":"post_tag","embeddable":true,"href":"https:\/\/noticiasregionais.com.br\/index.php?rest_route=%2Fwp%2Fv2%2Ftags&post=10127"}],"curies":[{"name":"wp","href":"https:\/\/api.w.org\/{rel}","templated":true}]}}