{"id":10131,"date":"2025-09-29T04:20:00","date_gmt":"2025-09-29T07:20:00","guid":{"rendered":"https:\/\/noticiasregionais.com.br\/?p=10131"},"modified":"2025-09-29T04:20:00","modified_gmt":"2025-09-29T07:20:00","slug":"municipios-bancam-maior-parte-da-atencao-basica-e-fnp-alerta-para-desfinanciamento-do-setor","status":"publish","type":"post","link":"https:\/\/noticiasregionais.com.br\/?p=10131","title":{"rendered":"Munic\u00edpios bancam maior parte da Aten\u00e7\u00e3o B\u00e1sica e FNP alerta para desfinanciamento do setor"},"content":{"rendered":"<p>\t\t\t\t\t\t\t\t\t\t<audio controls class=\"b61_audio_player\" data-noticia=\"84865\" src=\"https:\/\/brasil61.com\/rails\/active_storage\/blobs\/eyJfcmFpbHMiOnsibWVzc2FnZSI6IkJBaHBBMjJoQXc9PSIsImV4cCI6bnVsbCwicHVyIjoiYmxvYl9pZCJ9fQ==--9cfee7a0d34fd0b87bc54af2d9c4b160396114ab\/BRAS2514809A\"><\/audio><\/p>\n<p><!--StartFragment -->A Comiss\u00e3o de Sa\u00fade da Frente Nacional de Prefeitas e Prefeitos (<a href=\"https:\/\/fnp.org.br\/\" target=\"_blank\" rel=\"noopener\"><strong>FNP<\/strong><\/a>) alerta para o crescente desfinanciamento da Aten\u00e7\u00e3o B\u00e1sica em sa\u00fade. O colegiado destaca que os munic\u00edpios t\u00eam assumido parcela cada vez maior dos gastos, enquanto a participa\u00e7\u00e3o da Uni\u00e3o vem caindo de forma consistente nas \u00faltimas duas d\u00e9cadas.<\/p>\n<p>Segundo estudo da FNP e do Conselho Nacional de Secretarias Municipais de Sa\u00fade (<a href=\"https:\/\/mais.conasems.org.br\/\" target=\"_blank\" rel=\"noopener\">Conasems<\/a>), a participa\u00e7\u00e3o da Uni\u00e3o no financiamento da sa\u00fade <strong>caiu de 52,4%, em 2002, para 41%, em 2024<\/strong>, enquanto a fatia dos munic\u00edpios <strong>subiu de 25,5% para 33,8%<\/strong>, no mesmo per\u00edodo. J\u00e1 os estados mantiveram participa\u00e7\u00e3o est\u00e1vel, em torno de 20%.<\/p>\n<p>\u201cAcabei de presidir uma reuni\u00e3o da Vice-Presid\u00eancia Nacional de Sa\u00fade, da Frente Nacional de Prefeitas e Prefeitos, falando sobre a redu\u00e7\u00e3o do financiamento da aten\u00e7\u00e3o b\u00e1sica na sa\u00fade por parte do Minist\u00e9rio da Sa\u00fade. Em uma parceria da FNP com o Conasemes, n\u00f3s apresentamos os dados hist\u00f3ricos que mostram essa queda de repasse de recursos do Minist\u00e9rio da Sa\u00fade para os munic\u00edpios. E tamb\u00e9m levantamos o problema da demora da habilita\u00e7\u00e3o, do credenciamento de servi\u00e7os de sa\u00fade que o munic\u00edpio faz e o Minist\u00e9rio da Sa\u00fade demora a credenciar e repassar recursos\u201d, afirmou o prefeito de Campinas (SP) e presidente da Comiss\u00e3o de Sa\u00fade da FNP, D\u00e1rio Saadi.<\/p>\n<h2>Press\u00e3o sobre os cofres locais<\/h2>\n<p>Os munic\u00edpios t\u00eam aplicado bem acima do m\u00ednimo constitucional de <strong>15% das receitas pr\u00f3prias em sa\u00fade<\/strong>. Em 2024, investiram, em m\u00e9dia, <strong>23,1%<\/strong>, o que representa <strong>R$ 58,5 bilh\u00f5es a mais <\/strong>do que o exigido pela Constitui\u00e7\u00e3o \u2014 valor equivalente a 80% de todo o IPTU arrecadado no pa\u00eds.<\/p>\n<p>A situa\u00e7\u00e3o \u00e9 ainda mais cr\u00edtica nos munic\u00edpios mais populosos. Cidades com mais de 500 mil habitantes foram respons\u00e1veis por 69,2% dos gastos em Aten\u00e7\u00e3o B\u00e1sica em 2024, enquanto a Uni\u00e3o arcou com 27,7%. Entre as capitais, a participa\u00e7\u00e3o local chegou a 71%, contra 26,7% da Uni\u00e3o.<\/p>\n<p>Um exemplo \u00e9 Campinas (SP), que investiu no primeiro quadrimestre deste ano R$ 663,7 milh\u00f5es na sa\u00fade, dos quais R$ 486,9 milh\u00f5es (73,3%) sa\u00edram diretamente dos cofres municipais.<\/p>\n<p>O especialista em or\u00e7amento p\u00fablico, Cesar Lima, refor\u00e7a que a situa\u00e7\u00e3o \u00e9 agravada pelo novo teto de gastos, que limita a expans\u00e3o do financiamento federal. <!--StartFragment -->\u201cOs munic\u00edpios t\u00eam reclamado que o novo teto de gastos n\u00e3o deixa com que o financiamento federal acompanhe as demandas da popula\u00e7\u00e3o, principalmente em rela\u00e7\u00e3o ao seu crescimento. A impossibilidade do crescimento desse gasto, de acordo com o teto de gasto, n\u00e3o leva em considera\u00e7\u00e3o o crescimento demogr\u00e1fico da popula\u00e7\u00e3o, mas t\u00e3o somente o crescimento das receitas em rela\u00e7\u00e3o \u00e0s despesas\u201d<!--EndFragment -->, destacou.<\/p>\n<h2>Diferen\u00e7as por porte e regi\u00e3o<\/h2>\n<p>O estudo tamb\u00e9m mostra que, quanto maior a cidade, maior o peso dos gastos locais no custeio da Aten\u00e7\u00e3o B\u00e1sica. Em munic\u00edpios pequenos, de at\u00e9 20 mil habitantes, a Uni\u00e3o responde por 41,3% dos recursos. J\u00e1 nas cidades maiores de 500 mil habitantes, a participa\u00e7\u00e3o federal cai para 27,7%, sobrecarregando os munic\u00edpios.<\/p>\n<p>O levantamento revela ainda que os munic\u00edpios do <strong>Sudeste e do Sul <\/strong>apresentam os maiores percentuais de custeio da Aten\u00e7\u00e3o B\u00e1sica, com<strong> 65,1% e 68,6%<\/strong>, respectivamente. Essas regi\u00f5es tamb\u00e9m registraram o maior crescimento populacional nos \u00faltimos 12 anos, de acordo com o Censo 2022 do Instituto Brasileiro de Geografia e Estat\u00edstica (<a href=\"https:\/\/www.ibge.gov.br\/\" target=\"_blank\" rel=\"noopener\">IBGE<\/a>).<\/p>\n<h2>Pedido ao Minist\u00e9rio da Sa\u00fade<\/h2>\n<p>Diante desse cen\u00e1rio, a Comiss\u00e3o de Sa\u00fade da FNP enviou um of\u00edcio ao Governo Federal, solicitando audi\u00eancia com o ministro da Sa\u00fade, Alexandre Padilha, para apresentar o diagn\u00f3stico do setor e reivindicar maior repasse de recursos federais.<\/p>\n<p>A FNP refor\u00e7a que o fortalecimento da Aten\u00e7\u00e3o B\u00e1sica \u00e9 estrat\u00e9gico para reduzir a sobrecarga da m\u00e9dia e alta complexidade no Sistema \u00danico de Sa\u00fade (<a href=\"https:\/\/www.gov.br\/saude\/pt-br\/sus\" target=\"_blank\" rel=\"noopener\">SUS<\/a>) e garantir mais efici\u00eancia e qualidade no atendimento \u00e0 popula\u00e7\u00e3o.<\/p>\n<p>Confira <a href=\"https:\/\/multimidia.fnp.org.br\/biblioteca\/apresentacoes\/item\/1279-apresentacao-atencao-basica-comissao-de-saude\" target=\"_blank\" rel=\"noopener\">aqui<\/a> o estudo da FNP.<\/p>\n<p><!--EndFragment --><\/p>\n<p>\t\t\t\t\t\t\t\t\t<img decoding=\"async\" src=\"https:\/\/brasil61.com\/api\/v1\/serve_pixel\/22254\/84865\" alt=\"Pixel Brasil 61\" class=\"b61_pixel\" width=\"0\" height=\"0\"><\/p>\n<div class=\"br61_backlink\">\n<p>\n\t\t\t\tFonte: <a href=\"https:\/\/brasil61.com\/municipios-bancam-maior-parte-da-atencao-basica-e-fnp-alerta-para-desfinanciamento-do-setor-bras2514809\" title=\"Artigo Original: Munic\u00edpios bancam maior parte da Aten\u00e7\u00e3o B\u00e1sica e FNP alerta para desfinanciamento do setor\" target=\"_blank\" rel=\"noopener\">Brasil 61<\/a>\n\t\t\t<\/p>\n<\/p><\/div>\n<input type=\"hidden\" id=\"baseurl\" value=\"https:\/\/noticiasregionais.com.br\"><input type=\"hidden\" id=\"audio_nonce\" value=\"5c13e0637f\">","protected":false},"excerpt":{"rendered":"<p>Comiss\u00e3o de Sa\u00fade cobra maior participa\u00e7\u00e3o da Uni\u00e3o e critica demora na habilita\u00e7\u00e3o de novos servi\u00e7os pelo Minist\u00e9rio da Sa\u00fade<\/p>\n","protected":false},"author":1,"featured_media":10132,"comment_status":"","ping_status":"open","sticky":false,"template":"","format":"standard","meta":{"sfsi_plus_gutenberg_text_before_share":"","sfsi_plus_gutenberg_show_text_before_share":"","sfsi_plus_gutenberg_icon_type":"","sfsi_plus_gutenberg_icon_alignemt":"","sfsi_plus_gutenburg_max_per_row":"","footnotes":""},"categories":[8],"tags":[],"class_list":["post-10131","post","type-post","status-publish","format-standard","has-post-thumbnail","hentry","category-brasil"],"_links":{"self":[{"href":"https:\/\/noticiasregionais.com.br\/index.php?rest_route=\/wp\/v2\/posts\/10131","targetHints":{"allow":["GET"]}}],"collection":[{"href":"https:\/\/noticiasregionais.com.br\/index.php?rest_route=\/wp\/v2\/posts"}],"about":[{"href":"https:\/\/noticiasregionais.com.br\/index.php?rest_route=\/wp\/v2\/types\/post"}],"author":[{"embeddable":true,"href":"https:\/\/noticiasregionais.com.br\/index.php?rest_route=\/wp\/v2\/users\/1"}],"replies":[{"embeddable":true,"href":"https:\/\/noticiasregionais.com.br\/index.php?rest_route=%2Fwp%2Fv2%2Fcomments&post=10131"}],"version-history":[{"count":0,"href":"https:\/\/noticiasregionais.com.br\/index.php?rest_route=\/wp\/v2\/posts\/10131\/revisions"}],"wp:featuredmedia":[{"embeddable":true,"href":"https:\/\/noticiasregionais.com.br\/index.php?rest_route=\/wp\/v2\/media\/10132"}],"wp:attachment":[{"href":"https:\/\/noticiasregionais.com.br\/index.php?rest_route=%2Fwp%2Fv2%2Fmedia&parent=10131"}],"wp:term":[{"taxonomy":"category","embeddable":true,"href":"https:\/\/noticiasregionais.com.br\/index.php?rest_route=%2Fwp%2Fv2%2Fcategories&post=10131"},{"taxonomy":"post_tag","embeddable":true,"href":"https:\/\/noticiasregionais.com.br\/index.php?rest_route=%2Fwp%2Fv2%2Ftags&post=10131"}],"curies":[{"name":"wp","href":"https:\/\/api.w.org\/{rel}","templated":true}]}}