{"id":10143,"date":"2025-09-30T04:25:00","date_gmt":"2025-09-30T07:25:00","guid":{"rendered":"https:\/\/noticiasregionais.com.br\/?p=10143"},"modified":"2025-09-30T04:25:00","modified_gmt":"2025-09-30T07:25:00","slug":"sus-tera-899-novas-unidades-e-reforco-de-322-medicos-especialistas","status":"publish","type":"post","link":"https:\/\/noticiasregionais.com.br\/?p=10143","title":{"rendered":"SUS ter\u00e1 899 novas unidades e refor\u00e7o de 322 m\u00e9dicos especialistas"},"content":{"rendered":"<p>\t\t\t\t\t\t\t\t\t\t<audio controls class=\"b61_audio_player\" data-noticia=\"84896\" src=\"https:\/\/brasil61.com\/rails\/active_storage\/blobs\/eyJfcmFpbHMiOnsibWVzc2FnZSI6IkJBaHBBd0tqQXc9PSIsImV4cCI6bnVsbCwicHVyIjoiYmxvYl9pZCJ9fQ==--bf0129a5080848f11a758ae0c225dc7d050a59a3\/BRAS2514821A\"><\/audio><\/p>\n<p>O <a href=\"https:\/\/www.gov.br\/saude\/pt-br\" target=\"_blank\" rel=\"noopener\">Minist\u00e9rio da Sa\u00fade<\/a> anunciou a libera\u00e7\u00e3o de <strong>R$ 2,5 bilh\u00f5es para a constru\u00e7\u00e3o de 899 novas unidades de atendimento do Sistema \u00danico de Sa\u00fade (SUS) <\/strong>em todo o pa\u00eds e a chegada de <strong>322 m\u00e9dicos especialistas, que atuar\u00e3o em 156 munic\u00edpios brasileiros<\/strong>. As iniciativas fazem parte do programa <a href=\"https:\/\/www.gov.br\/saude\/pt-br\/composicao\/saes\/agora-tem-especialistas\" target=\"_blank\" rel=\"noopener\">Agora Tem Especialistas<\/a>, iniciativa da Pasta para reduzir o tempo de espera por atendimentos de m\u00e9dia e alta complexidade no SUS.\u00a0<\/p>\n<p>Os recursos, provenientes do <a href=\"https:\/\/www.gov.br\/casacivil\/pt-br\/novopac\/selecoes2025\" target=\"_blank\" rel=\"noopener\">Novo PAC Sele\u00e7\u00f5es 2025<\/a>, ser\u00e3o destinados \u00e0 constru\u00e7\u00e3o de <strong>100 Centros de Aten\u00e7\u00e3o Psicossocial (CAPS), 31 policl\u00ednicas e 768 Unidades B\u00e1sicas de Sa\u00fade (UBS). <\/strong>De acordo com o minist\u00e9rio, as UBS v\u00e3o contribuir para reduzir a sobrecarga da Aten\u00e7\u00e3o Especializada \u00e0 Sa\u00fade, foco do Agora Tem Especialistas.\u00a0<\/p>\n<p>Dos 322 m\u00e9dicos contratados pelo programa, <strong>212 atuar\u00e3o no interior do pa\u00eds e 188 v\u00e3o para estados da Regi\u00e3o Nordeste<\/strong>. \u00a0\u00c9 o caso da m\u00e9dica especialista em Radiologia e Diagn\u00f3stico por Imagem\u00a0T\u00e1ssia Maria Oliveira, que se mudou de Niter\u00f3i (RJ) para Itapecuru Mirim, munic\u00edpio no interior do Maranh\u00e3o com mais de 60 mil habitantes, para atuar no diagn\u00f3stico do c\u00e2ncer de mama.\u00a0<\/p>\n<p>\u201cO objetivo \u00e9 que as unidades b\u00e1sicas de sa\u00fade filtrem os pacientes que necessitam de bi\u00f3psias, assim como as unidades especializadas em mastologia ou ginecologia, para que eu fa\u00e7a as bi\u00f3psias e a gente tenha o diagn\u00f3stico diferencial entre les\u00f5es benignas e malignas das mamas\u201d, explica.<\/p>\n<p>T\u00e1ssia ressalta a import\u00e2ncia do diagn\u00f3stico precoce para o sucesso do tratamento. \u201cA maioria das pessoas que t\u00eam o diagn\u00f3stico de c\u00e2ncer precoce sobrevivem e vivem bem e n\u00e3o tem recidiva. Quanto mais o paciente demora para fazer uma bi\u00f3psia, depois que um n\u00f3dulo \u00e9 identificado, maior a chance desse n\u00f3dulo crescer e fazer met\u00e1stases, que \u00e9 a distribui\u00e7\u00e3o de c\u00e9lulas cancerosas pelo restante do corpo\u201d, detalha.\u00a0<\/p>\n<p>Outros<strong> 70 profissionais atuar\u00e3o na Regi\u00e3o Sudeste, 40 na Norte, 17 na Centro-Oeste e sete na Sul<\/strong>. Al\u00e9m disso, <strong>72% <\/strong>v\u00e3o para <strong>\u00e1reas classificadas como de alta ou muito alta vulnerabilidade<\/strong>, sendo <strong>22% <\/strong>alocados em munic\u00edpios da <strong>Amaz\u00f4nia Legal<\/strong>.\u202f\u00a0<\/p>\n<p>Na \u00faltima sexta-feira (26), especialistas chegaram aos estados de Rond\u00f4nia, Acre, Amazonas, Roraima, Par\u00e1, Amap\u00e1, Tocantins, Maranh\u00e3o, Piau\u00ed, Cear\u00e1, Rio Grande do Norte, Para\u00edba, Pernambuco, Alagoas, Sergipe, Bahia, Minas Gerais, Rio de Janeiro, S\u00e3o Paulo, Santa Catarina, Rio Grande do Sul, Mato Grosso, Goi\u00e1s, al\u00e9m do Distrito Federal. \u202f\u00a0<\/p>\n<p>As especialidades com maior n\u00famero de profissionais s\u00e3o ginecologia (98), anestesiologia (37), otorrinolaringologia (26), cirurgia geral (25) e diferentes \u00e1reas do atendimento oncol\u00f3gico (66).\u202f\u202f\u00a0<\/p>\n<p>Para a distribui\u00e7\u00e3o das vagas, foram priorizadas as regi\u00f5es com n\u00famero de especialistas abaixo da m\u00e9dia nacional e as em que a popula\u00e7\u00e3o precisa se deslocar mais para conseguir atendimento. Tamb\u00e9m foi considerada a capacidade instalada para oferta da assist\u00eancia.\u202f\u202f\u00a0<br \/>\n\u00a0<\/p>\n<p>\t\t\t\t\t\t\t\t\t<img decoding=\"async\" src=\"https:\/\/brasil61.com\/api\/v1\/serve_pixel\/22254\/84896\" alt=\"Pixel Brasil 61\" class=\"b61_pixel\" width=\"0\" height=\"0\"><\/p>\n<div class=\"br61_backlink\">\n<p>\n\t\t\t\tFonte: <a href=\"https:\/\/brasil61.com\/sus-tera-899-novas-unidades-e-reforco-de-322-medicos-especialistas-bras2514821\" title=\"Artigo Original: SUS ter\u00e1 899 novas unidades e refor\u00e7o de 322 m\u00e9dicos especialistas\" target=\"_blank\" rel=\"noopener\">Brasil 61<\/a>\n\t\t\t<\/p>\n<\/p><\/div>\n<input type=\"hidden\" id=\"baseurl\" value=\"https:\/\/noticiasregionais.com.br\"><input type=\"hidden\" id=\"audio_nonce\" value=\"5c13e0637f\">","protected":false},"excerpt":{"rendered":"<p>Investimentos integram o programa Agora Tem Especialistas e buscam ampliar a capacidade de atendimento p\u00fablico de sa\u00fade <\/p>\n","protected":false},"author":1,"featured_media":10144,"comment_status":"","ping_status":"open","sticky":false,"template":"","format":"standard","meta":{"sfsi_plus_gutenberg_text_before_share":"","sfsi_plus_gutenberg_show_text_before_share":"","sfsi_plus_gutenberg_icon_type":"","sfsi_plus_gutenberg_icon_alignemt":"","sfsi_plus_gutenburg_max_per_row":"","footnotes":""},"categories":[8],"tags":[],"class_list":["post-10143","post","type-post","status-publish","format-standard","has-post-thumbnail","hentry","category-brasil"],"_links":{"self":[{"href":"https:\/\/noticiasregionais.com.br\/index.php?rest_route=\/wp\/v2\/posts\/10143","targetHints":{"allow":["GET"]}}],"collection":[{"href":"https:\/\/noticiasregionais.com.br\/index.php?rest_route=\/wp\/v2\/posts"}],"about":[{"href":"https:\/\/noticiasregionais.com.br\/index.php?rest_route=\/wp\/v2\/types\/post"}],"author":[{"embeddable":true,"href":"https:\/\/noticiasregionais.com.br\/index.php?rest_route=\/wp\/v2\/users\/1"}],"replies":[{"embeddable":true,"href":"https:\/\/noticiasregionais.com.br\/index.php?rest_route=%2Fwp%2Fv2%2Fcomments&post=10143"}],"version-history":[{"count":0,"href":"https:\/\/noticiasregionais.com.br\/index.php?rest_route=\/wp\/v2\/posts\/10143\/revisions"}],"wp:featuredmedia":[{"embeddable":true,"href":"https:\/\/noticiasregionais.com.br\/index.php?rest_route=\/wp\/v2\/media\/10144"}],"wp:attachment":[{"href":"https:\/\/noticiasregionais.com.br\/index.php?rest_route=%2Fwp%2Fv2%2Fmedia&parent=10143"}],"wp:term":[{"taxonomy":"category","embeddable":true,"href":"https:\/\/noticiasregionais.com.br\/index.php?rest_route=%2Fwp%2Fv2%2Fcategories&post=10143"},{"taxonomy":"post_tag","embeddable":true,"href":"https:\/\/noticiasregionais.com.br\/index.php?rest_route=%2Fwp%2Fv2%2Ftags&post=10143"}],"curies":[{"name":"wp","href":"https:\/\/api.w.org\/{rel}","templated":true}]}}