{"id":10145,"date":"2025-09-30T04:45:00","date_gmt":"2025-09-30T07:45:00","guid":{"rendered":"https:\/\/noticiasregionais.com.br\/?p=10145"},"modified":"2025-09-30T04:45:00","modified_gmt":"2025-09-30T07:45:00","slug":"governo-anuncia-r-17-bilhao-do-fundo-da-marinha-mercante-para-construcao-de-embarcacoes-no-amazonas","status":"publish","type":"post","link":"https:\/\/noticiasregionais.com.br\/?p=10145","title":{"rendered":"Governo anuncia R$ 1,7 bilh\u00e3o do Fundo da Marinha Mercante para constru\u00e7\u00e3o de embarca\u00e7\u00f5es no Amazonas"},"content":{"rendered":"<p>\t\t\t\t\t\t\t\t\t\t<audio controls class=\"b61_audio_player\" data-noticia=\"84907\" src=\"https:\/\/brasil61.com\/rails\/active_storage\/blobs\/eyJfcmFpbHMiOnsibWVzc2FnZSI6IkJBaHBBdytqQXc9PSIsImV4cCI6bnVsbCwicHVyIjoiYmxvYl9pZCJ9fQ==--2ec2506450c0fe60f50ca7fe6830524bab4749fc\/MPOR250119A\"><\/audio><\/p>\n<p>O <strong><a href=\"https:\/\/www.amazonas.am.gov.br\/\" target=\"_blank\" rel=\"noopener\">Amazonas <\/a>ser\u00e1 contemplado com R$ 1,7 bilh\u00e3o do <a href=\"https:\/\/www.bndes.gov.br\/wps\/portal\/site\/home\/transparencia\/fundos-governamentais\/fmm\" target=\"_blank\" rel=\"noopener\">Fundo da Marinha Mercante (FMM)<\/a> para a constru\u00e7\u00e3o de 188 embarca\u00e7\u00f5es<\/strong>. O an\u00fancio foi feito nesta segunda-feira (29) pelo\u00a0<a href=\"https:\/\/www.gov.br\/portos-e-aeroportos\/pt-br\/assuntos\/noticias\/2025\/09\/amazonas-vai-receber-investimentos-de-r-1-7-bi-do-fundo-da-marinha-mercante-para-a-construcao-de-188-embarcacoes\" target=\"_blank\" rel=\"noopener\">ministro de Portos e Aeroportos, Silvio Costa Filho, durante agenda oficial em Manaus (AM)<\/a>.\u00a0<\/p>\n<p>Os investimentos fazem parte de uma<strong> iniciativa conduzida pelas empresas <a href=\"https:\/\/lhgmining.com.br\/\" target=\"_blank\" rel=\"noopener\">LHG Mining<\/a> e <a href=\"https:\/\/br.linkedin.com\/company\/hermasa-navega%C3%A7%C3%A3o-da-amaz%C3%B4nia-s-a.\" target=\"_blank\" rel=\"noopener\">Hermasa<\/a><\/strong>, <strong>que deve gerar cerca de 10 mil empregos e impulsionar o desenvolvimento econ\u00f4mico das comunidades ribeirinhas da regi\u00e3o<\/strong>.<\/p>\n<p>Durante a visita, realizada no <a href=\"https:\/\/juruaestaleiro.com.br\/\" target=\"_blank\" rel=\"noopener\">Estaleiro Juru\u00e1<\/a>, Costa Filho participou da cerim\u00f4nia de entrega das primeiras balsas de min\u00e9rio de ferro do projeto da LHG Mining. A empresa prev\u00ea a constru\u00e7\u00e3o de <strong>128 embarca\u00e7\u00f5es<\/strong> no Amazonas, com <strong>aporte de R$ 1,36 bilh\u00e3o do FMM<\/strong>.\u00a0<\/p>\n<p>Para o pacote nacional, <strong>a companhia projeta que ser\u00e3o investidos R$ 4,3 bilh\u00f5es<\/strong>, destinados \u00e0 distribui\u00e7\u00e3o de <strong>400 barca\u00e7as e 15 empurradores<\/strong> entre quatro estados:<\/p>\n<ul>\n<li>Amazonas;<\/li>\n<li>Bahia;<\/li>\n<li>Par\u00e1;<\/li>\n<li>S\u00e3o Paulo.<\/li>\n<\/ul>\n<p>A Hermasa, por sua vez, ser\u00e1 respons\u00e1vel pela produ\u00e7\u00e3o de <strong>60 balsas graneleiras e dois empurradores<\/strong>, com capacidade de at\u00e9 2 mil toneladas. O investimento da empresa \u00e9 de <strong>R$ 384,3 milh\u00f5es, tamb\u00e9m financiado pelo FMM<\/strong>.<\/p>\n<h2>Sustentabilidade e log\u00edstica<\/h2>\n<p>Al\u00e9m da divulga\u00e7\u00e3o de recursos do FMM, o ministro participou da inaugura\u00e7\u00e3o do porto fluvial de <a href=\"https:\/\/aam.org.br\/envira\/\" target=\"_blank\" rel=\"noopener\">Envira<\/a>\u00a0e apresentou o projeto de moderniza\u00e7\u00e3o da instala\u00e7\u00e3o portu\u00e1ria de <a href=\"https:\/\/aam.org.br\/eirunepe\/\" target=\"_blank\" rel=\"noopener\">Eirunep\u00e9 (AM)<\/a>.<\/p>\n<p>Costa Filho destacou que <strong>a navega\u00e7\u00e3o fluvial \u00e9 estrat\u00e9gica para o escoamento da produ\u00e7\u00e3o nacional e para a redu\u00e7\u00e3o dos custos log\u00edsticos<\/strong>. Segundo ele, cada comboio formado por 16 barca\u00e7as pode transportar at\u00e9 50 mil toneladas de min\u00e9rio, o equivalente a 1.250 caminh\u00f5es, o que contribui para a diminui\u00e7\u00e3o das emiss\u00f5es de gases de efeito estufa e desafoga as rodovias.<\/p>\n<p>\u201cAs entregas que estamos fazendo hoje estimulam a sustentabilidade, promovem a gera\u00e7\u00e3o de emprego e renda no Amazonas e refor\u00e7am a pol\u00edtica do Governo Federal de retomada da ind\u00fastria naval brasileira\u201d, afirmou o ministro. Ele ressaltou ainda que, desde 2023, o FMM j\u00e1 priorizou R$ 70 bilh\u00f5es em projetos, volume tr\u00eas vezes superior ao total aprovado entre 2019 e 2022.<\/p>\n<h2>Amazonas como hub log\u00edstico<\/h2>\n<p>O ministro de Portos e Aeroportos reafirmou o compromisso do governo com o desenvolvimento da regi\u00e3o. \u201cEstamos trabalhando ao lado do presidente Lula e do senador Eduardo Braga para transformar o Amazonas em um hub estrat\u00e9gico para o Brasil\u201d, disse, ao destacar a <strong>duplica\u00e7\u00e3o da BR-319<\/strong> como outra prioridade.<\/p>\n<p>O evento contou com a participa\u00e7\u00e3o dos senadores amazonenses, Eduardo Braga e Omar Aziz. O senador Aziz enfatizou os impactos positivos dos investimentos: \u201cGerar emprego, renda e prosperidade \u00e9 essencial para construirmos o pa\u00eds que queremos\u201d.\u00a0<\/p>\n<p>Braga, por sua vez, ressaltou a import\u00e2ncia da navega\u00e7\u00e3o na Amaz\u00f4nia: \u201cMuitas vezes, \u00e9 o \u00fanico meio de transporte na regi\u00e3o. As contrata\u00e7\u00f5es dos estaleiros mostram um Brasil que d\u00e1 certo\u201d.<\/p>\n<p><strong>VEJA MAIS:<\/strong><\/p>\n<ul>\n<li><a href=\"https:\/\/brasil61.com\/n\/brasil-precisa-dobrar-investimento-em-infraestrutura-aponta-estudo-bras2514804\" target=\"_blank\" rel=\"noopener\">Brasil precisa dobrar investimento em infraestrutura, aponta estudo<\/a><\/li>\n<li><a href=\"https:\/\/brasil61.com\/n\/sudeste-lidera-aviacao-nacional-com-82-9-milhoes-de-passageiros-entre-janeiro-e-agosto-mpor250116\" target=\"_blank\" rel=\"noopener\">Sudeste lidera avia\u00e7\u00e3o nacional com 82,9 milh\u00f5es de passageiros entre janeiro e agosto<\/a><\/li>\n<li><a href=\"https:\/\/brasil61.com\/n\/galeao-tem-concessao-repactuada-e-projeta-alta-historica-na-movimentacao-de-passageiros-mpor250117\" target=\"_blank\" rel=\"noopener\">Gale\u00e3o tem concess\u00e3o repactuada e projeta alta hist\u00f3rica na movimenta\u00e7\u00e3o de passageiros<\/a><\/li>\n<\/ul>\n<p>\t\t\t\t\t\t\t\t\t<img decoding=\"async\" src=\"https:\/\/brasil61.com\/api\/v1\/serve_pixel\/22254\/84907\" alt=\"Pixel Brasil 61\" class=\"b61_pixel\" width=\"0\" height=\"0\"><\/p>\n<div class=\"br61_backlink\">\n<p>\n\t\t\t\tFonte: <a href=\"https:\/\/brasil61.com\/governo-anuncia-r-1-7-bilhao-do-fundo-da-marinha-mercante-para-construcao-de-embarcacoes-no-amazonas-mpor250119\" title=\"Artigo Original: Governo anuncia R$ 1,7 bilh\u00e3o do Fundo da Marinha Mercante para constru\u00e7\u00e3o de embarca\u00e7\u00f5es no Amazonas\" target=\"_blank\" rel=\"noopener\">Brasil 61<\/a>\n\t\t\t<\/p>\n<\/p><\/div>\n<input type=\"hidden\" id=\"baseurl\" value=\"https:\/\/noticiasregionais.com.br\"><input type=\"hidden\" id=\"audio_nonce\" value=\"296231ceac\">","protected":false},"excerpt":{"rendered":"<p>A iniciativa, conduzida pelas empresas LHG Mining e Hermasa, deve gerar cerca de 10 mil empregos e impulsionar o desenvolvimento econ\u00f4mico das comunidades ribeirinhas da regi\u00e3o<\/p>\n","protected":false},"author":1,"featured_media":10146,"comment_status":"","ping_status":"open","sticky":false,"template":"","format":"standard","meta":{"sfsi_plus_gutenberg_text_before_share":"","sfsi_plus_gutenberg_show_text_before_share":"","sfsi_plus_gutenberg_icon_type":"","sfsi_plus_gutenberg_icon_alignemt":"","sfsi_plus_gutenburg_max_per_row":"","footnotes":""},"categories":[8],"tags":[],"class_list":["post-10145","post","type-post","status-publish","format-standard","has-post-thumbnail","hentry","category-brasil"],"_links":{"self":[{"href":"https:\/\/noticiasregionais.com.br\/index.php?rest_route=\/wp\/v2\/posts\/10145","targetHints":{"allow":["GET"]}}],"collection":[{"href":"https:\/\/noticiasregionais.com.br\/index.php?rest_route=\/wp\/v2\/posts"}],"about":[{"href":"https:\/\/noticiasregionais.com.br\/index.php?rest_route=\/wp\/v2\/types\/post"}],"author":[{"embeddable":true,"href":"https:\/\/noticiasregionais.com.br\/index.php?rest_route=\/wp\/v2\/users\/1"}],"replies":[{"embeddable":true,"href":"https:\/\/noticiasregionais.com.br\/index.php?rest_route=%2Fwp%2Fv2%2Fcomments&post=10145"}],"version-history":[{"count":0,"href":"https:\/\/noticiasregionais.com.br\/index.php?rest_route=\/wp\/v2\/posts\/10145\/revisions"}],"wp:featuredmedia":[{"embeddable":true,"href":"https:\/\/noticiasregionais.com.br\/index.php?rest_route=\/wp\/v2\/media\/10146"}],"wp:attachment":[{"href":"https:\/\/noticiasregionais.com.br\/index.php?rest_route=%2Fwp%2Fv2%2Fmedia&parent=10145"}],"wp:term":[{"taxonomy":"category","embeddable":true,"href":"https:\/\/noticiasregionais.com.br\/index.php?rest_route=%2Fwp%2Fv2%2Fcategories&post=10145"},{"taxonomy":"post_tag","embeddable":true,"href":"https:\/\/noticiasregionais.com.br\/index.php?rest_route=%2Fwp%2Fv2%2Ftags&post=10145"}],"curies":[{"name":"wp","href":"https:\/\/api.w.org\/{rel}","templated":true}]}}