{"id":10149,"date":"2025-09-30T04:55:00","date_gmt":"2025-09-30T07:55:00","guid":{"rendered":"https:\/\/noticiasregionais.com.br\/?p=10149"},"modified":"2025-09-30T04:55:00","modified_gmt":"2025-09-30T07:55:00","slug":"voa-brasil-aposentados-do-inss-podem-participar-com-conta-gov-br-de-nivel-bronze","status":"publish","type":"post","link":"https:\/\/noticiasregionais.com.br\/?p=10149","title":{"rendered":"Voa Brasil: Aposentados do INSS podem participar com conta Gov.br de n\u00edvel bronze"},"content":{"rendered":"<p>\t\t\t\t\t\t\t\t\t\t<audio controls class=\"b61_audio_player\" data-noticia=\"84890\" src=\"https:\/\/brasil61.com\/rails\/active_storage\/blobs\/eyJfcmFpbHMiOnsibWVzc2FnZSI6IkJBaHBBODZpQXc9PSIsImV4cCI6bnVsbCwicHVyIjoiYmxvYl9pZCJ9fQ==--cd25031f74fcf57dcf622fadf4d46b30854c5463\/MPOR250118A\"><\/audio><\/p>\n<p>O <a href=\"https:\/\/www.gov.br\/portos-e-aeroportos\/pt-br\/assuntos\/conheca-o-voa-brasil\" target=\"_blank\" rel=\"noopener\">programa Voa Brasil<\/a>, que oferece passagens a\u00e9reas a pre\u00e7os acess\u00edveis, ampliou os crit\u00e9rios de ades\u00e3o.<strong> Aposentados do INSS com <a href=\"https:\/\/www.gov.br\/pt-br\" target=\"_blank\" rel=\"noopener\">contas Gov.br<\/a> de n\u00edvel bronze passaram a ser inclu\u00eddos entre os benefici\u00e1rios<\/strong>. Anteriormente, apenas contas de n\u00edveis prata ou ouro podiam participar.<\/p>\n<p>Segundo o ministro de Portos e Aeroportos, Silvio Costa Filho, a medida pretende ampliar o acesso dos brasileiros na hora da compra. \u201cCom a inclus\u00e3o das contas Gov.br bronze, o Voa Brasil se torna ainda mais acess\u00edvel, garantindo que mais brasileiros possam usufruir de passagens a\u00e9reas a pre\u00e7os justos\u201d, afirmou.<\/p>\n<p>A coordenadora de Pol\u00edticas Regulat\u00f3rias do <a href=\"https:\/\/www.gov.br\/portos-e-aeroportos\/pt-br\" target=\"_blank\" rel=\"noopener\">Minist\u00e9rio de Portos e Aeroportos<\/a>, Michele Nunes Freires Cerqueira, complementa que \u201ccom a atualiza\u00e7\u00e3o nos crit\u00e9rios de ades\u00e3o, o governo reafirma seu compromisso em democratizar o transporte a\u00e9reo, ampliando o acesso da popula\u00e7\u00e3o e aproximando ainda mais os brasileiros em todo o territ\u00f3rio nacional\u201d.<\/p>\n<h2>Programa Voa Brasil<\/h2>\n<p>O <a href=\"https:\/\/voabrasil.sistema.gov.br\/login\" target=\"_blank\" rel=\"noopener\">Voa Brasil<\/a> oferece a <strong>aposentados do INSS<\/strong>, <strong>que n\u00e3o viajaram de avi\u00e3o nos \u00faltimos 12 meses<\/strong>, a oportunidade de comprar <strong>bilhetes a\u00e9reos por at\u00e9 R$ 200 o trecho<\/strong> <strong>(exceto tarifa de embarque)<\/strong>.\u00a0<\/p>\n<p>Idealizada pelo Minist\u00e9rio de Portos e Aeroportos, a iniciativa conta com a colabora\u00e7\u00e3o das principais companhias a\u00e9reas do pa\u00eds, que disponibilizam assentos vagos em voos de baixa demanda.\u00a0<\/p>\n<h2>Qual a diferen\u00e7a entre os n\u00edveis da conta Gov.br?<\/h2>\n<p>O n\u00edvel bronze \u00e9 o mais b\u00e1sico da categoria, criado automaticamente ao cadastrar CPF e senha no sistema do Gov.br. Por sua vez, os n\u00edveis prata e ouro exigem valida\u00e7\u00f5es adicionais e oferecem acesso a uma variedade de servi\u00e7os digitais, como a <a href=\"https:\/\/www.gov.br\/governodigital\/pt-br\/identidade\/assinatura-eletronica\" target=\"_blank\" rel=\"noopener\">Assinatura Eletr\u00f4nica GOV.BR<\/a>.<\/p>\n<h2>Como realizar o cadastro?<\/h2>\n<ol>\n<li>Baixe o aplicativo do Gov.br na loja do seu celular ou acesso o site www.gov.br\/pt-br;\u00a0<\/li>\n<li>Abra o aplicativo\/portal, digite seu CPF e clique em \u201ccontinuar\u201d, para criar ou alterar sua conta.<\/li>\n<\/ol>\n<p><strong>VEJA MAIS:<\/strong><\/p>\n<ul>\n<li><a href=\"https:\/\/brasil61.com\/n\/galeao-tem-concessao-repactuada-e-projeta-alta-historica-na-movimentacao-de-passageiros-mpor250117\" target=\"_blank\" rel=\"noopener\">Gale\u00e3o tem concess\u00e3o repactuada e projeta alta hist\u00f3rica na movimenta\u00e7\u00e3o de passageiros<\/a><\/li>\n<li><a href=\"https:\/\/brasil61.com\/n\/galeao-tem-concessao-repactuada-e-projeta-alta-historica-na-movimentacao-de-passageiros-mpor250117\" target=\"_blank\" rel=\"noopener\">Sudeste lidera avia\u00e7\u00e3o nacional com 82,9 milh\u00f5es de passageiros entre janeiro e agosto<\/a><\/li>\n<\/ul>\n<p>\t\t\t\t\t\t\t\t\t<img decoding=\"async\" src=\"https:\/\/brasil61.com\/api\/v1\/serve_pixel\/22254\/84890\" alt=\"Pixel Brasil 61\" class=\"b61_pixel\" width=\"0\" height=\"0\"><\/p>\n<div class=\"br61_backlink\">\n<p>\n\t\t\t\tFonte: <a href=\"https:\/\/brasil61.com\/voa-brasil-aposentados-do-inss-podem-participar-com-conta-gov-br-de-nivel-bronze-mpor250118\" title=\"Artigo Original: Voa Brasil: Aposentados do INSS podem participar com conta Gov.br de n\u00edvel bronze\" target=\"_blank\" rel=\"noopener\">Brasil 61<\/a>\n\t\t\t<\/p>\n<\/p><\/div>\n<input type=\"hidden\" id=\"baseurl\" value=\"https:\/\/noticiasregionais.com.br\"><input type=\"hidden\" id=\"audio_nonce\" value=\"5c13e0637f\">","protected":false},"excerpt":{"rendered":"<p>A medida pretende ampliar o acesso dos brasileiros na hora da compra; anteriormente, apenas contas de n\u00edveis prata ou ouro podiam participar<\/p>\n","protected":false},"author":1,"featured_media":10150,"comment_status":"","ping_status":"open","sticky":false,"template":"","format":"standard","meta":{"sfsi_plus_gutenberg_text_before_share":"","sfsi_plus_gutenberg_show_text_before_share":"","sfsi_plus_gutenberg_icon_type":"","sfsi_plus_gutenberg_icon_alignemt":"","sfsi_plus_gutenburg_max_per_row":"","footnotes":""},"categories":[8],"tags":[],"class_list":["post-10149","post","type-post","status-publish","format-standard","has-post-thumbnail","hentry","category-brasil"],"_links":{"self":[{"href":"https:\/\/noticiasregionais.com.br\/index.php?rest_route=\/wp\/v2\/posts\/10149","targetHints":{"allow":["GET"]}}],"collection":[{"href":"https:\/\/noticiasregionais.com.br\/index.php?rest_route=\/wp\/v2\/posts"}],"about":[{"href":"https:\/\/noticiasregionais.com.br\/index.php?rest_route=\/wp\/v2\/types\/post"}],"author":[{"embeddable":true,"href":"https:\/\/noticiasregionais.com.br\/index.php?rest_route=\/wp\/v2\/users\/1"}],"replies":[{"embeddable":true,"href":"https:\/\/noticiasregionais.com.br\/index.php?rest_route=%2Fwp%2Fv2%2Fcomments&post=10149"}],"version-history":[{"count":0,"href":"https:\/\/noticiasregionais.com.br\/index.php?rest_route=\/wp\/v2\/posts\/10149\/revisions"}],"wp:featuredmedia":[{"embeddable":true,"href":"https:\/\/noticiasregionais.com.br\/index.php?rest_route=\/wp\/v2\/media\/10150"}],"wp:attachment":[{"href":"https:\/\/noticiasregionais.com.br\/index.php?rest_route=%2Fwp%2Fv2%2Fmedia&parent=10149"}],"wp:term":[{"taxonomy":"category","embeddable":true,"href":"https:\/\/noticiasregionais.com.br\/index.php?rest_route=%2Fwp%2Fv2%2Fcategories&post=10149"},{"taxonomy":"post_tag","embeddable":true,"href":"https:\/\/noticiasregionais.com.br\/index.php?rest_route=%2Fwp%2Fv2%2Ftags&post=10149"}],"curies":[{"name":"wp","href":"https:\/\/api.w.org\/{rel}","templated":true}]}}