{"id":1015,"date":"2023-10-27T17:45:00","date_gmt":"2023-10-27T20:45:00","guid":{"rendered":"https:\/\/noticiasregionais.com.br\/?p=1015"},"modified":"2023-10-28T22:16:26","modified_gmt":"2023-10-29T01:16:26","slug":"participe-da-feira-de-saude-no-cdhu-com-servicos-gratuitos-a-comunidade","status":"publish","type":"post","link":"https:\/\/noticiasregionais.com.br\/?p=1015","title":{"rendered":"Participe da Feira de Sa\u00fade no CDHU, com servi\u00e7os gratuitos \u00e0 comunidade"},"content":{"rendered":"\n<p>A Igreja Adventista do S\u00e9timo Dia da Vila Brasil, em Ourinhos, SP, realiza neste domingo, 29 de outubro, uma feira de sa\u00fade gratuita. O evento oferecer\u00e1 uma variedade de servi\u00e7os e atra\u00e7\u00f5es, incluindo avalia\u00e7\u00e3o do perfil de sa\u00fade, aferi\u00e7\u00e3o de press\u00e3o arterial, IMC, cortes de cabelo, espa\u00e7o especial com atendimento exclusivo para mulheres, degusta\u00e7\u00f5es, pipoca gr\u00e1tis, inscri\u00e7\u00f5es para cursos gratuitos, avalia\u00e7\u00e3o odontol\u00f3gica gratuita, brindes e muito mais.<\/p>\n\n\n\n<p>A \u00faltima edi\u00e7\u00e3o da feira, realizada em novembro de 2022, foi um sucesso de p\u00fablico, com centenas de pessoas aproveitando os servi\u00e7os oferecidos.<\/p>\n\n\n\n<p>A expectativa para este ano \u00e9 que o p\u00fablico da \u00faltima edi\u00e7\u00e3o seja superado e que cada edi\u00e7\u00e3o beneficie um n\u00famero maior de pessoas, em especial aquelas que mais precisam cuidar da sa\u00fade.<\/p>\n\n\n\n<p>Vale ressaltar que, neste ano, os profissionais envolvidos na organiza\u00e7\u00e3o do evento prepararam, com todo carinho, um espa\u00e7o exclusivo para as mulheres. Segundo os organizadores, o intuito desse espa\u00e7o \u00e9 chamar a aten\u00e7\u00e3o desse p\u00fablico t\u00e3o especial, que em mat\u00e9ria de sa\u00fade requer um tratamento diferenciado.<\/p>\n\n\n\n<p>A feira de sa\u00fade da IASD Vila Brasil \u00e9 uma iniciativa que contribui para a promo\u00e7\u00e3o da sa\u00fade e do bem-estar da comunidade.<\/p>\n\n\n\n<figure class=\"wp-block-image size-full\"><img decoding=\"async\" width=\"767\" height=\"763\" src=\"https:\/\/noticiasregionais.com.br\/wp-content\/uploads\/2023\/10\/WhatsApp-Image-2023-10-26-at-11.09.56.jpeg\" alt=\"\" class=\"wp-image-1016\" srcset=\"https:\/\/noticiasregionais.com.br\/wp-content\/uploads\/2023\/10\/WhatsApp-Image-2023-10-26-at-11.09.56.jpeg 767w, https:\/\/noticiasregionais.com.br\/wp-content\/uploads\/2023\/10\/WhatsApp-Image-2023-10-26-at-11.09.56-300x298.jpeg 300w, https:\/\/noticiasregionais.com.br\/wp-content\/uploads\/2023\/10\/WhatsApp-Image-2023-10-26-at-11.09.56-150x150.jpeg 150w\" sizes=\"(max-width: 767px) 100vw, 767px\" \/><\/figure>\n\n\n\n<figure class=\"wp-block-gallery has-nested-images columns-5 is-cropped wp-block-gallery-1 is-layout-flex wp-block-gallery-is-layout-flex\">\n<figure class=\"wp-block-image size-large\"><a href=\"https:\/\/noticiasregionais.com.br\/?attachment_id=1023\"><img decoding=\"async\" width=\"768\" height=\"1024\" data-id=\"1023\" src=\"https:\/\/noticiasregionais.com.br\/wp-content\/uploads\/2023\/10\/WhatsApp-Image-2023-10-27-at-14.29.50-2.jpeg\" alt=\"\" class=\"wp-image-1023\" srcset=\"https:\/\/noticiasregionais.com.br\/wp-content\/uploads\/2023\/10\/WhatsApp-Image-2023-10-27-at-14.29.50-2.jpeg 768w, https:\/\/noticiasregionais.com.br\/wp-content\/uploads\/2023\/10\/WhatsApp-Image-2023-10-27-at-14.29.50-2-225x300.jpeg 225w\" sizes=\"(max-width: 768px) 100vw, 768px\" \/><\/a><\/figure>\n\n\n\n<figure class=\"wp-block-image size-large\"><a href=\"https:\/\/noticiasregionais.com.br\/?attachment_id=1022\"><img decoding=\"async\" width=\"1024\" height=\"768\" data-id=\"1022\" src=\"https:\/\/noticiasregionais.com.br\/wp-content\/uploads\/2023\/10\/WhatsApp-Image-2023-10-27-at-14.29.50.jpeg\" alt=\"\" class=\"wp-image-1022\" srcset=\"https:\/\/noticiasregionais.com.br\/wp-content\/uploads\/2023\/10\/WhatsApp-Image-2023-10-27-at-14.29.50.jpeg 1024w, https:\/\/noticiasregionais.com.br\/wp-content\/uploads\/2023\/10\/WhatsApp-Image-2023-10-27-at-14.29.50-300x225.jpeg 300w, https:\/\/noticiasregionais.com.br\/wp-content\/uploads\/2023\/10\/WhatsApp-Image-2023-10-27-at-14.29.50-768x576.jpeg 768w\" sizes=\"(max-width: 1024px) 100vw, 1024px\" \/><\/a><\/figure>\n\n\n\n<figure class=\"wp-block-image size-large\"><a href=\"https:\/\/noticiasregionais.com.br\/?attachment_id=1018\"><img decoding=\"async\" width=\"1024\" height=\"768\" data-id=\"1018\" src=\"https:\/\/noticiasregionais.com.br\/wp-content\/uploads\/2023\/10\/WhatsApp-Image-2023-10-27-at-14.29.51-1.jpeg\" alt=\"\" class=\"wp-image-1018\" srcset=\"https:\/\/noticiasregionais.com.br\/wp-content\/uploads\/2023\/10\/WhatsApp-Image-2023-10-27-at-14.29.51-1.jpeg 1024w, https:\/\/noticiasregionais.com.br\/wp-content\/uploads\/2023\/10\/WhatsApp-Image-2023-10-27-at-14.29.51-1-300x225.jpeg 300w, https:\/\/noticiasregionais.com.br\/wp-content\/uploads\/2023\/10\/WhatsApp-Image-2023-10-27-at-14.29.51-1-768x576.jpeg 768w\" sizes=\"(max-width: 1024px) 100vw, 1024px\" \/><\/a><\/figure>\n\n\n\n<figure class=\"wp-block-image size-large\"><a href=\"https:\/\/noticiasregionais.com.br\/?attachment_id=1017\"><img decoding=\"async\" width=\"1024\" height=\"768\" data-id=\"1017\" src=\"https:\/\/noticiasregionais.com.br\/wp-content\/uploads\/2023\/10\/WhatsApp-Image-2023-10-27-at-14.29.51-2.jpeg\" alt=\"\" class=\"wp-image-1017\" srcset=\"https:\/\/noticiasregionais.com.br\/wp-content\/uploads\/2023\/10\/WhatsApp-Image-2023-10-27-at-14.29.51-2.jpeg 1024w, https:\/\/noticiasregionais.com.br\/wp-content\/uploads\/2023\/10\/WhatsApp-Image-2023-10-27-at-14.29.51-2-300x225.jpeg 300w, https:\/\/noticiasregionais.com.br\/wp-content\/uploads\/2023\/10\/WhatsApp-Image-2023-10-27-at-14.29.51-2-768x576.jpeg 768w\" sizes=\"(max-width: 1024px) 100vw, 1024px\" \/><\/a><\/figure>\n\n\n\n<figure class=\"wp-block-image size-large\"><a href=\"https:\/\/noticiasregionais.com.br\/?attachment_id=1019\"><img decoding=\"async\" width=\"1024\" height=\"768\" data-id=\"1019\" src=\"https:\/\/noticiasregionais.com.br\/wp-content\/uploads\/2023\/10\/WhatsApp-Image-2023-10-27-at-14.29.51-3.jpeg\" alt=\"\" class=\"wp-image-1019\" srcset=\"https:\/\/noticiasregionais.com.br\/wp-content\/uploads\/2023\/10\/WhatsApp-Image-2023-10-27-at-14.29.51-3.jpeg 1024w, https:\/\/noticiasregionais.com.br\/wp-content\/uploads\/2023\/10\/WhatsApp-Image-2023-10-27-at-14.29.51-3-300x225.jpeg 300w, https:\/\/noticiasregionais.com.br\/wp-content\/uploads\/2023\/10\/WhatsApp-Image-2023-10-27-at-14.29.51-3-768x576.jpeg 768w\" sizes=\"(max-width: 1024px) 100vw, 1024px\" \/><\/a><\/figure>\n\n\n\n<figure class=\"wp-block-image size-large\"><a href=\"https:\/\/noticiasregionais.com.br\/?attachment_id=1020\"><img decoding=\"async\" width=\"1024\" height=\"768\" data-id=\"1020\" src=\"https:\/\/noticiasregionais.com.br\/wp-content\/uploads\/2023\/10\/WhatsApp-Image-2023-10-27-at-14.29.51-4.jpeg\" alt=\"\" class=\"wp-image-1020\" srcset=\"https:\/\/noticiasregionais.com.br\/wp-content\/uploads\/2023\/10\/WhatsApp-Image-2023-10-27-at-14.29.51-4.jpeg 1024w, https:\/\/noticiasregionais.com.br\/wp-content\/uploads\/2023\/10\/WhatsApp-Image-2023-10-27-at-14.29.51-4-300x225.jpeg 300w, https:\/\/noticiasregionais.com.br\/wp-content\/uploads\/2023\/10\/WhatsApp-Image-2023-10-27-at-14.29.51-4-768x576.jpeg 768w\" sizes=\"(max-width: 1024px) 100vw, 1024px\" \/><\/a><\/figure>\n\n\n\n<figure class=\"wp-block-image size-full\"><a href=\"https:\/\/noticiasregionais.com.br\/?attachment_id=1025\"><img decoding=\"async\" width=\"1024\" height=\"768\" data-id=\"1025\" src=\"https:\/\/noticiasregionais.com.br\/wp-content\/uploads\/2023\/10\/WhatsApp-Image-2023-10-27-at-14.29.50-1.jpeg\" alt=\"\" class=\"wp-image-1025\" srcset=\"https:\/\/noticiasregionais.com.br\/wp-content\/uploads\/2023\/10\/WhatsApp-Image-2023-10-27-at-14.29.50-1.jpeg 1024w, https:\/\/noticiasregionais.com.br\/wp-content\/uploads\/2023\/10\/WhatsApp-Image-2023-10-27-at-14.29.50-1-300x225.jpeg 300w, https:\/\/noticiasregionais.com.br\/wp-content\/uploads\/2023\/10\/WhatsApp-Image-2023-10-27-at-14.29.50-1-768x576.jpeg 768w\" sizes=\"(max-width: 1024px) 100vw, 1024px\" \/><\/a><\/figure>\n\n\n\n<figure class=\"wp-block-image size-large\"><a href=\"https:\/\/noticiasregionais.com.br\/?attachment_id=1024\"><img decoding=\"async\" width=\"1024\" height=\"768\" data-id=\"1024\" src=\"https:\/\/noticiasregionais.com.br\/wp-content\/uploads\/2023\/10\/WhatsApp-Image-2023-10-27-at-14.29.51.jpeg\" alt=\"\" class=\"wp-image-1024\" srcset=\"https:\/\/noticiasregionais.com.br\/wp-content\/uploads\/2023\/10\/WhatsApp-Image-2023-10-27-at-14.29.51.jpeg 1024w, https:\/\/noticiasregionais.com.br\/wp-content\/uploads\/2023\/10\/WhatsApp-Image-2023-10-27-at-14.29.51-300x225.jpeg 300w, https:\/\/noticiasregionais.com.br\/wp-content\/uploads\/2023\/10\/WhatsApp-Image-2023-10-27-at-14.29.51-768x576.jpeg 768w\" sizes=\"(max-width: 1024px) 100vw, 1024px\" \/><\/a><\/figure>\n<\/figure>\n<input type=\"hidden\" id=\"baseurl\" value=\"https:\/\/noticiasregionais.com.br\"><input type=\"hidden\" id=\"audio_nonce\" value=\"533fbb67b1\">","protected":false},"excerpt":{"rendered":"<p>A Igreja Adventista do S\u00e9timo Dia da Vila Brasil, em Ourinhos, SP, realiza neste domingo, 29 de outubro, uma feira&hellip;<\/p>\n","protected":false},"author":1,"featured_media":1021,"comment_status":"closed","ping_status":"open","sticky":false,"template":"","format":"standard","meta":{"sfsi_plus_gutenberg_text_before_share":"","sfsi_plus_gutenberg_show_text_before_share":"","sfsi_plus_gutenberg_icon_type":"","sfsi_plus_gutenberg_icon_alignemt":"","sfsi_plus_gutenburg_max_per_row":"","footnotes":""},"categories":[5,12,1],"tags":[],"class_list":["post-1015","post","type-post","status-publish","format-standard","has-post-thumbnail","hentry","category-ourinhos","category-capa","category-noticias"],"_links":{"self":[{"href":"https:\/\/noticiasregionais.com.br\/index.php?rest_route=\/wp\/v2\/posts\/1015","targetHints":{"allow":["GET"]}}],"collection":[{"href":"https:\/\/noticiasregionais.com.br\/index.php?rest_route=\/wp\/v2\/posts"}],"about":[{"href":"https:\/\/noticiasregionais.com.br\/index.php?rest_route=\/wp\/v2\/types\/post"}],"author":[{"embeddable":true,"href":"https:\/\/noticiasregionais.com.br\/index.php?rest_route=\/wp\/v2\/users\/1"}],"replies":[{"embeddable":true,"href":"https:\/\/noticiasregionais.com.br\/index.php?rest_route=%2Fwp%2Fv2%2Fcomments&post=1015"}],"version-history":[{"count":2,"href":"https:\/\/noticiasregionais.com.br\/index.php?rest_route=\/wp\/v2\/posts\/1015\/revisions"}],"predecessor-version":[{"id":1027,"href":"https:\/\/noticiasregionais.com.br\/index.php?rest_route=\/wp\/v2\/posts\/1015\/revisions\/1027"}],"wp:featuredmedia":[{"embeddable":true,"href":"https:\/\/noticiasregionais.com.br\/index.php?rest_route=\/wp\/v2\/media\/1021"}],"wp:attachment":[{"href":"https:\/\/noticiasregionais.com.br\/index.php?rest_route=%2Fwp%2Fv2%2Fmedia&parent=1015"}],"wp:term":[{"taxonomy":"category","embeddable":true,"href":"https:\/\/noticiasregionais.com.br\/index.php?rest_route=%2Fwp%2Fv2%2Fcategories&post=1015"},{"taxonomy":"post_tag","embeddable":true,"href":"https:\/\/noticiasregionais.com.br\/index.php?rest_route=%2Fwp%2Fv2%2Ftags&post=1015"}],"curies":[{"name":"wp","href":"https:\/\/api.w.org\/{rel}","templated":true}]}}