{"id":10151,"date":"2025-10-01T04:00:00","date_gmt":"2025-10-01T07:00:00","guid":{"rendered":"https:\/\/noticiasregionais.com.br\/?p=10151"},"modified":"2025-10-01T04:00:00","modified_gmt":"2025-10-01T07:00:00","slug":"boi-gordo-hoje-confira-as-cotacoes-para-quarta-feira-1","status":"publish","type":"post","link":"https:\/\/noticiasregionais.com.br\/?p=10151","title":{"rendered":"Boi gordo hoje: confira as cota\u00e7\u00f5es para quarta-feira (1)"},"content":{"rendered":"<p>\t\t\t\t\t\t\t\t\t\t<audio controls class=\"b61_audio_player\" data-noticia=\"84926\" src=\"https:\/\/brasil61.com\/rails\/active_storage\/blobs\/eyJfcmFpbHMiOnsibWVzc2FnZSI6IkJBaHBBNytqQXc9PSIsImV4cCI6bnVsbCwicHVyIjoiYmxvYl9pZCJ9fQ==--d814b0e436bdab783f3937978cd5a923ebc02a7d\/PAGR255826A\"><\/audio><\/p>\n<p>O pre\u00e7o do <strong>boi gordo<\/strong> inicia esta quarta-feira (1\u00b0) em\u00a0<strong>alta.<\/strong>\u00a0A arroba \u00e9 negociada a<strong> R$ 304,10<\/strong>, no estado de S\u00e3o Paulo.<\/p>\n<p><strong>INDICADOR DO BOI GORDO CEPEA\/ESALQ<\/strong><\/p>\n<table>\n<thead>\n<tr>\n<th>Data<\/th>\n<th>Valor R$<\/th>\n<th>Var.\/Dia<\/th>\n<th>Var.\/M\u00eas<\/th>\n<th>Valor US$<\/th>\n<\/tr>\n<\/thead>\n<tbody>\n<tr>\n<td>30\/09\/2025<\/td>\n<td>304,10<\/td>\n<td>0,05%<\/td>\n<td>-2,06%<\/td>\n<td>57,12<\/td>\n<\/tr>\n<tr>\n<td>29\/09\/2025<\/td>\n<td>303,95<\/td>\n<td>0,33%<\/td>\n<td>-2,11%<\/td>\n<td>57,15<\/td>\n<\/tr>\n<tr>\n<td>26\/09\/2025<\/td>\n<td>302,95<\/td>\n<td>0,31%<\/td>\n<td>-2,43%<\/td>\n<td>56,73<\/td>\n<\/tr>\n<tr>\n<td>25\/09\/2025<\/td>\n<td>302,00<\/td>\n<td>0,07%<\/td>\n<td>-2,74%<\/td>\n<td>56,26<\/td>\n<\/tr>\n<tr>\n<td>24\/09\/2025<\/td>\n<td>301,80<\/td>\n<td>-0,87%<\/td>\n<td>-2,80%<\/td>\n<td>56,65<\/td>\n<\/tr>\n<\/tbody>\n<\/table>\n<h2>Pre\u00e7o do frango congelado e resfriado<\/h2>\n<p>Nos atacados da Grande S\u00e3o Paulo, S\u00e3o Jos\u00e9 do Rio Preto e Descalvado, os pre\u00e7os do <strong>frango congelado<\/strong>\u00a0registra <strong>estabilidade\u00a0<\/strong>e do\u00a0<strong>frango resfriado<\/strong> aponta <strong>alta, de 0,12%<\/strong>. A primeira mercadoria \u00e9 vendida a<strong> R$ 7,99<\/strong>, enquanto a segunda \u00e9 comercializada a <strong>R$ 8,15<\/strong>.<\/p>\n<p><strong>PRE\u00c7OS DO FRANGO CONGELADO CEPEA\/ESALQ &#8211; ESTADO SP\u00a0<\/strong><\/p>\n<table>\n<tbody>\n<tr>\n<th>Data<\/th>\n<th>Valor R$<\/th>\n<th>Var.\/Dia<\/th>\n<th>Var.\/M\u00eas<\/th>\n<\/tr>\n<tr>\n<td>30\/09\/2025<\/td>\n<td>7,99<\/td>\n<td>0,00%<\/td>\n<td>11,28%<\/td>\n<\/tr>\n<tr>\n<td>29\/09\/2025<\/td>\n<td>7,99<\/td>\n<td>0,13%<\/td>\n<td>11,28%<\/td>\n<\/tr>\n<tr>\n<td>26\/09\/2025<\/td>\n<td>7,98<\/td>\n<td>-0,13%<\/td>\n<td>11,14%<\/td>\n<\/tr>\n<tr>\n<td>25\/09\/2025<\/td>\n<td>7,99<\/td>\n<td>0,00%<\/td>\n<td>11,28%<\/td>\n<\/tr>\n<tr>\n<td>24\/09\/2025<\/td>\n<td>7,99<\/td>\n<td>0,25%<\/td>\n<td>11,28%<\/td>\n<\/tr>\n<\/tbody>\n<\/table>\n<p><strong>PRE\u00c7OS DO FRANGO RESFRIADO CEPEA\/ESALQ &#8211; ESTADO SP<\/strong><\/p>\n<table>\n<tbody>\n<tr>\n<th>Data<\/th>\n<th>Valor R$<\/th>\n<th>Var.\/Dia<\/th>\n<th>Var.\/M\u00eas<\/th>\n<\/tr>\n<tr>\n<td>30\/09\/2025<\/td>\n<td>8,15<\/td>\n<td>0,12%<\/td>\n<td>13,35%<\/td>\n<\/tr>\n<tr>\n<td>29\/09\/2025<\/td>\n<td>8,14<\/td>\n<td>0,00%<\/td>\n<td>13,21%<\/td>\n<\/tr>\n<tr>\n<td>26\/09\/2025<\/td>\n<td>8,14<\/td>\n<td>-0,12%<\/td>\n<td>13,21%<\/td>\n<\/tr>\n<tr>\n<td>25\/09\/2025<\/td>\n<td>8,15<\/td>\n<td>0,00%<\/td>\n<td>13,35%<\/td>\n<\/tr>\n<tr>\n<td>24\/09\/2025<\/td>\n<td>8,15<\/td>\n<td>1,88%<\/td>\n<td>13,35%<\/td>\n<\/tr>\n<\/tbody>\n<\/table>\n<h2>Pre\u00e7o da carca\u00e7a su\u00edna especial e su\u00edno vivo<\/h2>\n<p>A <strong>carca\u00e7a su\u00edna especial <\/strong>registra <strong>queda\u00a0<\/strong>no pre\u00e7o, sendo negociada a <strong>R$ 12,96\u00a0<\/strong>por quilo nos atacados da Grande S\u00e3o Paulo.\u00a0<\/p>\n<p><strong>PRE\u00c7OS DA CARCA\u00c7A SU\u00cdNA ESPECIAL (R$\/kg)<\/strong><\/p>\n<table>\n<tbody>\n<tr>\n<th>Data<\/th>\n<th>M\u00e9dia<\/th>\n<th>Var.\/Dia<\/th>\n<th>Var.\/M\u00eas<\/th>\n<\/tr>\n<tr>\n<td>30\/09\/2025<\/td>\n<td>12,96<\/td>\n<td>-1,22%<\/td>\n<td>-5,05%<\/td>\n<\/tr>\n<tr>\n<td>29\/09\/2025<\/td>\n<td>13,12<\/td>\n<td>0,00%<\/td>\n<td>-3,88%<\/td>\n<\/tr>\n<tr>\n<td>26\/09\/2025<\/td>\n<td>13,12<\/td>\n<td>-1,06%<\/td>\n<td>-3,88%<\/td>\n<\/tr>\n<tr>\n<td>25\/09\/2025<\/td>\n<td>13,26<\/td>\n<td>-0,08%<\/td>\n<td>-2,86%<\/td>\n<\/tr>\n<tr>\n<td>24\/09\/2025<\/td>\n<td>13,27<\/td>\n<td>0,00%<\/td>\n<td>-2,78%<\/td>\n<\/tr>\n<\/tbody>\n<\/table>\n<p>O pre\u00e7o do<strong> su\u00edno vivo<\/strong> aponta <strong>queda em quase\u00a0todos os estados<\/strong>, com destaque para\u00a0<strong>Rio Grande do Sul <\/strong>e o<strong> Paran\u00e1<\/strong>\u00a0onde apresentam\u00a0<b>estabilidade<\/b>, com a mercadoria cotada a<strong>\u00a0R$8,40\u00a0<\/strong>e a\u00a0<strong>R$8,58<\/strong>,<strong>\u00a0<\/strong>respectivamente<strong>.<\/strong><\/p>\n<p><strong>INDICADOR DO SU\u00cdNO VIVO CEPEA\/ESALQ (R$\/kg)\u00a0<\/strong><\/p>\n<table>\n<tbody>\n<tr>\n<th>Data<\/th>\n<th>Estado<\/th>\n<th>Valor R$<\/th>\n<th>Var.\/Dia<\/th>\n<th>Var.\/M\u00eas<\/th>\n<\/tr>\n<tr>\n<td>30\/09\/2025<\/td>\n<td>MG &#8211; posto<\/td>\n<td>8,25<\/td>\n<td>-1,20%<\/td>\n<td>-9,74%<\/td>\n<\/tr>\n<tr>\n<td>30\/09\/2025<\/td>\n<td>PR &#8211; a retirar<\/td>\n<td>8,58<\/td>\n<td>0,00%<\/td>\n<td>-4,03%<\/td>\n<\/tr>\n<tr>\n<td>30\/09\/2025<\/td>\n<td>RS &#8211; a retirar<\/td>\n<td>8,40<\/td>\n<td>0,00%<\/td>\n<td>-3,34%<\/td>\n<\/tr>\n<tr>\n<td>30\/09\/2025<\/td>\n<td>SC &#8211; a retirar<\/td>\n<td>8,25<\/td>\n<td>-0,24%<\/td>\n<td>-5,39%<\/td>\n<\/tr>\n<tr>\n<td>30\/09\/2025<\/td>\n<td>SP &#8211; posto<\/td>\n<td>8,91<\/td>\n<td>-0,22%<\/td>\n<td>-5,01%<\/td>\n<\/tr>\n<\/tbody>\n<\/table>\n<p>Os valores s\u00e3o do <a href=\"http:\/\/www.cepea.org.br\" target=\"_blank\" rel=\"noopener\"><strong>Cepea<\/strong><\/a>.<\/p>\n<h2>O que \u00e9 o boi gordo? Entenda o termo do mercado bovino<\/h2>\n<p>O <strong>boi gordo \u00e9 o bovino macho pronto para o abate, com peso m\u00ednimo de 16 arrobas l\u00edquidas de carca\u00e7a (aproximadamente 240 kg) e at\u00e9 42 meses de idade<\/strong>. Atende aos padr\u00f5es do mercado nacional e internacional, incluindo exporta\u00e7\u00f5es para Europa, China e cota Hilton.<\/p>\n<h2>Diferen\u00e7as entre frango congelado e frango resfriado<\/h2>\n<p>O<strong> frango congelado passa por congelamento r\u00e1pido, com temperaturas abaixo de -12\u00b0C<\/strong>, garantindo maior vida \u00fatil para armazenamento e transporte a longas dist\u00e2ncias. J\u00e1 o<strong> frango resfriado \u00e9 mantido entre 0\u00b0C e 4\u00b0C, com validade de 5 a 7 dias<\/strong>, oferecendo textura e sabor mais pr\u00f3ximos do fresco, ideal para consumidores exigentes e restaurantes.<\/p>\n<p>\t\t\t\t\t\t\t\t\t<img decoding=\"async\" src=\"https:\/\/brasil61.com\/api\/v1\/serve_pixel\/22254\/84926\" alt=\"Pixel Brasil 61\" class=\"b61_pixel\" width=\"0\" height=\"0\"><\/p>\n<div class=\"br61_backlink\">\n<p>\n\t\t\t\tFonte: <a href=\"https:\/\/brasil61.com\/boi-gordo-hoje-confira-as-cotacoes-para-quarta-feira-1-pagr255826\" title=\"Artigo Original: Boi gordo hoje: confira as cota\u00e7\u00f5es para quarta-feira (1)\" target=\"_blank\" rel=\"noopener\">Brasil 61<\/a>\n\t\t\t<\/p>\n<\/p><\/div>\n<input type=\"hidden\" id=\"baseurl\" value=\"https:\/\/noticiasregionais.com.br\"><input type=\"hidden\" id=\"audio_nonce\" value=\"5c13e0637f\">","protected":false},"excerpt":{"rendered":"<p>Frango congelado e resfriado, carca\u00e7a su\u00edna especial e su\u00edno vivo apresentam reajuste no valor da mercadoria<\/p>\n","protected":false},"author":1,"featured_media":10152,"comment_status":"","ping_status":"open","sticky":false,"template":"","format":"standard","meta":{"sfsi_plus_gutenberg_text_before_share":"","sfsi_plus_gutenberg_show_text_before_share":"","sfsi_plus_gutenberg_icon_type":"","sfsi_plus_gutenberg_icon_alignemt":"","sfsi_plus_gutenburg_max_per_row":"","footnotes":""},"categories":[8],"tags":[],"class_list":["post-10151","post","type-post","status-publish","format-standard","has-post-thumbnail","hentry","category-brasil"],"_links":{"self":[{"href":"https:\/\/noticiasregionais.com.br\/index.php?rest_route=\/wp\/v2\/posts\/10151","targetHints":{"allow":["GET"]}}],"collection":[{"href":"https:\/\/noticiasregionais.com.br\/index.php?rest_route=\/wp\/v2\/posts"}],"about":[{"href":"https:\/\/noticiasregionais.com.br\/index.php?rest_route=\/wp\/v2\/types\/post"}],"author":[{"embeddable":true,"href":"https:\/\/noticiasregionais.com.br\/index.php?rest_route=\/wp\/v2\/users\/1"}],"replies":[{"embeddable":true,"href":"https:\/\/noticiasregionais.com.br\/index.php?rest_route=%2Fwp%2Fv2%2Fcomments&post=10151"}],"version-history":[{"count":0,"href":"https:\/\/noticiasregionais.com.br\/index.php?rest_route=\/wp\/v2\/posts\/10151\/revisions"}],"wp:featuredmedia":[{"embeddable":true,"href":"https:\/\/noticiasregionais.com.br\/index.php?rest_route=\/wp\/v2\/media\/10152"}],"wp:attachment":[{"href":"https:\/\/noticiasregionais.com.br\/index.php?rest_route=%2Fwp%2Fv2%2Fmedia&parent=10151"}],"wp:term":[{"taxonomy":"category","embeddable":true,"href":"https:\/\/noticiasregionais.com.br\/index.php?rest_route=%2Fwp%2Fv2%2Fcategories&post=10151"},{"taxonomy":"post_tag","embeddable":true,"href":"https:\/\/noticiasregionais.com.br\/index.php?rest_route=%2Fwp%2Fv2%2Ftags&post=10151"}],"curies":[{"name":"wp","href":"https:\/\/api.w.org\/{rel}","templated":true}]}}