{"id":10159,"date":"2025-10-01T04:25:00","date_gmt":"2025-10-01T07:25:00","guid":{"rendered":"https:\/\/noticiasregionais.com.br\/?p=10159"},"modified":"2025-10-01T04:25:00","modified_gmt":"2025-10-01T07:25:00","slug":"secom-moderniza-cadastro-nacional-para-publicidade-do-governo-federal","status":"publish","type":"post","link":"https:\/\/noticiasregionais.com.br\/?p=10159","title":{"rendered":"Secom moderniza cadastro nacional para publicidade do governo federal"},"content":{"rendered":"<p>\t\t\t\t\t\t\t\t\t\t<audio controls class=\"b61_audio_player\" data-noticia=\"84925\" src=\"https:\/\/brasil61.com\/rails\/active_storage\/blobs\/eyJfcmFpbHMiOnsibWVzc2FnZSI6IkJBaHBBNnVqQXc9PSIsImV4cCI6bnVsbCwicHVyIjoiYmxvYl9pZCJ9fQ==--b6cd0bc27ae621ea50aca7ec6798e5e997ac856e\/BRAS2514830A\"><\/audio><\/p>\n<p>A <strong>Secretaria de Comunica\u00e7\u00e3o Social da Presid\u00eancia da Rep\u00fablica (Secom) <\/strong>atualizou o <strong>Cadastro Nacional de Agentes de Veicula\u00e7\u00e3o de Publicidade (<a href=\"https:\/\/www.gov.br\/pt-br\/servicos\/acessar-as-informacoes-dos-veiculos-de-comunicacao\" target=\"_blank\" rel=\"noopener\">Midiacad<\/a>)<\/strong>, base que re\u00fane informa\u00e7\u00f5es de ve\u00edculos e empresas que participam das campanhas publicit\u00e1rias do governo federal. A medida foi oficializada pela <a href=\"https:\/\/static.poder360.com.br\/2025\/09\/dpu-secomp-pr-midiacad.pdf\" target=\"_blank\" rel=\"noopener\">Portaria n\u00ba32<\/a>, publicada em 10 de setembro no Di\u00e1rio Oficial da Uni\u00e3o.<\/p>\n<\/p>\n<p dir=\"ltr\" style=\"text-align: justify\">Segundo a <strong>Secom<\/strong>, a portaria n\u00e3o altera os procedimentos para inscri\u00e7\u00e3o nem os requisitos j\u00e1 exigidos para os agentes de m\u00eddia. A novidade est\u00e1 na m<strong>oderniza\u00e7\u00e3o do funcionamento do Midiacad,<\/strong> que agora abarca de forma mais ampla todos os agentes de veicula\u00e7\u00e3o de publicidade.\u00a0<\/p>\n<p dir=\"ltr\" style=\"text-align: justify\">Entre as atualiza\u00e7\u00f5es, destaca-se que o uso e o tratamento dos dados do sistema dever\u00e3o obedecer \u00e0 <strong>LGPD <\/strong>(Lei Geral de Prote\u00e7\u00e3o de Dados Pessoais). Cadastros poder\u00e3o ser suspensos ou cancelados em caso de descumprimento da legisla\u00e7\u00e3o.<\/p>\n<p dir=\"ltr\" style=\"text-align: justify\"><span style=\"font-size:18px\">Requisitos para participar<\/span><\/p>\n<p dir=\"ltr\" style=\"text-align: justify\">Para que um ve\u00edculo ou agente participe de campanhas do governo federal, n\u00e3o basta estar registrado no Midiacad. \u00c9 necess\u00e1rio atender a uma s\u00e9rie de requisitos espec\u00edficos, que variam de acordo com o meio de veicula\u00e7\u00e3o. Entre as exig\u00eancias comuns a todos os participantes, est\u00e1 a apresenta\u00e7\u00e3o de <strong>c\u00f3digos da Classifica\u00e7\u00e3o Nacional de Atividades Econ\u00f4micas (CNAE) <\/strong>compat\u00edveis com as atividades efetivamente desempenhadas.<\/p>\n<p dir=\"ltr\" style=\"text-align: justify\">A Secom \u00e9 respons\u00e1vel por gerir os acessos, considerando as necessidades e o n\u00edvel de autoriza\u00e7\u00e3o de cada perfil de usu\u00e1rio. Para <strong>micro e pequenas empresas<\/strong> constitu\u00eddas sob a legisla\u00e7\u00e3o brasileira, com sede e administra\u00e7\u00e3o no pa\u00eds, o processo de acesso ser\u00e1 simplificado.<\/p>\n<p dir=\"ltr\" style=\"text-align: justify\"><span style=\"font-size:18px\">O que \u00e9 o Midiacad<\/span><\/p>\n<p dir=\"ltr\" style=\"text-align: justify\">Criado h\u00e1 mais de dez anos, o sistema tem como objetivo refor\u00e7ar a seguran\u00e7a na elabora\u00e7\u00e3o, execu\u00e7\u00e3o e no faturamento dos planos de m\u00eddia do <strong>governo federal<\/strong>. O cadastro re\u00fane dados cadastrais, comerciais e negociais de ve\u00edculos de comunica\u00e7\u00e3o em diversos formatos, incluindo<strong> televis\u00e3o, r\u00e1dio, jornais, revistas, internet, m\u00eddia exterior e cinema<\/strong>.<\/p>\n<p dir=\"ltr\" style=\"text-align: justify\">O acesso ao Midiacad \u00e9 gratuito, mas restrito. Apenas representantes legais dos ve\u00edculos cadastrados, profissionais de ag\u00eancias de publicidade contratadas e agentes p\u00fablicos vinculados ao Sistema de Comunica\u00e7\u00e3o de Governo do Poder Executivo Federal (Sicom) podem consultar a base.<\/p>\n<p dir=\"ltr\" style=\"text-align: justify\">Em caso de d\u00favidas sobre a situa\u00e7\u00e3o cadastral, os interessados devem procurar o N\u00facleo de M\u00eddia pelo<strong> e-mail recepcao@nmsecom.com.br\u00a0ou pelo telefone (61) 3411-8760<\/strong>.<\/p>\n<p dir=\"ltr\" style=\"text-align: justify\">Informa\u00e7\u00f5es da <strong>Secom<\/strong><\/p>\n<p>\t\t\t\t\t\t\t\t\t<img decoding=\"async\" src=\"https:\/\/brasil61.com\/api\/v1\/serve_pixel\/22254\/84925\" alt=\"Pixel Brasil 61\" class=\"b61_pixel\" width=\"0\" height=\"0\"><\/p>\n<div class=\"br61_backlink\">\n<p>\n\t\t\t\tFonte: <a href=\"https:\/\/brasil61.com\/secom-moderniza-cadastro-nacional-para-publicidade-do-governo-federal-bras2514830\" title=\"Artigo Original: Secom moderniza cadastro nacional para publicidade do governo federal\" target=\"_blank\" rel=\"noopener\">Brasil 61<\/a>\n\t\t\t<\/p>\n<\/p><\/div>\n<input type=\"hidden\" id=\"baseurl\" value=\"https:\/\/noticiasregionais.com.br\"><input type=\"hidden\" id=\"audio_nonce\" value=\"5c13e0637f\">","protected":false},"excerpt":{"rendered":"<p> Ferramenta criada para dar seguran\u00e7a \u00e0s campanhas do governo federal passa por atualiza\u00e7\u00e3o, mas requisitos de ades\u00e3o permanecem os mesmos<\/p>\n","protected":false},"author":1,"featured_media":10160,"comment_status":"","ping_status":"open","sticky":false,"template":"","format":"standard","meta":{"sfsi_plus_gutenberg_text_before_share":"","sfsi_plus_gutenberg_show_text_before_share":"","sfsi_plus_gutenberg_icon_type":"","sfsi_plus_gutenberg_icon_alignemt":"","sfsi_plus_gutenburg_max_per_row":"","footnotes":""},"categories":[8],"tags":[],"class_list":["post-10159","post","type-post","status-publish","format-standard","has-post-thumbnail","hentry","category-brasil"],"_links":{"self":[{"href":"https:\/\/noticiasregionais.com.br\/index.php?rest_route=\/wp\/v2\/posts\/10159","targetHints":{"allow":["GET"]}}],"collection":[{"href":"https:\/\/noticiasregionais.com.br\/index.php?rest_route=\/wp\/v2\/posts"}],"about":[{"href":"https:\/\/noticiasregionais.com.br\/index.php?rest_route=\/wp\/v2\/types\/post"}],"author":[{"embeddable":true,"href":"https:\/\/noticiasregionais.com.br\/index.php?rest_route=\/wp\/v2\/users\/1"}],"replies":[{"embeddable":true,"href":"https:\/\/noticiasregionais.com.br\/index.php?rest_route=%2Fwp%2Fv2%2Fcomments&post=10159"}],"version-history":[{"count":0,"href":"https:\/\/noticiasregionais.com.br\/index.php?rest_route=\/wp\/v2\/posts\/10159\/revisions"}],"wp:featuredmedia":[{"embeddable":true,"href":"https:\/\/noticiasregionais.com.br\/index.php?rest_route=\/wp\/v2\/media\/10160"}],"wp:attachment":[{"href":"https:\/\/noticiasregionais.com.br\/index.php?rest_route=%2Fwp%2Fv2%2Fmedia&parent=10159"}],"wp:term":[{"taxonomy":"category","embeddable":true,"href":"https:\/\/noticiasregionais.com.br\/index.php?rest_route=%2Fwp%2Fv2%2Fcategories&post=10159"},{"taxonomy":"post_tag","embeddable":true,"href":"https:\/\/noticiasregionais.com.br\/index.php?rest_route=%2Fwp%2Fv2%2Ftags&post=10159"}],"curies":[{"name":"wp","href":"https:\/\/api.w.org\/{rel}","templated":true}]}}