{"id":10161,"date":"2025-10-01T04:35:00","date_gmt":"2025-10-01T07:35:00","guid":{"rendered":"https:\/\/noticiasregionais.com.br\/?p=10161"},"modified":"2025-10-01T04:35:00","modified_gmt":"2025-10-01T07:35:00","slug":"expansao-portuaria-leva-desenvolvimento-e-mobilidade-a-municipios-do-amazonas","status":"publish","type":"post","link":"https:\/\/noticiasregionais.com.br\/?p=10161","title":{"rendered":"Expans\u00e3o portu\u00e1ria leva desenvolvimento e mobilidade a munic\u00edpios do Amazonas"},"content":{"rendered":"<p>\t\t\t\t\t\t\t\t\t\t<audio controls class=\"b61_audio_player\" data-noticia=\"84923\" src=\"https:\/\/brasil61.com\/rails\/active_storage\/blobs\/eyJfcmFpbHMiOnsibWVzc2FnZSI6IkJBaHBBN1dqQXc9PSIsImV4cCI6bnVsbCwicHVyIjoiYmxvYl9pZCJ9fQ==--a961f66ee8474159105a6495890232921a721c4e\/MPOR250120A\"><\/audio><\/p>\n<p>O<a href=\"https:\/\/www.gov.br\/portos-e-aeroportos\/pt-br\/assuntos\/noticias\/2025\/09\/ministro-silvio-costa-filho-inaugura-ip4-em-envira-e-apresenta-projeto-de-modernizacao-do-porto-de-eirunepe-no-amazonas\" target=\"_blank\" rel=\"noopener\"> ministro dos Portos e Aeroportos, Silvio Costa Filho, realizou na segunda-feira (29) uma visita no sudoeste amazonense<\/a> com o <strong>objetivo de fortalecer a pol\u00edtica de expans\u00e3o das Instala\u00e7\u00f5es Portu\u00e1rias P\u00fablicas de Pequeno Porte (IP4)<\/strong>.<\/p>\n<p>Durante a agenda, Costa Filho <strong>inaugurou o novo porto do munic\u00edpio de <a href=\"https:\/\/www.ibge.gov.br\/cidades-e-estados\/am\/envira.html\" target=\"_blank\" rel=\"noopener\">Envira<\/a><\/strong>, localizado na microrregi\u00e3o de Juru\u00e1, e <strong>participou da apresenta\u00e7\u00e3o do projeto de moderniza\u00e7\u00e3o do terminal hidrovi\u00e1rio de <a href=\"https:\/\/www.ibge.gov.br\/cidades-e-estados\/am\/eirunepe.html\" target=\"_blank\" rel=\"noopener\">Eirunep\u00e9<\/a><\/strong>. As obras somam quase R$ 40 milh\u00f5es e <strong>v\u00e3o beneficiar mais de 50 mil habitantes<\/strong> do interior do estado.<\/p>\n<p>Hoje, o munic\u00edpio depende exclusivamente da navega\u00e7\u00e3o fluvial para o transporte de passageiros, alimentos, medicamentos e bens essenciais. J\u00e1 a cidade de Eirunep\u00e9, sem liga\u00e7\u00e3o por rodovias, t\u00eam na agropecu\u00e1ria quase metade do PIB e depende integralmente da navega\u00e7\u00e3o fluvial para transporte de insumos e mercadorias.<\/p>\n<p>O ministro destacou que <strong>a pol\u00edtica de constru\u00e7\u00e3o e moderniza\u00e7\u00e3o dos IP4 reafirma o esfor\u00e7o do governo em oferecer solu\u00e7\u00f5es log\u00edsticas sustent\u00e1veis para a Amaz\u00f4nia<\/strong>, al\u00e9m de fortalecer a ind\u00fastria naval regional e a integra\u00e7\u00e3o entre as cidades que dependem das hidrovias.<\/p>\n<p>\u201cCom os investimentos que estamos realizando em Envira e em Eirunep\u00e9, reafirmamos o compromisso do Governo Federal em garantir seguran\u00e7a, reduzir desigualdades e integrar os munic\u00edpios do interior do Amazonas por meio da navega\u00e7\u00e3o interior\u201d, afirmou o ministro.<\/p>\n<h2>Porto de Envira<\/h2>\n<p>A obra em Envira foi executada pelo <a href=\"https:\/\/www.gov.br\/dnit\/pt-br\" target=\"_blank\" rel=\"noopener\">Departamento Nacional de Infraestrutura de Transportes (Dnit)<\/a>, com investimento de R$ 37,6 milh\u00f5es, e <strong>beneficiar\u00e1 diretamente os 17,1 mil habitantes<\/strong> do munic\u00edpio.\u00a0<\/p>\n<p>O novo terminal garante embarque e desembarque seguros durante os per\u00edodos de cheia e vazante dos rios, reduz custos log\u00edsticos, melhora o escoamento da produ\u00e7\u00e3o agr\u00edcola e do pescado e assegura o fornecimento cont\u00ednuo de insumos b\u00e1sicos.<\/p>\n<h2>Moderniza\u00e7\u00e3o de Eirunep\u00e9<\/h2>\n<p>Em Eirunep\u00e9, cidade com cerca de 33,1 mil habitantes, o minist\u00e9rio apresentou o projeto para constru\u00e7\u00e3o de um IP4 moderno, tamb\u00e9m sob responsabilidade do Dnit. O investimento previsto \u00e9 de R$ 2 milh\u00f5es e <strong>est\u00e1 em fase preparat\u00f3ria para licita\u00e7\u00e3o<\/strong>.\u00a0<\/p>\n<h2>Expans\u00e3o da rede IP4 no estado<\/h2>\n<p>A iniciativa j\u00e1 contempla unidades entregues em Itacoatiara e Barcelos e <strong>prev\u00ea novos empreendimentos<\/strong> em quatro munic\u00edpios do estado:<\/p>\n<ul>\n<li>Fonte Boa;<\/li>\n<li>Tef\u00e9;<\/li>\n<li>Tonantins;<\/li>\n<li>Parintins.\u00a0<\/li>\n<\/ul>\n<p>O objetivo \u00e9 ampliar a mobilidade, reduzir desigualdades e fomentar o desenvolvimento econ\u00f4mico e social das comunidades ribeirinhas que dependem exclusivamente das hidrovias.<\/p>\n<p><strong>VEJA MAIS:<\/strong><\/p>\n<ul>\n<li><a href=\"https:\/\/brasil61.com\/n\/governo-anuncia-r-1-7-bilhao-do-fundo-da-marinha-mercante-para-construcao-de-embarcacoes-no-amazonas-mpor250119\" target=\"_blank\" rel=\"noopener\">Governo anuncia R$ 1,7 bilh\u00e3o do Fundo da Marinha Mercante para constru\u00e7\u00e3o de embarca\u00e7\u00f5es no Amazonas<\/a><\/li>\n<li><a href=\"https:\/\/brasil61.com\/n\/voa-brasil-aposentados-do-inss-podem-participar-com-conta-gov-br-de-nivel-bronze-mpor250118\" target=\"_blank\" rel=\"noopener\">Voa Brasil: Aposentados do INSS podem participar com conta Gov.br de n\u00edvel bronze<\/a><\/li>\n<\/ul>\n<p>\t\t\t\t\t\t\t\t\t<img decoding=\"async\" src=\"https:\/\/brasil61.com\/api\/v1\/serve_pixel\/22254\/84923\" alt=\"Pixel Brasil 61\" class=\"b61_pixel\" width=\"0\" height=\"0\"><\/p>\n<div class=\"br61_backlink\">\n<p>\n\t\t\t\tFonte: <a href=\"https:\/\/brasil61.com\/expansao-portuaria-leva-desenvolvimento-e-mobilidade-a-municipios-do-amazonas-mpor250120\" title=\"Artigo Original: Expans\u00e3o portu\u00e1ria leva desenvolvimento e mobilidade a munic\u00edpios do Amazonas\" target=\"_blank\" rel=\"noopener\">Brasil 61<\/a>\n\t\t\t<\/p>\n<\/p><\/div>\n<input type=\"hidden\" id=\"baseurl\" value=\"https:\/\/noticiasregionais.com.br\"><input type=\"hidden\" id=\"audio_nonce\" value=\"5c13e0637f\">","protected":false},"excerpt":{"rendered":"<p>Iniciativa contempla obras em Envira e Eirunep\u00e9 e prev\u00ea novos empreendimentos em Fonte Boa, Tef\u00e9, Tonantins e Parintins<\/p>\n","protected":false},"author":1,"featured_media":10162,"comment_status":"","ping_status":"open","sticky":false,"template":"","format":"standard","meta":{"sfsi_plus_gutenberg_text_before_share":"","sfsi_plus_gutenberg_show_text_before_share":"","sfsi_plus_gutenberg_icon_type":"","sfsi_plus_gutenberg_icon_alignemt":"","sfsi_plus_gutenburg_max_per_row":"","footnotes":""},"categories":[8],"tags":[],"class_list":["post-10161","post","type-post","status-publish","format-standard","has-post-thumbnail","hentry","category-brasil"],"_links":{"self":[{"href":"https:\/\/noticiasregionais.com.br\/index.php?rest_route=\/wp\/v2\/posts\/10161","targetHints":{"allow":["GET"]}}],"collection":[{"href":"https:\/\/noticiasregionais.com.br\/index.php?rest_route=\/wp\/v2\/posts"}],"about":[{"href":"https:\/\/noticiasregionais.com.br\/index.php?rest_route=\/wp\/v2\/types\/post"}],"author":[{"embeddable":true,"href":"https:\/\/noticiasregionais.com.br\/index.php?rest_route=\/wp\/v2\/users\/1"}],"replies":[{"embeddable":true,"href":"https:\/\/noticiasregionais.com.br\/index.php?rest_route=%2Fwp%2Fv2%2Fcomments&post=10161"}],"version-history":[{"count":0,"href":"https:\/\/noticiasregionais.com.br\/index.php?rest_route=\/wp\/v2\/posts\/10161\/revisions"}],"wp:featuredmedia":[{"embeddable":true,"href":"https:\/\/noticiasregionais.com.br\/index.php?rest_route=\/wp\/v2\/media\/10162"}],"wp:attachment":[{"href":"https:\/\/noticiasregionais.com.br\/index.php?rest_route=%2Fwp%2Fv2%2Fmedia&parent=10161"}],"wp:term":[{"taxonomy":"category","embeddable":true,"href":"https:\/\/noticiasregionais.com.br\/index.php?rest_route=%2Fwp%2Fv2%2Fcategories&post=10161"},{"taxonomy":"post_tag","embeddable":true,"href":"https:\/\/noticiasregionais.com.br\/index.php?rest_route=%2Fwp%2Fv2%2Ftags&post=10161"}],"curies":[{"name":"wp","href":"https:\/\/api.w.org\/{rel}","templated":true}]}}