{"id":10163,"date":"2025-10-01T04:40:00","date_gmt":"2025-10-01T07:40:00","guid":{"rendered":"https:\/\/noticiasregionais.com.br\/?p=10163"},"modified":"2025-10-01T04:40:00","modified_gmt":"2025-10-01T07:40:00","slug":"aeroportos-do-sul-concentram-um-terco-do-trafego-aereo-nacional-ate-agosto-de-2025","status":"publish","type":"post","link":"https:\/\/noticiasregionais.com.br\/?p=10163","title":{"rendered":"Aeroportos do Sul concentram um ter\u00e7o do tr\u00e1fego a\u00e9reo nacional at\u00e9 agosto de 2025"},"content":{"rendered":"<p>\t\t\t\t\t\t\t\t\t\t<audio controls class=\"b61_audio_player\" data-noticia=\"84931\" src=\"https:\/\/brasil61.com\/rails\/active_storage\/blobs\/eyJfcmFpbHMiOnsibWVzc2FnZSI6IkJBaHBBOEdqQXc9PSIsImV4cCI6bnVsbCwicHVyIjoiYmxvYl9pZCJ9fQ==--f770abf758055cfcb2d2e79b27750502b10220a8\/MPOR250121B\"><\/audio><\/p>\n<p><strong>Os aeroportos da Regi\u00e3o Sul j\u00e1 respondem por 33,7% do tr\u00e1fego a\u00e9reo do pa\u00eds em 2025<\/strong>. Impulsionado pelas capitais <a href=\"https:\/\/prefeitura.poa.br\/\" target=\"_blank\" rel=\"noopener\">Porto Alegre<\/a>, <a href=\"https:\/\/www.curitiba.pr.gov.br\/\" target=\"_blank\" rel=\"noopener\">Curitiba<\/a>\u00a0e <a href=\"https:\/\/www.pmf.sc.gov.br\/\" target=\"_blank\" rel=\"noopener\">Florian\u00f3polis<\/a>, <strong>o crescimento tamb\u00e9m se reflete nos aeroportos regionais<\/strong>, que ampliam a integra\u00e7\u00e3o entre cidades, fortalecem o turismo, dinamizam os neg\u00f3cios e aprimoram a log\u00edstica local.<\/p>\n<p>Segundo o ministro dos\u00a0Portos e Aeroportos, Silvio Costa Filho, <strong>a alta reflete os investimentos aplicados nos aeroportos da regi\u00e3o,<\/strong> tanto pelo governo quanto pelas concession\u00e1rias. \u201cA aplica\u00e7\u00e3o de recursos em infraestrutura aeroportu\u00e1ria melhora os servi\u00e7os prestados \u00e0 popula\u00e7\u00e3o, amplia a conectividade entre cidades e contribui para o crescimento econ\u00f4mico da regi\u00e3o\u201d, afirmou.<\/p>\n<h2>Investimentos<\/h2>\n<p>O crescimento da avia\u00e7\u00e3o regional \u00e9 acompanhado por investimentos federais em infraestrutura. O governo destinou <strong>R$ 13,6 milh\u00f5es para sistemas de aproxima\u00e7\u00e3o de precis\u00e3o (PAPIs) em 13 aeroportos regionais<\/strong> e promoveu melhorias na seguran\u00e7a das opera\u00e7\u00f5es a\u00e9reas.<\/p>\n<p>Concess\u00f5es e parcerias p\u00fablico-privadas tamb\u00e9m viabilizaram <strong>aportes em opera\u00e7\u00e3o, manuten\u00e7\u00e3o e expans\u00e3o de aeroportos<\/strong>, como os de <a href=\"https:\/\/www.pmpf.rs.gov.br\/\" target=\"_blank\" rel=\"noopener\">Passo Fundo<\/a> (R$ 66,24 milh\u00f5es) e <a href=\"https:\/\/www.santoangelo.rs.gov.br\/\" target=\"_blank\" rel=\"noopener\">Santo \u00c2ngelo<\/a> (R$ 35,99 milh\u00f5es), no Rio Grande do Sul. Al\u00e9m disso, o governo alocou recursos para obras de constru\u00e7\u00e3o e recupera\u00e7\u00e3o de vias de acesso, o que fortalece a integra\u00e7\u00e3o e facilita o transporte de passageiros e cargas.<\/p>\n<h2>Movimenta\u00e7\u00e3o de passageiros<\/h2>\n<p>Em agosto deste ano, <strong>os principais aeroportos da regi\u00e3o registraram intensa movimenta\u00e7\u00e3o de passageiros<\/strong>, com destaque para o <a href=\"https:\/\/portoalegre-airport.com.br\/pt\/\" target=\"_blank\" rel=\"noopener\">Aeroporto Salgado Filho<\/a>, em Porto Alegre, que contabilizou 599,4 mil embarques e desembarques. Confira:<\/p>\n<table>\n<tbody>\n<tr>\n<th>Aeroporto (cidade)<\/th>\n<th>Passageiros (mil)<\/th>\n<\/tr>\n<tr>\n<td>Porto Alegre (Salgado Filho)<\/td>\n<td>599.4<\/td>\n<\/tr>\n<tr>\n<td>Curitiba<\/td>\n<td>495.2<\/td>\n<\/tr>\n<tr>\n<td>Florian\u00f3polis<\/td>\n<td>310.4<\/td>\n<\/tr>\n<tr>\n<td>Navegantes<\/td>\n<td>180<\/td>\n<\/tr>\n<tr>\n<td>Maring\u00e1<\/td>\n<td>78.7<\/td>\n<\/tr>\n<tr>\n<td>Londrina<\/td>\n<td>57<\/td>\n<\/tr>\n<tr>\n<td>Joinville<\/td>\n<td>50<\/td>\n<\/tr>\n<tr>\n<td>Chapec\u00f3<\/td>\n<td>44<\/td>\n<\/tr>\n<\/tbody>\n<\/table>\n<p><a href=\"https:\/\/www.gov.br\/portos-e-aeroportos\/pt-br\/assuntos\/noticias\/2025\/09\/aviacao-regional-cresce-no-sul-do-pais-e-ja-representa-um-terco-do-trafego-aereo-em-2025\" target=\"_blank\" rel=\"noopener\"><span style=\"font-size:10px\"><em>Fonte: MPor<\/em><\/span><\/a><\/p>\n<p>Para o secret\u00e1rio Nacional de Avia\u00e7\u00e3o Civil, Daniel Longo, \u201co aumento na quantidade de passageiros na Regi\u00e3o Sul \u00e9 reflexo das pol\u00edticas p\u00fablicas que o Minist\u00e9rio de Portos e Aeroportos e o Governo Federal v\u00eam implementando para aumentar a conectividade da malha a\u00e9rea das empresas brasileiras\u201d.\u00a0<\/p>\n<p>De acordo com Longo, essas a\u00e7\u00f5es possuem dois focos principais: <strong>promover a massifica\u00e7\u00e3o do consumo<\/strong>, com a incorpora\u00e7\u00e3o de novos passageiros ao mercado, e <strong>ampliar a regionaliza\u00e7\u00e3o da malha<\/strong>, o que permite atender localidades que antes estavam fora do alcance da avia\u00e7\u00e3o comercial.<\/p>\n<h2>Voos internacionais<\/h2>\n<p><strong>A expans\u00e3o da avia\u00e7\u00e3o regional tamb\u00e9m se reflete no cen\u00e1rio internacional<\/strong>. Em agosto, as tr\u00eas capitais da regi\u00e3o concentraram praticamente toda a movimenta\u00e7\u00e3o de voos internacionais, com destaque para os seguintes aeroportos:<\/p>\n<ul>\n<li>Florian\u00f3polis (52,47%);<\/li>\n<li>Porto Alegre (31,27%);<\/li>\n<li>Curitiba (13,26%).<\/li>\n<\/ul>\n<p>O fluxo inclui passageiros em viagens de turismo, compromissos profissionais e transporte de cargas. Al\u00e9m de contribuir para conectar os polos econ\u00f4micos locais aos principais mercados do pa\u00eds e do exterior.<\/p>\n<p><strong>VEJA MAIS:<\/strong><\/p>\n<ul>\n<li><a href=\"https:\/\/brasil61.com\/n\/voa-brasil-aposentados-do-inss-podem-participar-com-conta-gov-br-de-nivel-bronze-mpor250118\" target=\"_blank\" rel=\"noopener\">Voa Brasil: Aposentados do INSS podem participar com conta Gov.br de n\u00edvel bronze<\/a><\/li>\n<li><a href=\"https:\/\/brasil61.com\/n\/governo-anuncia-r-1-7-bilhao-do-fundo-da-marinha-mercante-para-construcao-de-embarcacoes-no-amazonas-mpor250119\" target=\"_blank\" rel=\"noopener\">Governo anuncia R$ 1,7 bilh\u00e3o do Fundo da Marinha Mercante para constru\u00e7\u00e3o de embarca\u00e7\u00f5es no Amazonas<\/a><\/li>\n<\/ul>\n<p>\t\t\t\t\t\t\t\t\t<img decoding=\"async\" src=\"https:\/\/brasil61.com\/api\/v1\/serve_pixel\/22254\/84931\" alt=\"Pixel Brasil 61\" class=\"b61_pixel\" width=\"0\" height=\"0\"><\/p>\n<div class=\"br61_backlink\">\n<p>\n\t\t\t\tFonte: <a href=\"https:\/\/brasil61.com\/aeroportos-do-sul-concentram-um-terco-do-trafego-aereo-nacional-ate-agosto-de-2025-mpor250121\" title=\"Artigo Original: Aeroportos do Sul concentram um ter\u00e7o do tr\u00e1fego a\u00e9reo nacional at\u00e9 agosto de 2025\" target=\"_blank\" rel=\"noopener\">Brasil 61<\/a>\n\t\t\t<\/p>\n<\/p><\/div>\n<input type=\"hidden\" id=\"baseurl\" value=\"https:\/\/noticiasregionais.com.br\"><input type=\"hidden\" id=\"audio_nonce\" value=\"5c13e0637f\">","protected":false},"excerpt":{"rendered":"<p>Investimentos em infraestrutura e expans\u00e3o da malha a\u00e9rea impulsionam aeroportos de Porto Alegre, Curitiba, Florian\u00f3polis e cidades do interior<\/p>\n","protected":false},"author":1,"featured_media":10164,"comment_status":"","ping_status":"open","sticky":false,"template":"","format":"standard","meta":{"sfsi_plus_gutenberg_text_before_share":"","sfsi_plus_gutenberg_show_text_before_share":"","sfsi_plus_gutenberg_icon_type":"","sfsi_plus_gutenberg_icon_alignemt":"","sfsi_plus_gutenburg_max_per_row":"","footnotes":""},"categories":[8],"tags":[],"class_list":["post-10163","post","type-post","status-publish","format-standard","has-post-thumbnail","hentry","category-brasil"],"_links":{"self":[{"href":"https:\/\/noticiasregionais.com.br\/index.php?rest_route=\/wp\/v2\/posts\/10163","targetHints":{"allow":["GET"]}}],"collection":[{"href":"https:\/\/noticiasregionais.com.br\/index.php?rest_route=\/wp\/v2\/posts"}],"about":[{"href":"https:\/\/noticiasregionais.com.br\/index.php?rest_route=\/wp\/v2\/types\/post"}],"author":[{"embeddable":true,"href":"https:\/\/noticiasregionais.com.br\/index.php?rest_route=\/wp\/v2\/users\/1"}],"replies":[{"embeddable":true,"href":"https:\/\/noticiasregionais.com.br\/index.php?rest_route=%2Fwp%2Fv2%2Fcomments&post=10163"}],"version-history":[{"count":0,"href":"https:\/\/noticiasregionais.com.br\/index.php?rest_route=\/wp\/v2\/posts\/10163\/revisions"}],"wp:featuredmedia":[{"embeddable":true,"href":"https:\/\/noticiasregionais.com.br\/index.php?rest_route=\/wp\/v2\/media\/10164"}],"wp:attachment":[{"href":"https:\/\/noticiasregionais.com.br\/index.php?rest_route=%2Fwp%2Fv2%2Fmedia&parent=10163"}],"wp:term":[{"taxonomy":"category","embeddable":true,"href":"https:\/\/noticiasregionais.com.br\/index.php?rest_route=%2Fwp%2Fv2%2Fcategories&post=10163"},{"taxonomy":"post_tag","embeddable":true,"href":"https:\/\/noticiasregionais.com.br\/index.php?rest_route=%2Fwp%2Fv2%2Ftags&post=10163"}],"curies":[{"name":"wp","href":"https:\/\/api.w.org\/{rel}","templated":true}]}}