{"id":10173,"date":"2025-10-02T04:20:00","date_gmt":"2025-10-02T07:20:00","guid":{"rendered":"https:\/\/noticiasregionais.com.br\/?p=10173"},"modified":"2025-10-02T06:49:50","modified_gmt":"2025-10-02T09:49:50","slug":"metanol-ministerio-da-saude-alerta-para-intoxicacao-por-substancia-e-reforca-notificacoes-imediatas","status":"publish","type":"post","link":"https:\/\/noticiasregionais.com.br\/?p=10173","title":{"rendered":"Metanol: Minist\u00e9rio da Sa\u00fade alerta para intoxica\u00e7\u00e3o por subst\u00e2ncia e refor\u00e7a notifica\u00e7\u00f5es imediatas"},"content":{"rendered":"<p>\t\t\t\t\t\t\t\t\t\t<audio controls class=\"b61_audio_player\" data-noticia=\"84943\" src=\"https:\/\/brasil61.com\/rails\/active_storage\/blobs\/eyJfcmFpbHMiOnsibWVzc2FnZSI6IkJBaHBBN2FrQXc9PSIsImV4cCI6bnVsbCwicHVyIjoiYmxvYl9pZCJ9fQ==--1fb96748fdad20afcd316ef5e04a5a450c6ffe77\/BRAS2514835A\"><\/audio><\/p>\n<p>O <a href=\"https:\/\/www.gov.br\/saude\/pt-br\/assuntos\/noticias\/2025\/setembro\/ministerio-da-saude-envia-orientacoes-a-todos-os-estados-para-notificacao-imediata-de-casos-suspeitos-de-intoxicacao-por-metanol\" target=\"_blank\" rel=\"noopener\">Minist\u00e9rio da Sa\u00fade<\/a> anunciou\u00a0que profissionais de sa\u00fade devem notificar imediatamente quaisquer casos suspeitos de <strong>intoxica\u00e7\u00e3o por metanol <\/strong>ao<a href=\"https:\/\/www.gov.br\/saude\/pt-br\/composicao\/svsa\/cievs\" target=\"_blank\" rel=\"noopener\"> Centro Nacional de Informa\u00e7\u00f5es Estrat\u00e9gicas em Vigil\u00e2ncia em Sa\u00fade (CIEVS<\/a>). A subst\u00e2ncia, que pode estar presente em <strong>bebidas alco\u00f3licas adulteradas ou clandestinas<\/strong>, \u00e9 altamente t\u00f3xica e pode causar cegueira permanente e at\u00e9 a morte.\u00a0<\/p>\n<\/p>\n<p dir=\"ltr\" style=\"text-align: justify\">O<strong> estado de S\u00e3o Paulo <\/strong>notificou <strong>22 casos de intoxica\u00e7\u00e3o por metanol<\/strong>, sendo 7 confirmados, 15 em investiga\u00e7\u00e3o e 4 descartados. Um \u00f3bito foi confirmado e outros 4 est\u00e3o em an\u00e1lise. At\u00e9 o momento, o total de ocorr\u00eancias ultrapassa a m\u00e9dia anual de registros no pa\u00eds, estimada em cerca de 20 casos.\u00a0<\/p>\n<p dir=\"ltr\" style=\"text-align: justify\">O Brasil conta com 32 <a href=\"https:\/\/www.gov.br\/saude\/pt-br\/composicao\/svsa\/saude-ambiental\/vigipeq\/ciatox\" target=\"_blank\" rel=\"noopener\">Centros de Informa\u00e7\u00e3o e Assist\u00eancia Toxicol\u00f3gica (CIATox)<\/a>, refer\u00eancia nacional no diagn\u00f3stico e manejo de intoxica\u00e7\u00f5es. O tratamento para casos confirmados envolve o <strong>etanol produzido por laborat\u00f3rios ou farm\u00e1cias de manipula\u00e7\u00e3o<\/strong>, administrado por via oral ou intravenosa, sempre sob controle m\u00e9dico. Quando necess\u00e1rio, \u00a0o fornecimento \u00e9 solicitado pelo <strong>CIAtox ou pelas secretarias de sa\u00fade<\/strong>.<\/p>\n<p dir=\"ltr\" style=\"text-align: justify\">Em coletiva de imprensa, o ministro da Sa\u00fade,<strong> Alexandre Padilha<\/strong>, enfatizou que a notifica\u00e7\u00e3o deve ocorrer sem aguardar o fechamento do diagn\u00f3stico, em qualquer caso de suspeita, especialmente quando houver relato de consumo de bebida alco\u00f3lica de origem desconhecida ou sem lacre confi\u00e1vel.\u00a0<\/p>\n<p dir=\"ltr\" style=\"text-align: justify\">Al\u00e9m disso, o minist\u00e9rio enviou uma <a href=\"https:\/\/www.gov.br\/saude\/pt-br\/centrais-de-conteudo\/publicacoes\/notas-tecnicas\/2025\/nota-tecnica-conjunta-no-360-2025-dvsat-svsa-ms.pdf\" target=\"_blank\" rel=\"noopener\">nota t\u00e9cnica<\/a> para para estados e munic\u00edpios com orienta\u00e7\u00f5es para profissionais de sa\u00fade quanto aos sinais e sintomas, manejo cl\u00ednico e administra\u00e7\u00e3o de ant\u00eddotos.\u00a0<\/p>\n<p dir=\"ltr\" style=\"text-align: justify\"><span style=\"font-size:18px\">Principais sintomas de intoxica\u00e7\u00e3o por metanol<\/span><\/p>\n<p dir=\"ltr\" style=\"text-align: justify\">Os sinais podem surgir entre <strong>12h e 24h<\/strong> ap\u00f3s a ingest\u00e3o, incluindo:\u00a0<\/p>\n<ul dir=\"ltr\">\n<li style=\"text-align: justify\">Dor abdominal;<\/li>\n<li style=\"text-align: justify\">Vis\u00e3o adulterada;\u00a0<\/li>\n<li style=\"text-align: justify\">Confuns\u00e3o mental;<\/li>\n<li style=\"text-align: justify\">N\u00e1useas;<\/li>\n<li style=\"text-align: justify\">Cegueira. \u00a0<\/li>\n<\/ul>\n<p dir=\"ltr\" style=\"text-align: justify\">A<strong> Pol\u00edcia Federal <\/strong>foi acionada e conduz investiga\u00e7\u00f5es em conjunto com os \u00f3rg\u00e3os de controle e vigil\u00e2ncia, para identificar a origem das bebidas adulteradas e interditar estabelecimentos suspeitos de comercializa\u00e7\u00e3o.\u00a0<\/p>\n<p dir=\"ltr\" style=\"text-align: justify\">Com informa\u00e7\u00f5es do<strong> Minist\u00e9rio da Sa\u00fade\u00a0<\/strong><\/p>\n<p>\t\t\t\t\t\t\t\t\t<img decoding=\"async\" src=\"https:\/\/brasil61.com\/api\/v1\/serve_pixel\/22254\/84943\" alt=\"Pixel Brasil 61\" class=\"b61_pixel\" width=\"0\" height=\"0\"><\/p>\n<div class=\"br61_backlink\">\n<p>\n\t\t\t\tFonte: <a href=\"https:\/\/brasil61.com\/metanol-ministerio-da-saude-alerta-para-intoxicacao-por-substancia-e-reforca-notificacoes-imediatas-bras2514835\" title=\"Artigo Original: Metanol: Minist\u00e9rio da Sa\u00fade alerta para intoxica\u00e7\u00e3o por subst\u00e2ncia e refor\u00e7a notifica\u00e7\u00f5es imediatas\" target=\"_blank\" rel=\"noopener\">Brasil 61<\/a>\n\t\t\t<\/p>\n<\/p><\/div>\n<input type=\"hidden\" id=\"baseurl\" value=\"https:\/\/noticiasregionais.com.br\"><input type=\"hidden\" id=\"audio_nonce\" value=\"5c13e0637f\">","protected":false},"excerpt":{"rendered":"<p>Casos j\u00e1 ultrapassam a m\u00e9dia anual no Brasil; em S\u00e3o Paulo, h\u00e1 22 notifica\u00e7\u00f5es, com um \u00f3bito confirmado e outros em an\u00e1lise<\/p>\n","protected":false},"author":1,"featured_media":10174,"comment_status":"closed","ping_status":"open","sticky":false,"template":"","format":"standard","meta":{"sfsi_plus_gutenberg_text_before_share":"","sfsi_plus_gutenberg_show_text_before_share":"","sfsi_plus_gutenberg_icon_type":"","sfsi_plus_gutenberg_icon_alignemt":"","sfsi_plus_gutenburg_max_per_row":"","footnotes":""},"categories":[8,10],"tags":[],"class_list":["post-10173","post","type-post","status-publish","format-standard","has-post-thumbnail","hentry","category-brasil","category-destaques"],"_links":{"self":[{"href":"https:\/\/noticiasregionais.com.br\/index.php?rest_route=\/wp\/v2\/posts\/10173","targetHints":{"allow":["GET"]}}],"collection":[{"href":"https:\/\/noticiasregionais.com.br\/index.php?rest_route=\/wp\/v2\/posts"}],"about":[{"href":"https:\/\/noticiasregionais.com.br\/index.php?rest_route=\/wp\/v2\/types\/post"}],"author":[{"embeddable":true,"href":"https:\/\/noticiasregionais.com.br\/index.php?rest_route=\/wp\/v2\/users\/1"}],"replies":[{"embeddable":true,"href":"https:\/\/noticiasregionais.com.br\/index.php?rest_route=%2Fwp%2Fv2%2Fcomments&post=10173"}],"version-history":[{"count":1,"href":"https:\/\/noticiasregionais.com.br\/index.php?rest_route=\/wp\/v2\/posts\/10173\/revisions"}],"predecessor-version":[{"id":10179,"href":"https:\/\/noticiasregionais.com.br\/index.php?rest_route=\/wp\/v2\/posts\/10173\/revisions\/10179"}],"wp:featuredmedia":[{"embeddable":true,"href":"https:\/\/noticiasregionais.com.br\/index.php?rest_route=\/wp\/v2\/media\/10174"}],"wp:attachment":[{"href":"https:\/\/noticiasregionais.com.br\/index.php?rest_route=%2Fwp%2Fv2%2Fmedia&parent=10173"}],"wp:term":[{"taxonomy":"category","embeddable":true,"href":"https:\/\/noticiasregionais.com.br\/index.php?rest_route=%2Fwp%2Fv2%2Fcategories&post=10173"},{"taxonomy":"post_tag","embeddable":true,"href":"https:\/\/noticiasregionais.com.br\/index.php?rest_route=%2Fwp%2Fv2%2Ftags&post=10173"}],"curies":[{"name":"wp","href":"https:\/\/api.w.org\/{rel}","templated":true}]}}