{"id":10180,"date":"2025-10-02T06:57:47","date_gmt":"2025-10-02T09:57:47","guid":{"rendered":"https:\/\/noticiasregionais.com.br\/?p=10180"},"modified":"2025-10-02T06:57:51","modified_gmt":"2025-10-02T09:57:51","slug":"ourinhos-recebe-inspecao-tecnica-da-secao-de-tiros-de-guerra-da-2a-regiao-militar","status":"publish","type":"post","link":"https:\/\/noticiasregionais.com.br\/?p=10180","title":{"rendered":"Ourinhos recebe inspe\u00e7\u00e3o t\u00e9cnica da Se\u00e7\u00e3o de Tiros de Guerra da 2\u00aa Regi\u00e3o Militar"},"content":{"rendered":"\n<p>No dia 30 de setembro, Ourinhos foi palco da Visita de Orienta\u00e7\u00e3o T\u00e9cnica (VOT) promovida pela Se\u00e7\u00e3o de Tiros de Guerra da 2\u00aa Regi\u00e3o Militar (STG\/2\u00aa RM). O Coronel Filipe Gomes, respons\u00e1vel pela Se\u00e7\u00e3o, esteve presente junto com sua equipe para conduzir a avalia\u00e7\u00e3o.<\/p>\n\n\n\n<p>Essa inspe\u00e7\u00e3o \u00e9 realizada anualmente nos 79 Tiros de Guerra do estado de S\u00e3o Paulo, com o prop\u00f3sito de analisar o funcionamento das unidades, divulgar novas orienta\u00e7\u00f5es e sugerir melhorias. Ap\u00f3s o levantamento, a Se\u00e7\u00e3o emite um relat\u00f3rio oficial. Durante a visita em Ourinhos, foi confirmado pelo sargento encarregado que a unidade local atende plenamente os requisitos, sem apresentar observa\u00e7\u00f5es significativas.<\/p>\n\n\n\n<p>Al\u00e9m dos militares, participaram do evento o vice-prefeito Alexandre Z\u00f3io, o secret\u00e1rio de Seguran\u00e7a P\u00fablica Alexandre Esp\u00edndola Cardoso Ledo, o secret\u00e1rio adjunto Harrison Alves Ferreira, o Subtenente Theo KNAK Neto, chefe da instru\u00e7\u00e3o do Tiro de Guerra, e o instrutor Subtenente DERLAN Tannoure Quinhoni. O vice-prefeito ressaltou a relev\u00e2ncia do encontro para a cidade: \u201cReceber autoridades militares em Ourinhos \u00e9 sempre motivo de orgulho. Participar dessas a\u00e7\u00f5es fortalece os v\u00ednculos que promovem o desenvolvimento dos nossos jovens. A parceria com o Ex\u00e9rcito Brasileiro contribui para a forma\u00e7\u00e3o c\u00edvica, o patriotismo e o progresso local\u201d, destacou.<\/p>\n\n\n\n<p>A 2\u00aa Regi\u00e3o Militar, com sede em S\u00e3o Paulo, \u00e9 uma das doze regi\u00f5es que comp\u00f5em o Ex\u00e9rcito Brasileiro e est\u00e1 subordinada ao Comando Militar do Sudeste. Por meio da STG, realiza periodicamente visitas t\u00e9cnicas aos Tiros de Guerra para garantir a qualidade do treinamento e a conserva\u00e7\u00e3o das instala\u00e7\u00f5es.<\/p>\n\n\n\n<p>Essa iniciativa reafirma o compromisso pela excel\u00eancia das atividades do Tiro de Guerra em Ourinhos e refor\u00e7a a coopera\u00e7\u00e3o entre o munic\u00edpio e o Ex\u00e9rcito Brasileiro.<\/p>\n\n\n\n<figure class=\"wp-block-gallery has-nested-images columns-default is-cropped wp-block-gallery-1 is-layout-flex wp-block-gallery-is-layout-flex\">\n<figure class=\"wp-block-image size-large\"><a href=\"https:\/\/noticiasregionais.com.br\/wp-content\/uploads\/2025\/10\/WhatsApp-Image-2025-10-01-at-17.29.332.jpeg\"><img decoding=\"async\" width=\"1024\" height=\"819\" data-id=\"10184\" src=\"https:\/\/noticiasregionais.com.br\/wp-content\/uploads\/2025\/10\/WhatsApp-Image-2025-10-01-at-17.29.332-1024x819.jpeg\" alt=\"\" class=\"wp-image-10184\" srcset=\"https:\/\/noticiasregionais.com.br\/wp-content\/uploads\/2025\/10\/WhatsApp-Image-2025-10-01-at-17.29.332-1024x819.jpeg 1024w, https:\/\/noticiasregionais.com.br\/wp-content\/uploads\/2025\/10\/WhatsApp-Image-2025-10-01-at-17.29.332-300x240.jpeg 300w, https:\/\/noticiasregionais.com.br\/wp-content\/uploads\/2025\/10\/WhatsApp-Image-2025-10-01-at-17.29.332-768x614.jpeg 768w, https:\/\/noticiasregionais.com.br\/wp-content\/uploads\/2025\/10\/WhatsApp-Image-2025-10-01-at-17.29.332-1536x1228.jpeg 1536w, https:\/\/noticiasregionais.com.br\/wp-content\/uploads\/2025\/10\/WhatsApp-Image-2025-10-01-at-17.29.332.jpeg 1600w\" sizes=\"(max-width: 1024px) 100vw, 1024px\" \/><\/a><\/figure>\n\n\n\n<figure class=\"wp-block-image size-large\"><a href=\"https:\/\/noticiasregionais.com.br\/wp-content\/uploads\/2025\/10\/WhatsApp-Image-2025-10-01-at-17.29.331.jpeg\"><img decoding=\"async\" width=\"1024\" height=\"819\" data-id=\"10185\" src=\"https:\/\/noticiasregionais.com.br\/wp-content\/uploads\/2025\/10\/WhatsApp-Image-2025-10-01-at-17.29.331-1024x819.jpeg\" alt=\"\" class=\"wp-image-10185\" srcset=\"https:\/\/noticiasregionais.com.br\/wp-content\/uploads\/2025\/10\/WhatsApp-Image-2025-10-01-at-17.29.331-1024x819.jpeg 1024w, https:\/\/noticiasregionais.com.br\/wp-content\/uploads\/2025\/10\/WhatsApp-Image-2025-10-01-at-17.29.331-300x240.jpeg 300w, https:\/\/noticiasregionais.com.br\/wp-content\/uploads\/2025\/10\/WhatsApp-Image-2025-10-01-at-17.29.331-768x614.jpeg 768w, https:\/\/noticiasregionais.com.br\/wp-content\/uploads\/2025\/10\/WhatsApp-Image-2025-10-01-at-17.29.331-1536x1228.jpeg 1536w, https:\/\/noticiasregionais.com.br\/wp-content\/uploads\/2025\/10\/WhatsApp-Image-2025-10-01-at-17.29.331.jpeg 1600w\" sizes=\"(max-width: 1024px) 100vw, 1024px\" \/><\/a><\/figure>\n\n\n\n<figure class=\"wp-block-image size-large\"><a href=\"https:\/\/noticiasregionais.com.br\/wp-content\/uploads\/2025\/10\/WhatsApp-Image-2025-10-01-at-17.29.33.jpeg\"><img decoding=\"async\" width=\"1024\" height=\"819\" data-id=\"10181\" src=\"https:\/\/noticiasregionais.com.br\/wp-content\/uploads\/2025\/10\/WhatsApp-Image-2025-10-01-at-17.29.33-1024x819.jpeg\" alt=\"\" class=\"wp-image-10181\" srcset=\"https:\/\/noticiasregionais.com.br\/wp-content\/uploads\/2025\/10\/WhatsApp-Image-2025-10-01-at-17.29.33-1024x819.jpeg 1024w, https:\/\/noticiasregionais.com.br\/wp-content\/uploads\/2025\/10\/WhatsApp-Image-2025-10-01-at-17.29.33-300x240.jpeg 300w, https:\/\/noticiasregionais.com.br\/wp-content\/uploads\/2025\/10\/WhatsApp-Image-2025-10-01-at-17.29.33-768x614.jpeg 768w, https:\/\/noticiasregionais.com.br\/wp-content\/uploads\/2025\/10\/WhatsApp-Image-2025-10-01-at-17.29.33-1536x1228.jpeg 1536w, https:\/\/noticiasregionais.com.br\/wp-content\/uploads\/2025\/10\/WhatsApp-Image-2025-10-01-at-17.29.33.jpeg 1600w\" sizes=\"(max-width: 1024px) 100vw, 1024px\" \/><\/a><\/figure>\n\n\n\n<figure class=\"wp-block-image size-large\"><a href=\"https:\/\/noticiasregionais.com.br\/wp-content\/uploads\/2025\/10\/WhatsApp-Image-2025-10-01-at-17.29.35.jpeg\"><img decoding=\"async\" width=\"1024\" height=\"819\" data-id=\"10182\" src=\"https:\/\/noticiasregionais.com.br\/wp-content\/uploads\/2025\/10\/WhatsApp-Image-2025-10-01-at-17.29.35-1024x819.jpeg\" alt=\"\" class=\"wp-image-10182\" srcset=\"https:\/\/noticiasregionais.com.br\/wp-content\/uploads\/2025\/10\/WhatsApp-Image-2025-10-01-at-17.29.35-1024x819.jpeg 1024w, https:\/\/noticiasregionais.com.br\/wp-content\/uploads\/2025\/10\/WhatsApp-Image-2025-10-01-at-17.29.35-300x240.jpeg 300w, https:\/\/noticiasregionais.com.br\/wp-content\/uploads\/2025\/10\/WhatsApp-Image-2025-10-01-at-17.29.35-768x614.jpeg 768w, https:\/\/noticiasregionais.com.br\/wp-content\/uploads\/2025\/10\/WhatsApp-Image-2025-10-01-at-17.29.35-1536x1228.jpeg 1536w, https:\/\/noticiasregionais.com.br\/wp-content\/uploads\/2025\/10\/WhatsApp-Image-2025-10-01-at-17.29.35.jpeg 1600w\" sizes=\"(max-width: 1024px) 100vw, 1024px\" \/><\/a><\/figure>\n<\/figure>\n<input type=\"hidden\" id=\"baseurl\" value=\"https:\/\/noticiasregionais.com.br\"><input type=\"hidden\" id=\"audio_nonce\" value=\"533fbb67b1\">","protected":false},"excerpt":{"rendered":"<p>No dia 30 de setembro, Ourinhos foi palco da Visita de Orienta\u00e7\u00e3o T\u00e9cnica (VOT) promovida pela Se\u00e7\u00e3o de Tiros de&hellip;<\/p>\n","protected":false},"author":1,"featured_media":10183,"comment_status":"closed","ping_status":"open","sticky":false,"template":"","format":"standard","meta":{"sfsi_plus_gutenberg_text_before_share":"","sfsi_plus_gutenberg_show_text_before_share":"","sfsi_plus_gutenberg_icon_type":"","sfsi_plus_gutenberg_icon_alignemt":"","sfsi_plus_gutenburg_max_per_row":"","footnotes":""},"categories":[12,1,5],"tags":[16],"class_list":["post-10180","post","type-post","status-publish","format-standard","has-post-thumbnail","hentry","category-capa","category-noticias","category-ourinhos","tag-ourinhos"],"_links":{"self":[{"href":"https:\/\/noticiasregionais.com.br\/index.php?rest_route=\/wp\/v2\/posts\/10180","targetHints":{"allow":["GET"]}}],"collection":[{"href":"https:\/\/noticiasregionais.com.br\/index.php?rest_route=\/wp\/v2\/posts"}],"about":[{"href":"https:\/\/noticiasregionais.com.br\/index.php?rest_route=\/wp\/v2\/types\/post"}],"author":[{"embeddable":true,"href":"https:\/\/noticiasregionais.com.br\/index.php?rest_route=\/wp\/v2\/users\/1"}],"replies":[{"embeddable":true,"href":"https:\/\/noticiasregionais.com.br\/index.php?rest_route=%2Fwp%2Fv2%2Fcomments&post=10180"}],"version-history":[{"count":1,"href":"https:\/\/noticiasregionais.com.br\/index.php?rest_route=\/wp\/v2\/posts\/10180\/revisions"}],"predecessor-version":[{"id":10186,"href":"https:\/\/noticiasregionais.com.br\/index.php?rest_route=\/wp\/v2\/posts\/10180\/revisions\/10186"}],"wp:featuredmedia":[{"embeddable":true,"href":"https:\/\/noticiasregionais.com.br\/index.php?rest_route=\/wp\/v2\/media\/10183"}],"wp:attachment":[{"href":"https:\/\/noticiasregionais.com.br\/index.php?rest_route=%2Fwp%2Fv2%2Fmedia&parent=10180"}],"wp:term":[{"taxonomy":"category","embeddable":true,"href":"https:\/\/noticiasregionais.com.br\/index.php?rest_route=%2Fwp%2Fv2%2Fcategories&post=10180"},{"taxonomy":"post_tag","embeddable":true,"href":"https:\/\/noticiasregionais.com.br\/index.php?rest_route=%2Fwp%2Fv2%2Ftags&post=10180"}],"curies":[{"name":"wp","href":"https:\/\/api.w.org\/{rel}","templated":true}]}}