{"id":10190,"date":"2025-10-02T07:56:16","date_gmt":"2025-10-02T10:56:16","guid":{"rendered":"https:\/\/noticiasregionais.com.br\/?p=10190"},"modified":"2025-10-02T07:59:41","modified_gmt":"2025-10-02T10:59:41","slug":"run-beer-oktoberfest-chega-a-ourinhos-com-corrida-que-mistura-esporte-musica-gastronomia-e-chopp","status":"publish","type":"post","link":"https:\/\/noticiasregionais.com.br\/?p=10190","title":{"rendered":"Run Beer Oktoberfest chega a Ourinhos com corrida que mistura esporte, m\u00fasica, gastronomia e chopp"},"content":{"rendered":"\n<p>No dia 12 de outubro, \u00e0s 9h, Ourinhos receber\u00e1 a Run Beer Oktoberfest, um evento exclusivo do interior paulista que une corrida, divers\u00e3o e cultura. Realizada em parceria com o Ourinhos Plaza Shopping, essa corrida de 5 km \u00e9 a \u00fanica da regi\u00e3o que combina atividade f\u00edsica com m\u00fasica ao vivo, gastronomia t\u00edpica e cerveja gelada.<\/p>\n\n\n\n<p>Durante o percurso, os participantes contar\u00e3o com diversos pontos de hidrata\u00e7\u00e3o, oferecendo \u00e1gua, chopp e, pela primeira vez, um ponto especial de Coca-Cola, que se tornou marca registrada da prova. A novidade promete agradar os corredores e manter a energia durante toda a prova.<\/p>\n\n\n\n<p>Al\u00e9m da corrida, a festa ainda tem concurso de fantasias inspiradas em personagens como Frida e Fritz, com premia\u00e7\u00f5es, e apresenta\u00e7\u00f5es musicais que animar\u00e3o o trajeto em clima de Oktoberfest.<\/p>\n\n\n\n<p>A gastronomia tamb\u00e9m ganha destaque: a pra\u00e7a de alimenta\u00e7\u00e3o ser\u00e1 cedida para a Associa\u00e7\u00e3o de Apoio ao Deficiente F\u00edsico de Ourinhos (AADF), que, com o apoio de parceiros locais, oferecer\u00e1 pratos t\u00edpicos e deliciosos ao p\u00fablico, garantindo que o evento tenha um forte impacto social na cidade.<\/p>\n\n\n\n<p>De acordo com o organizador Paulo Dar\u00e9, o sucesso da Run Beer Oktoberfest se deve ao entusiasmo da comunidade de Ourinhos. \u201cQueremos proporcionar uma experi\u00eancia completa e diferenciada. J\u00e1 podemos afirmar que a Run Beer se tornou uma tradi\u00e7\u00e3o na cidade e tem tudo para ser uma refer\u00eancia na regi\u00e3o\u201d, destaca.<\/p>\n\n\n\n<p>As inscri\u00e7\u00f5es seguem abertas e t\u00eam atra\u00eddo muitos interessados, consolidando a corrida como um evento esportivo e cultural imperd\u00edvel para a regi\u00e3o.<\/p>\n\n\n\n<figure class=\"wp-block-gallery has-nested-images columns-default is-cropped wp-block-gallery-1 is-layout-flex wp-block-gallery-is-layout-flex\">\n<figure class=\"wp-block-image size-large\"><a href=\"https:\/\/noticiasregionais.com.br\/wp-content\/uploads\/2025\/10\/WhatsApp-Image-2025-09-30-at-16.14.082.jpeg\"><img decoding=\"async\" width=\"683\" height=\"1024\" data-id=\"10191\" src=\"https:\/\/noticiasregionais.com.br\/wp-content\/uploads\/2025\/10\/WhatsApp-Image-2025-09-30-at-16.14.082-683x1024.jpeg\" alt=\"\" class=\"wp-image-10191\" srcset=\"https:\/\/noticiasregionais.com.br\/wp-content\/uploads\/2025\/10\/WhatsApp-Image-2025-09-30-at-16.14.082-683x1024.jpeg 683w, https:\/\/noticiasregionais.com.br\/wp-content\/uploads\/2025\/10\/WhatsApp-Image-2025-09-30-at-16.14.082-200x300.jpeg 200w, https:\/\/noticiasregionais.com.br\/wp-content\/uploads\/2025\/10\/WhatsApp-Image-2025-09-30-at-16.14.082-768x1152.jpeg 768w, https:\/\/noticiasregionais.com.br\/wp-content\/uploads\/2025\/10\/WhatsApp-Image-2025-09-30-at-16.14.082-1024x1536.jpeg 1024w, https:\/\/noticiasregionais.com.br\/wp-content\/uploads\/2025\/10\/WhatsApp-Image-2025-09-30-at-16.14.082.jpeg 1067w\" sizes=\"(max-width: 683px) 100vw, 683px\" \/><\/a><\/figure>\n\n\n\n<figure class=\"wp-block-image size-large\"><a href=\"https:\/\/noticiasregionais.com.br\/wp-content\/uploads\/2025\/10\/WhatsApp-Image-2025-09-30-at-16.14.08.jpeg\"><img decoding=\"async\" width=\"682\" height=\"1024\" data-id=\"10196\" src=\"https:\/\/noticiasregionais.com.br\/wp-content\/uploads\/2025\/10\/WhatsApp-Image-2025-09-30-at-16.14.08-682x1024.jpeg\" alt=\"\" class=\"wp-image-10196\" srcset=\"https:\/\/noticiasregionais.com.br\/wp-content\/uploads\/2025\/10\/WhatsApp-Image-2025-09-30-at-16.14.08-682x1024.jpeg 682w, https:\/\/noticiasregionais.com.br\/wp-content\/uploads\/2025\/10\/WhatsApp-Image-2025-09-30-at-16.14.08-200x300.jpeg 200w, https:\/\/noticiasregionais.com.br\/wp-content\/uploads\/2025\/10\/WhatsApp-Image-2025-09-30-at-16.14.08-768x1153.jpeg 768w, https:\/\/noticiasregionais.com.br\/wp-content\/uploads\/2025\/10\/WhatsApp-Image-2025-09-30-at-16.14.08-1023x1536.jpeg 1023w, https:\/\/noticiasregionais.com.br\/wp-content\/uploads\/2025\/10\/WhatsApp-Image-2025-09-30-at-16.14.08.jpeg 1066w\" sizes=\"(max-width: 682px) 100vw, 682px\" \/><\/a><\/figure>\n\n\n\n<figure class=\"wp-block-image size-large\"><a href=\"https:\/\/noticiasregionais.com.br\/wp-content\/uploads\/2025\/10\/WhatsApp-Image-2025-09-30-at-16.14.072.jpeg\"><img decoding=\"async\" width=\"682\" height=\"1024\" data-id=\"10194\" src=\"https:\/\/noticiasregionais.com.br\/wp-content\/uploads\/2025\/10\/WhatsApp-Image-2025-09-30-at-16.14.072-682x1024.jpeg\" alt=\"\" class=\"wp-image-10194\" srcset=\"https:\/\/noticiasregionais.com.br\/wp-content\/uploads\/2025\/10\/WhatsApp-Image-2025-09-30-at-16.14.072-682x1024.jpeg 682w, https:\/\/noticiasregionais.com.br\/wp-content\/uploads\/2025\/10\/WhatsApp-Image-2025-09-30-at-16.14.072-200x300.jpeg 200w, https:\/\/noticiasregionais.com.br\/wp-content\/uploads\/2025\/10\/WhatsApp-Image-2025-09-30-at-16.14.072-768x1153.jpeg 768w, https:\/\/noticiasregionais.com.br\/wp-content\/uploads\/2025\/10\/WhatsApp-Image-2025-09-30-at-16.14.072-1023x1536.jpeg 1023w, https:\/\/noticiasregionais.com.br\/wp-content\/uploads\/2025\/10\/WhatsApp-Image-2025-09-30-at-16.14.072.jpeg 1066w\" sizes=\"(max-width: 682px) 100vw, 682px\" \/><\/a><\/figure>\n\n\n\n<figure class=\"wp-block-image size-large\"><a href=\"https:\/\/noticiasregionais.com.br\/wp-content\/uploads\/2025\/10\/WhatsApp-Image-2025-09-30-at-16.14.071.jpeg\"><img decoding=\"async\" width=\"683\" height=\"1024\" data-id=\"10193\" src=\"https:\/\/noticiasregionais.com.br\/wp-content\/uploads\/2025\/10\/WhatsApp-Image-2025-09-30-at-16.14.071-683x1024.jpeg\" alt=\"\" class=\"wp-image-10193\" srcset=\"https:\/\/noticiasregionais.com.br\/wp-content\/uploads\/2025\/10\/WhatsApp-Image-2025-09-30-at-16.14.071-683x1024.jpeg 683w, https:\/\/noticiasregionais.com.br\/wp-content\/uploads\/2025\/10\/WhatsApp-Image-2025-09-30-at-16.14.071-200x300.jpeg 200w, https:\/\/noticiasregionais.com.br\/wp-content\/uploads\/2025\/10\/WhatsApp-Image-2025-09-30-at-16.14.071-768x1152.jpeg 768w, https:\/\/noticiasregionais.com.br\/wp-content\/uploads\/2025\/10\/WhatsApp-Image-2025-09-30-at-16.14.071.jpeg 1000w\" sizes=\"(max-width: 683px) 100vw, 683px\" \/><\/a><\/figure>\n\n\n\n<figure class=\"wp-block-image size-large\"><a href=\"https:\/\/noticiasregionais.com.br\/wp-content\/uploads\/2025\/10\/WhatsApp-Image-2025-09-30-at-16.14.07.jpeg\"><img decoding=\"async\" width=\"682\" height=\"1024\" data-id=\"10195\" src=\"https:\/\/noticiasregionais.com.br\/wp-content\/uploads\/2025\/10\/WhatsApp-Image-2025-09-30-at-16.14.07-682x1024.jpeg\" alt=\"\" class=\"wp-image-10195\" srcset=\"https:\/\/noticiasregionais.com.br\/wp-content\/uploads\/2025\/10\/WhatsApp-Image-2025-09-30-at-16.14.07-682x1024.jpeg 682w, https:\/\/noticiasregionais.com.br\/wp-content\/uploads\/2025\/10\/WhatsApp-Image-2025-09-30-at-16.14.07-200x300.jpeg 200w, https:\/\/noticiasregionais.com.br\/wp-content\/uploads\/2025\/10\/WhatsApp-Image-2025-09-30-at-16.14.07-768x1153.jpeg 768w, https:\/\/noticiasregionais.com.br\/wp-content\/uploads\/2025\/10\/WhatsApp-Image-2025-09-30-at-16.14.07-1023x1536.jpeg 1023w, https:\/\/noticiasregionais.com.br\/wp-content\/uploads\/2025\/10\/WhatsApp-Image-2025-09-30-at-16.14.07.jpeg 1066w\" sizes=\"(max-width: 682px) 100vw, 682px\" \/><\/a><\/figure>\n<\/figure>\n<input type=\"hidden\" id=\"baseurl\" value=\"https:\/\/noticiasregionais.com.br\"><input type=\"hidden\" id=\"audio_nonce\" value=\"533fbb67b1\">","protected":false},"excerpt":{"rendered":"<p>No dia 12 de outubro, \u00e0s 9h, Ourinhos receber\u00e1 a Run Beer Oktoberfest, um evento exclusivo do interior paulista que&hellip;<\/p>\n","protected":false},"author":1,"featured_media":10192,"comment_status":"closed","ping_status":"open","sticky":false,"template":"","format":"standard","meta":{"sfsi_plus_gutenberg_text_before_share":"","sfsi_plus_gutenberg_show_text_before_share":"","sfsi_plus_gutenberg_icon_type":"","sfsi_plus_gutenberg_icon_alignemt":"","sfsi_plus_gutenburg_max_per_row":"","footnotes":""},"categories":[10,1,5],"tags":[16],"class_list":["post-10190","post","type-post","status-publish","format-standard","has-post-thumbnail","hentry","category-destaques","category-noticias","category-ourinhos","tag-ourinhos"],"_links":{"self":[{"href":"https:\/\/noticiasregionais.com.br\/index.php?rest_route=\/wp\/v2\/posts\/10190","targetHints":{"allow":["GET"]}}],"collection":[{"href":"https:\/\/noticiasregionais.com.br\/index.php?rest_route=\/wp\/v2\/posts"}],"about":[{"href":"https:\/\/noticiasregionais.com.br\/index.php?rest_route=\/wp\/v2\/types\/post"}],"author":[{"embeddable":true,"href":"https:\/\/noticiasregionais.com.br\/index.php?rest_route=\/wp\/v2\/users\/1"}],"replies":[{"embeddable":true,"href":"https:\/\/noticiasregionais.com.br\/index.php?rest_route=%2Fwp%2Fv2%2Fcomments&post=10190"}],"version-history":[{"count":1,"href":"https:\/\/noticiasregionais.com.br\/index.php?rest_route=\/wp\/v2\/posts\/10190\/revisions"}],"predecessor-version":[{"id":10197,"href":"https:\/\/noticiasregionais.com.br\/index.php?rest_route=\/wp\/v2\/posts\/10190\/revisions\/10197"}],"wp:featuredmedia":[{"embeddable":true,"href":"https:\/\/noticiasregionais.com.br\/index.php?rest_route=\/wp\/v2\/media\/10192"}],"wp:attachment":[{"href":"https:\/\/noticiasregionais.com.br\/index.php?rest_route=%2Fwp%2Fv2%2Fmedia&parent=10190"}],"wp:term":[{"taxonomy":"category","embeddable":true,"href":"https:\/\/noticiasregionais.com.br\/index.php?rest_route=%2Fwp%2Fv2%2Fcategories&post=10190"},{"taxonomy":"post_tag","embeddable":true,"href":"https:\/\/noticiasregionais.com.br\/index.php?rest_route=%2Fwp%2Fv2%2Ftags&post=10190"}],"curies":[{"name":"wp","href":"https:\/\/api.w.org\/{rel}","templated":true}]}}