{"id":10215,"date":"2025-10-02T12:00:00","date_gmt":"2025-10-02T15:00:00","guid":{"rendered":"https:\/\/noticiasregionais.com.br\/?p=10215"},"modified":"2025-10-02T12:00:00","modified_gmt":"2025-10-02T15:00:00","slug":"belem-hospital-sao-joao-de-deus-amplia-estrutura-com-instalacoes-e-equipamentos-de-ultima-geracao","status":"publish","type":"post","link":"https:\/\/noticiasregionais.com.br\/?p=10215","title":{"rendered":"BEL\u00c9M: Hospital S\u00e3o Jo\u00e3o de Deus amplia estrutura com instala\u00e7\u00f5es e equipamentos de \u00faltima gera\u00e7\u00e3o"},"content":{"rendered":"<p>\t\t\t\t\t\t\t\t\t\t<audio controls class=\"b61_audio_player\" data-noticia=\"84957\" src=\"https:\/\/brasil61.com\/rails\/active_storage\/blobs\/eyJfcmFpbHMiOnsibWVzc2FnZSI6IkJBaHBBODZrQXc9PSIsImV4cCI6bnVsbCwicHVyIjoiYmxvYl9pZCJ9fQ==--d7b4c86f14084127bff493e109767f24f0f16ba7\/BASA250099A\"><\/audio><\/p>\n<p><strong>A popula\u00e7\u00e3o de Bel\u00e9m (PA) passou a contar com mais um avan\u00e7o em rela\u00e7\u00e3o \u00e0 medicina moderna. Isso porque o Hospital S\u00e3o Jo\u00e3o de Deus \u2013 gerido pela<br \/>\n<a href=\"https:\/\/www.beneficenteportuguesa.com.br\/\" target=\"_blank\" rel=\"noopener\">Beneficente Portuguesa<\/a> &#8211; agora disp\u00f5e de novas instala\u00e7\u00f5es e equipamentos de \u00faltima gera\u00e7\u00e3o. <\/strong>Entre os itens adquiridos est\u00e3o 253 leitos de apartamentos e enfermaria e 50 leitos de UTI, sendo 10 dedicados \u00e0 pediatria.<\/p>\n<h2>Confira outras inova\u00e7\u00f5es:<\/h2>\n<ul>\n<li>15 salas cir\u00fargicas, sendo 2 exclusivas para procedimentos de<\/li>\n<li>hemodin\u00e2mica;<\/li>\n<li>17 poltronas \/leitos do servi\u00e7o de quimioterapia;<\/li>\n<li>50 m\u00e1quinas de hemodi\u00e1lise de \u00faltima gera\u00e7\u00e3o;<\/li>\n<li>26 boxes e 9 leitos de pronto atendimento.<\/li>\n<\/ul>\n<p><strong>O empreendimento contou com recursos do Fundo Constitucional de Financiamento do Norte (FNO), administrados pelo <a href=\"https:\/\/www.bancoamazonia.com.br\/\" target=\"_blank\" rel=\"noopener\">Banco da Amaz\u00f4nia<\/a>. <\/strong>As obras tiveram in\u00edcio em 2014, com investimento da pr\u00f3pria Beneficente Portuguesa do Par\u00e1, mas houve um impulso em 2016, quando os recursos do FNO passaram a ser utilizados.<\/p>\n<p><a href=\"https:\/\/brasil61.com\/n\/microcredito-moradores-de-barcarena-pa-conhecem-linhas-de-credito-do-banco-da-amazonia-basa250097\" target=\"_blank\" rel=\"noopener\">Microcr\u00e9dito: moradores de Barcarena (PA) conhecem linhas de cr\u00e9dito do Banco da Amaz\u00f4nia<\/a><\/p>\n<p><a href=\"https:\/\/brasil61.com\/n\/projeto-circular-campina-cidade-velha-realiza-quarta-edicao-de-2025-no-proximo-domingo-5-em-belem-pa-basa250098\" target=\"_blank\" rel=\"noopener\">Projeto Circular Campina Cidade Velha realiza quarta edi\u00e7\u00e3o de 2025 no pr\u00f3ximo domingo (5), em Bel\u00e9m (PA)<\/a><\/p>\n<p><strong>A unidade hospitalar prestou uma homenagem ao Banco da Amaz\u00f4nia<\/strong>, nesta quarta-feira (1\u00b0), em reconhecimento pelo trabalho desenvolvido pela institui\u00e7\u00e3o financeira, em rela\u00e7\u00e3o \u00e0 parceria para capta\u00e7\u00e3o dos recursos. O evento foi realizado no audit\u00f3rio da Unidade S\u00e3o Jo\u00e3o de Deus, na Rua Boaventura da Silva, Bairro Umarizal, na capital paraense.<\/p>\n<p>Na ocasi\u00e3o, o presidente da Beneficente Portuguesa do Par\u00e1, Alirio Jos\u00e9 Duarte Gon\u00e7alves, destacou a import\u00e2ncia do envolvimento do banco na evolu\u00e7\u00e3o da unidade hospitalar.<\/p>\n<p>\u201cQuero parabenizar e agradecer ao Banco da Amaz\u00f4nia pela confian\u00e7a que teve nesse hospital, desde o in\u00edcio. Esse importante legado fica para Bel\u00e9m, porque a Beneficente Portuguesa se torna um dos maiores hospitais da Regi\u00e3o Norte. Se torna o maior e melhor hospital em rela\u00e7\u00e3o a equipamentos modernos, com avan\u00e7os, inclusive, na \u00e1rea da rob\u00f3tica\u201d, pontua.<\/p>\n<p><strong>Para o presidente do Banco da Amaz\u00f4nia, Luiz Lessa, os investimentos v\u00e3o proporcionar melhor qualidade de vida para a popula\u00e7\u00e3o do estado.<\/strong><\/p>\n<p>\u201cTodas essas a\u00e7\u00f5es do banco sempre t\u00eam, como pano de fundo, gerar desenvolvimento, emprego, renda e melhoria da qualidade de vida das pessoas que aqui vivem. Nesse caso, tamb\u00e9m investimos em projetos que trazem benef\u00edcio social direto para a popula\u00e7\u00e3o, e essa nova unidade da Beneficente Portuguesa \u00e9 a representa\u00e7\u00e3o m\u00e1xima disso\u201d, destacou.<\/p>\n<p>\t\t\t\t\t\t\t\t\t<img decoding=\"async\" src=\"https:\/\/brasil61.com\/api\/v1\/serve_pixel\/22254\/84957\" alt=\"Pixel Brasil 61\" class=\"b61_pixel\" width=\"0\" height=\"0\"><\/p>\n<div class=\"br61_backlink\">\n<p>\n\t\t\t\tFonte: <a href=\"https:\/\/brasil61.com\/belem-hospital-sao-joao-de-deus-amplia-estrutura-com-instalacoes-e-equipamentos-de-ultima-geracao-basa250099\" title=\"Artigo Original: BEL\u00c9M: Hospital S\u00e3o Jo\u00e3o de Deus amplia estrutura com instala\u00e7\u00f5es e equipamentos de \u00faltima gera\u00e7\u00e3o\" target=\"_blank\" rel=\"noopener\">Brasil 61<\/a>\n\t\t\t<\/p>\n<\/p><\/div>\n<input type=\"hidden\" id=\"baseurl\" value=\"https:\/\/noticiasregionais.com.br\"><input type=\"hidden\" id=\"audio_nonce\" value=\"533fbb67b1\">","protected":false},"excerpt":{"rendered":"<p>O empreendimento contou com recursos do Fundo Constitucional de Financiamento<br \/>\ndo Norte, administrados pelo Banco da Amaz\u00f4nia. A institui\u00e7\u00e3o financeira foi<br \/>\nhomenageada por empenho na parceria com a unidade hospitalar<\/p>\n","protected":false},"author":1,"featured_media":10216,"comment_status":"","ping_status":"open","sticky":false,"template":"","format":"standard","meta":{"sfsi_plus_gutenberg_text_before_share":"","sfsi_plus_gutenberg_show_text_before_share":"","sfsi_plus_gutenberg_icon_type":"","sfsi_plus_gutenberg_icon_alignemt":"","sfsi_plus_gutenburg_max_per_row":"","footnotes":""},"categories":[8],"tags":[],"class_list":["post-10215","post","type-post","status-publish","format-standard","has-post-thumbnail","hentry","category-brasil"],"_links":{"self":[{"href":"https:\/\/noticiasregionais.com.br\/index.php?rest_route=\/wp\/v2\/posts\/10215","targetHints":{"allow":["GET"]}}],"collection":[{"href":"https:\/\/noticiasregionais.com.br\/index.php?rest_route=\/wp\/v2\/posts"}],"about":[{"href":"https:\/\/noticiasregionais.com.br\/index.php?rest_route=\/wp\/v2\/types\/post"}],"author":[{"embeddable":true,"href":"https:\/\/noticiasregionais.com.br\/index.php?rest_route=\/wp\/v2\/users\/1"}],"replies":[{"embeddable":true,"href":"https:\/\/noticiasregionais.com.br\/index.php?rest_route=%2Fwp%2Fv2%2Fcomments&post=10215"}],"version-history":[{"count":0,"href":"https:\/\/noticiasregionais.com.br\/index.php?rest_route=\/wp\/v2\/posts\/10215\/revisions"}],"wp:featuredmedia":[{"embeddable":true,"href":"https:\/\/noticiasregionais.com.br\/index.php?rest_route=\/wp\/v2\/media\/10216"}],"wp:attachment":[{"href":"https:\/\/noticiasregionais.com.br\/index.php?rest_route=%2Fwp%2Fv2%2Fmedia&parent=10215"}],"wp:term":[{"taxonomy":"category","embeddable":true,"href":"https:\/\/noticiasregionais.com.br\/index.php?rest_route=%2Fwp%2Fv2%2Fcategories&post=10215"},{"taxonomy":"post_tag","embeddable":true,"href":"https:\/\/noticiasregionais.com.br\/index.php?rest_route=%2Fwp%2Fv2%2Ftags&post=10215"}],"curies":[{"name":"wp","href":"https:\/\/api.w.org\/{rel}","templated":true}]}}