{"id":10227,"date":"2025-10-03T04:15:00","date_gmt":"2025-10-03T07:15:00","guid":{"rendered":"https:\/\/noticiasregionais.com.br\/?p=10227"},"modified":"2025-10-03T04:15:00","modified_gmt":"2025-10-03T07:15:00","slug":"vacinacao-68-mi-de-doses-serao-distribuidas-para-reforcar-cobertura-entre-criancas-e-adolescentes","status":"publish","type":"post","link":"https:\/\/noticiasregionais.com.br\/?p=10227","title":{"rendered":"Vacina\u00e7\u00e3o: 6,8 mi de doses ser\u00e3o distribu\u00eddas para refor\u00e7ar cobertura entre crian\u00e7as e adolescentes"},"content":{"rendered":"<p>\t\t\t\t\t\t\t\t\t\t<audio controls class=\"b61_audio_player\" data-noticia=\"84963\" src=\"https:\/\/brasil61.com\/rails\/active_storage\/blobs\/eyJfcmFpbHMiOnsibWVzc2FnZSI6IkJBaHBBNWVsQXc9PSIsImV4cCI6bnVsbCwicHVyIjoiYmxvYl9pZCJ9fQ==--5bc1634cba043e2c9d7bbee9789fdd2348b0eaff\/BRAS2514841B\"><\/audio><\/p>\n<p>O <a href=\"https:\/\/www.gov.br\/saude\/pt-br\" target=\"_blank\" rel=\"noopener\">Minist\u00e9rio da Sa\u00fade<\/a> lan\u00e7ou, nesta quarta-feira (1\u00ba),<strong> a <a href=\"https:\/\/infoms.saude.gov.br\/extensions\/Multivacinacao_2022_v2\/Multivacinacao_2022_v2.html\" target=\"_blank\" rel=\"noopener\">Campanha Nacional de Multivacina\u00e7\u00e3o<\/a>, voltada para crian\u00e7as e adolescentes de at\u00e9 15 anos. A a\u00e7\u00e3o ocorre entre os dias 6 e 31 de outubro. O <a href=\"https:\/\/bvsms.saude.gov.br\/17-10-dia-nacional-da-vacinacao-2\/#:~:text=O%20Dia%20Nacional%20da%20Vacina%C3%A7%C3%A3o,e%20na%20preven%C3%A7%C3%A3o%20de%20epidemias.\" target=\"_blank\" rel=\"noopener\">Dia D de mobiliza\u00e7\u00e3o<\/a> est\u00e1 marcado para o dia 18 do mesmo m\u00eas.<\/strong> Nessa data, os postos de sa\u00fade estar\u00e3o abertos em todo o pa\u00eds para facilitar o acesso da popula\u00e7\u00e3o \u00e0s vacinas.<\/p>\n<p>A campanha tem como objetivo <strong>atualizar a <a href=\"https:\/\/www.gov.br\/saude\/pt-br\/assuntos\/saude-de-a-a-z\/s\/saude-da-crianca\/caderneta\" target=\"_blank\" rel=\"noopener\">caderneta de vacina\u00e7\u00e3o<\/a> e <a href=\"https:\/\/www.gov.br\/saude\/pt-br\/assuntos\/noticias\/2025\/outubro\/ministerio-da-saude-lanca-campanha-nacional-de-vacinacao-para-protecao-de-criancas-e-adolescentes-de-ate-15-anos-de-idade\" target=\"_blank\" rel=\"noopener\">ampliar a cobertura vacinal entre o p\u00fablico infantojuvenil<\/a><\/strong>, especialmente em um momento de alerta para a reintrodu\u00e7\u00e3o de doen\u00e7as j\u00e1 eliminadas no Brasil, como o <a href=\"http:\/\/www.gov.br\/saude\/pt-br\/assuntos\/saude-de-a-a-z\/s\/sarampo\" target=\"_blank\" rel=\"noopener\">sarampo<\/a>\u00a0e a <a href=\"https:\/\/www.gov.br\/saude\/pt-br\/assuntos\/saude-de-a-a-z\/p\/poliomielite\" target=\"_blank\" rel=\"noopener\">poliomielite<\/a>. Para isso, <strong>o Minist\u00e9rio distribuiu mais de 6,8 milh\u00f5es de doses<\/strong> aos estados e munic\u00edpios e repassou R$ 150 milh\u00f5es para apoiar as a\u00e7\u00f5es locais.<\/p>\n<p>Segundo o ministro da Sa\u00fade, Alexandre Padilha, o Brasil precisa retomar a posi\u00e7\u00e3o de refer\u00eancia mundial em <a href=\"https:\/\/www.gov.br\/saude\/pt-br\/vacinacao\" target=\"_blank\" rel=\"noopener\">vacina\u00e7\u00e3o<\/a>. \u201cTodos os dias s\u00e3o dias de vacina\u00e7\u00e3o nas Unidades B\u00e1sicas de Sa\u00fade, mas o dia 18 de outubro ser\u00e1 uma oportunidade estrat\u00e9gica para mobilizarmos as localidades com maior concentra\u00e7\u00e3o de crian\u00e7as, garantindo que todas sejam protegidas durante o Dia D\u201d, afirmou.<\/p>\n<h2>Vacinas disponibilizadas<\/h2>\n<p>Durante a campanha, <strong>todas as vacinas previstas no <a href=\"https:\/\/www.gov.br\/saude\/pt-br\/vacinacao\/calendario\" target=\"_blank\" rel=\"noopener\">Calend\u00e1rio Nacional de Vacina\u00e7\u00e3o 2025<\/a> estar\u00e3o dispon\u00edveis<\/strong>, entre elas os imunizantes contra poliomielite, <a href=\"https:\/\/www.gov.br\/saude\/pt-br\/assuntos\/saude-de-a-a-z\/c\" target=\"_blank\" rel=\"noopener\">covid-19<\/a>, influenza e outras doen\u00e7as. <strong>As prioridades ser\u00e3o o resgate de crian\u00e7as e adolescentes n\u00e3o vacinados contra <a href=\"https:\/\/www.gov.br\/saude\/pt-br\/assuntos\/saude-de-a-a-z\/h\/hpv\" target=\"_blank\" rel=\"noopener\">HPV<\/a>, <a href=\"https:\/\/www.gov.br\/saude\/pt-br\/assuntos\/saude-de-a-a-z\/f\/febre-amarela\" target=\"_blank\" rel=\"noopener\">febre amarela<\/a> e sarampo<\/strong>. Confira:<\/p>\n<ul>\n<li>BC<\/li>\n<li>Hepatite B<\/li>\n<li>Penta (DTP\/Hib\/HB)<\/li>\n<li>Poliomielite inativada<\/li>\n<li>Rotav\u00edrus<\/li>\n<li>Pneumoc\u00f3cica 10 valente (conjugada)<\/li>\n<li>Meningoc\u00f3cica C (conjugada) \/ Meningoc\u00f3cica ACWY (conjugada)<\/li>\n<li>Influenza<\/li>\n<li>Covid-19<\/li>\n<li>Febre amarela<\/li>\n<li>Tr\u00edplice viral (sarampo, caxumba e rub\u00e9ola)<\/li>\n<li>Varicela<\/li>\n<li>DTP<\/li>\n<li>Hepatite A<\/li>\n<li>HPV<\/li>\n<\/ul>\n<p>A <strong>estrat\u00e9gia de microplanejamento<\/strong> ser\u00e1 adotada para identificar \u00e1reas de risco e locais com baixa ades\u00e3o, a fim de <strong>direcionar a\u00e7\u00f5es espec\u00edficas ajustadas \u00e0 realidade de cada territ\u00f3rio<\/strong>.<\/p>\n<h2>Prioridades<\/h2>\n<p><strong>Sarampo<\/strong><\/p>\n<p>Ap\u00f3s o aumento de casos de sarampo na Am\u00e9rica do Norte, regi\u00e3o respons\u00e1vel por 99% das ocorr\u00eancias registradas no continente, a preocupa\u00e7\u00e3o com a doen\u00e7a se intensificou.<\/p>\n<p>No Brasil, <strong>toda a popula\u00e7\u00e3o entre 12 meses e 59 anos poder\u00e1 receber a vacina como forma de refor\u00e7ar a prote\u00e7\u00e3o coletiva<\/strong> e evitar novos surtos. Em 2025, j\u00e1 foram confirmados 31 casos importados, todos de pessoas infectadas fora do pa\u00eds.<\/p>\n<p><strong>HPV<\/strong><\/p>\n<p>A vacina\u00e7\u00e3o contra o HPV tamb\u00e9m ser\u00e1 intensificada, especialmente entre<strong> adolescentes de 15 a 19 anos que ainda n\u00e3o foram imunizados<\/strong>. A vacina protege contra diversos tipos de c\u00e2ncer, como colo do \u00fatero, \u00e2nus, p\u00eanis, garganta e pesco\u00e7o, al\u00e9m de verrugas genitais.\u00a0<\/p>\n<p>De acordo com o MS, em 2024, a cobertura entre meninas de 9 a 14 anos chegou a 82,83%, enquanto entre os meninos da mesma faixa et\u00e1ria atingiu 67,26%. Apesar do avan\u00e7o, ainda h\u00e1 estados com \u00edndices abaixo da meta de 90%.<\/p>\n<p>Pernambuco est\u00e1 entre as unidades federativas que ainda enfrentam obst\u00e1culos para alcan\u00e7ar a cobertura vacinal ideal. Dados da <a href=\"https:\/\/portal.saude.pe.gov.br\/ses-pe-amplia-vacinacao-contra-hpv-em-adolescentes-de-15-a-19-anos\/\" target=\"_blank\" rel=\"noopener\">Secretaria Estadual de Sa\u00fade<\/a> indicam que apenas 59% dos meninos e 72% das meninas foram imunizados contra o HPV.<\/p>\n<p>Para enfrentar esse cen\u00e1rio, o governo estadual refor\u00e7ou as a\u00e7\u00f5es locais com a implementa\u00e7\u00e3o da estrat\u00e9gia de vacina\u00e7\u00e3o escolar, desenvolvida em parceria com a Secretaria de Educa\u00e7\u00e3o, com foco na atualiza\u00e7\u00e3o da caderneta do p\u00fablico infantojuvenil.<\/p>\n<p><strong>Febre amarela<\/strong><\/p>\n<p>Nos estados de S\u00e3o Paulo, Rio de Janeiro, Minas Gerais e Paran\u00e1, o Minist\u00e9rio da Sa\u00fade recomenda a intensifica\u00e7\u00e3o da vacina\u00e7\u00e3o contra a febre amarela, com foco na <strong>atualiza\u00e7\u00e3o da situa\u00e7\u00e3o vacinal de pessoas entre 9 meses e 59 anos<\/strong>.<\/p>\n<p><strong>VEJA MAIS:<\/strong><\/p>\n<ul>\n<li><a href=\"https:\/\/brasil61.com\/n\/metanol-ministerio-da-saude-alerta-para-intoxicacao-por-substancia-e-reforca-notificacoes-imediatas-bras2514835\" target=\"_blank\" rel=\"noopener\">Metanol: Minist\u00e9rio da Sa\u00fade alerta para intoxica\u00e7\u00e3o por subst\u00e2ncia e refor\u00e7a notifica\u00e7\u00f5es imediatas<\/a><\/li>\n<li><a href=\"https:\/\/brasil61.com\/n\/sus-tera-899-novas-unidades-e-reforco-de-322-medicos-especialistas-bras2514821\" target=\"_blank\" rel=\"noopener\">SUS ter\u00e1 899 novas unidades e refor\u00e7o de 322 m\u00e9dicos especialistas<\/a><\/li>\n<\/ul>\n<p>\t\t\t\t\t\t\t\t\t<img decoding=\"async\" src=\"https:\/\/brasil61.com\/api\/v1\/serve_pixel\/22254\/84963\" alt=\"Pixel Brasil 61\" class=\"b61_pixel\" width=\"0\" height=\"0\"><\/p>\n<div class=\"br61_backlink\">\n<p>\n\t\t\t\tFonte: <a href=\"https:\/\/brasil61.com\/vacinacao-6-8-mi-de-doses-serao-distribuidas-para-reforcar-cobertura-entre-criancas-e-adolescentes-bras2514841\" title=\"Artigo Original: Vacina\u00e7\u00e3o: 6,8 mi de doses ser\u00e3o distribu\u00eddas para refor\u00e7ar cobertura entre crian\u00e7as e adolescentes\" target=\"_blank\" rel=\"noopener\">Brasil 61<\/a>\n\t\t\t<\/p>\n<\/p><\/div>\n<input type=\"hidden\" id=\"baseurl\" value=\"https:\/\/noticiasregionais.com.br\"><input type=\"hidden\" id=\"audio_nonce\" value=\"5c13e0637f\">","protected":false},"excerpt":{"rendered":"<p>A\u00e7\u00e3o ser\u00e1 realizada entre os dias 6 e 31 de outubro, com foco no resgate de jovens que ainda n\u00e3o foram vacinados contra HPV, febre amarela e sarampo<\/p>\n","protected":false},"author":1,"featured_media":10228,"comment_status":"","ping_status":"open","sticky":false,"template":"","format":"standard","meta":{"sfsi_plus_gutenberg_text_before_share":"","sfsi_plus_gutenberg_show_text_before_share":"","sfsi_plus_gutenberg_icon_type":"","sfsi_plus_gutenberg_icon_alignemt":"","sfsi_plus_gutenburg_max_per_row":"","footnotes":""},"categories":[8],"tags":[],"class_list":["post-10227","post","type-post","status-publish","format-standard","has-post-thumbnail","hentry","category-brasil"],"_links":{"self":[{"href":"https:\/\/noticiasregionais.com.br\/index.php?rest_route=\/wp\/v2\/posts\/10227","targetHints":{"allow":["GET"]}}],"collection":[{"href":"https:\/\/noticiasregionais.com.br\/index.php?rest_route=\/wp\/v2\/posts"}],"about":[{"href":"https:\/\/noticiasregionais.com.br\/index.php?rest_route=\/wp\/v2\/types\/post"}],"author":[{"embeddable":true,"href":"https:\/\/noticiasregionais.com.br\/index.php?rest_route=\/wp\/v2\/users\/1"}],"replies":[{"embeddable":true,"href":"https:\/\/noticiasregionais.com.br\/index.php?rest_route=%2Fwp%2Fv2%2Fcomments&post=10227"}],"version-history":[{"count":0,"href":"https:\/\/noticiasregionais.com.br\/index.php?rest_route=\/wp\/v2\/posts\/10227\/revisions"}],"wp:featuredmedia":[{"embeddable":true,"href":"https:\/\/noticiasregionais.com.br\/index.php?rest_route=\/wp\/v2\/media\/10228"}],"wp:attachment":[{"href":"https:\/\/noticiasregionais.com.br\/index.php?rest_route=%2Fwp%2Fv2%2Fmedia&parent=10227"}],"wp:term":[{"taxonomy":"category","embeddable":true,"href":"https:\/\/noticiasregionais.com.br\/index.php?rest_route=%2Fwp%2Fv2%2Fcategories&post=10227"},{"taxonomy":"post_tag","embeddable":true,"href":"https:\/\/noticiasregionais.com.br\/index.php?rest_route=%2Fwp%2Fv2%2Ftags&post=10227"}],"curies":[{"name":"wp","href":"https:\/\/api.w.org\/{rel}","templated":true}]}}