{"id":10238,"date":"2025-10-05T04:00:00","date_gmt":"2025-10-05T07:00:00","guid":{"rendered":"https:\/\/noticiasregionais.com.br\/?p=10238"},"modified":"2025-10-05T04:00:00","modified_gmt":"2025-10-05T07:00:00","slug":"infogripe-covid-19-lidera-causas-de-morte-por-srag","status":"publish","type":"post","link":"https:\/\/noticiasregionais.com.br\/?p=10238","title":{"rendered":"InfoGripe: Covid-19 lidera causas de morte por SRAG"},"content":{"rendered":"<p>\t\t\t\t\t\t\t\t\t\t<audio controls class=\"b61_audio_player\" data-noticia=\"85017\" src=\"https:\/\/brasil61.com\/rails\/active_storage\/blobs\/eyJfcmFpbHMiOnsibWVzc2FnZSI6IkJBaHBBN0NtQXc9PSIsImV4cCI6bnVsbCwicHVyIjoiYmxvYl9pZCJ9fQ==--c72779021ac7cdcf319d31c175ecfd4a9f56b99a\/BRAS2514860A\"><\/audio><\/p>\n<p>A \u00faltima atualiza\u00e7\u00e3o do <a href=\"https:\/\/agencia.fiocruz.br\/infogripe-covid-19-e-responsavel-pela-maioria-dos-obitos-por-srag\" target=\"_blank\" rel=\"noopener\">Boletim InfoGripe da Fiocruz<\/a>, divulgada nesta quinta-feira (2), aponta que <strong>a <a href=\"https:\/\/www.gov.br\/saude\/pt-br\/assuntos\/saude-de-a-a-z\/c\/covid-19\" target=\"_blank\" rel=\"noopener\">Covid-19<\/a> foi respons\u00e1vel por 50,9% dos \u00f3bitos por S\u00edndrome Respirat\u00f3ria Aguda Grave (SRAG)<\/strong> nas \u00faltimas quatro semanas epidemiol\u00f3gicas, entre 31 de agosto e 27 de setembro.<\/p>\n<p>At\u00e9 o momento, o <strong>Brasil registra mais de 311 mil casos de Covid-19 e cerca de 2 mil mortes<\/strong> causadas pela doen\u00e7a. Os dados s\u00e3o do <a href=\"https:\/\/www.gov.br\/saude\/pt-br\/composicao\/svsa\/cnie\/sindrome-gripal-pela-covid-19\" target=\"_blank\" rel=\"noopener\">painel do Minist\u00e9rio da Sa\u00fade<\/a>, com base nas informa\u00e7\u00f5es fornecidas pelas Secretarias Estaduais de Sa\u00fade.<\/p>\n<p>De acordo com os dados mais recentes do painel, somente entre os dias 24 e 30 de agosto, durante a <a href=\"https:\/\/infoms.saude.gov.br\/extensions\/covid-19_html\/covid-19_html.html#\" target=\"_blank\" rel=\"noopener\">Semana Epidemiol\u00f3gica (SE) 35<\/a>, foram notificados mais de 8 mil novos casos e 18 \u00f3bitos.<\/p>\n<h2>Cen\u00e1rio nacional<\/h2>\n<p>O levantamento da SE 39 (de 21 a 27 de setembro) indica situa\u00e7\u00e3o de alerta, risco ou alto risco para os casos de SRAG em cinco estados brasileiros:<\/p>\n<ul>\n<li>Amazonas;<\/li>\n<li>Distrito Federal;<\/li>\n<li>Esp\u00edrito Santo;<\/li>\n<li>Goi\u00e1s;<\/li>\n<li>Mato Grosso.<\/li>\n<\/ul>\n<p>Nas <strong>unidades federativas do Centro-Oeste<\/strong>, como Goi\u00e1s e Distrito Federal, <strong>a Covid-19 se destaca como principal agente<\/strong>, com impacto direto nas hospitaliza\u00e7\u00f5es entre idosos. A influenza A tamb\u00e9m elevou o n\u00famero de interna\u00e7\u00f5es em quase todas as faixas et\u00e1rias nessas regi\u00f5es.<\/p>\n<p>No Esp\u00edrito Santo, o avan\u00e7o da SRAG reflete a atua\u00e7\u00e3o conjunta da Covid-19, que afeta sobretudo os idosos, e do rinov\u00edrus, com maior incid\u00eancia entre crian\u00e7as pequenas.<\/p>\n<p>J\u00e1 no Amazonas, o crescimento dos casos decorre da circula\u00e7\u00e3o do rinov\u00edrus, que atinge crian\u00e7as e adolescentes entre 2 e 14 anos, al\u00e9m da retomada das notifica\u00e7\u00f5es por v\u00edrus sincicial respirat\u00f3rio (VSR) em crian\u00e7as de at\u00e9 2 anos.<\/p>\n<p>A pesquisadora Tatiana Portella, do Programa de Computa\u00e7\u00e3o Cient\u00edfica da Fiocruz e do InfoGripe, destaca a import\u00e2ncia de manter a carteira de vacina\u00e7\u00e3o atualizada para reduzir a gravidade dos casos.<\/p>\n<p>\u201cPedimos que as pessoas, especialmente integrantes dos grupos de risco, verifiquem se est\u00e3o com a vacina\u00e7\u00e3o em dia. A vacina continua sendo a principal forma de prote\u00e7\u00e3o contra casos graves e \u00f3bitos\u201d, afirma Portella.<\/p>\n<h2>Incid\u00eancia<\/h2>\n<p>As \u00faltimas quatro semanas epidemiol\u00f3gicas apontam que o rinov\u00edrus \u00e9 o v\u00edrus mais detectado entre os casos positivos, seguido por covid-19 e influenza A.<\/p>\n<table>\n<tbody>\n<tr>\n<th>V\u00edrus<\/th>\n<th>Preval\u00eancia (%)<\/th>\n<\/tr>\n<tr>\n<td>Rinov\u00edrus<\/td>\n<td>42,4%<\/td>\n<\/tr>\n<tr>\n<td>Sars-CoV-2 (Covid-19)<\/td>\n<td>16,6%<\/td>\n<\/tr>\n<tr>\n<td>Influenza A<\/td>\n<td>15,6%<\/td>\n<\/tr>\n<tr>\n<td>V\u00edrus Sincicial Respirat\u00f3rio (VSR)<\/td>\n<td>13,3%<\/td>\n<\/tr>\n<tr>\n<td>Influenza B<\/td>\n<td>2,2%<\/td>\n<\/tr>\n<\/tbody>\n<\/table>\n<p><em><a href=\"https:\/\/agencia.fiocruz.br\/infogripe-covid-19-e-responsavel-pela-maioria-dos-obitos-por-srag\" target=\"_blank\" rel=\"noopener\"><span style=\"font-size:10px\">Fonte: Fiocruz<\/span><\/a><\/em><\/p>\n<h2>Ano epidemiol\u00f3gico<\/h2>\n<p>Ao longo do ano epidemiol\u00f3gico de 2025, <strong>j\u00e1 foram notificados quase 185 mil casos de SRAG<\/strong>, sendo 53% com resultado laboratorial positivo para algum v\u00edrus respirat\u00f3rio. Dentre os casos positivos:<\/p>\n<table>\n<tbody>\n<tr>\n<th>V\u00edrus<\/th>\n<th>Preval\u00eancia (%)<\/th>\n<\/tr>\n<tr>\n<td>V\u00edrus Sincicial Respirat\u00f3rio (VSR)<\/td>\n<td>42,7%<\/td>\n<\/tr>\n<tr>\n<td>Rinov\u00edrus<\/td>\n<td>27,1%<\/td>\n<\/tr>\n<tr>\n<td>Influenza A<\/td>\n<td>23,5%<\/td>\n<\/tr>\n<tr>\n<td>Sars-CoV-2 (Covid-19)<\/td>\n<td>7,7%<\/td>\n<\/tr>\n<tr>\n<td>Influenza B<\/td>\n<td>1,2%<\/td>\n<\/tr>\n<\/tbody>\n<\/table>\n<p><em><a href=\"https:\/\/agencia.fiocruz.br\/infogripe-covid-19-e-responsavel-pela-maioria-dos-obitos-por-srag\" target=\"_blank\" rel=\"noopener\"><span style=\"font-size:10px\">Fonte: Fiocruz<\/span><\/a><\/em><\/p>\n<p><strong>Entre os \u00f3bitos registrados<\/strong> no mesmo recorte temporal, <strong>j\u00e1 foram contabilizadas mais de 11 mil mortes<\/strong>. Desse total, 51,9% tiveram confirma\u00e7\u00e3o laboratorial para algum v\u00edrus respirat\u00f3rio, com destaque para a influenza A, principal agente identificado.<\/p>\n<table>\n<tbody>\n<tr>\n<th>V\u00edrus<\/th>\n<th>Preval\u00eancia (%)<\/th>\n<\/tr>\n<tr>\n<td>Influenza A<\/td>\n<td>51%<\/td>\n<\/tr>\n<tr>\n<td>Sars-CoV-2 (Covid-19)<\/td>\n<td>22,4%<\/td>\n<\/tr>\n<tr>\n<td>Rinov\u00edrus<\/td>\n<td>13,9%<\/td>\n<\/tr>\n<tr>\n<td>V\u00edrus Sincicial Respirat\u00f3rio (VSR)<\/td>\n<td>11,9%<\/td>\n<\/tr>\n<tr>\n<td>Influenza B<\/td>\n<td>1,8%<\/td>\n<\/tr>\n<\/tbody>\n<\/table>\n<p><em><a href=\"https:\/\/agencia.fiocruz.br\/infogripe-covid-19-e-responsavel-pela-maioria-dos-obitos-por-srag\" target=\"_blank\" rel=\"noopener\"><span style=\"font-size:10px\">Fonte: Fiocruz<\/span><\/a><\/em><\/p>\n<p><strong>VEJA MAIS:<\/strong><\/p>\n<ul>\n<li><a href=\"https:\/\/brasil61.com\/n\/vacinacao-6-8-mi-de-doses-serao-distribuidas-para-reforcar-cobertura-entre-criancas-e-adolescentes-bras2514841\" target=\"_blank\" rel=\"noopener\">Vacina\u00e7\u00e3o: 6,8 mi de doses ser\u00e3o distribu\u00eddas para refor\u00e7ar cobertura entre crian\u00e7as e adolescentes<\/a><\/li>\n<li><a href=\"https:\/\/brasil61.com\/n\/brasil-tera-vacina-contra-o-virus-sincicial-respiratorio-a-partir-de-novembro-bras2514706\" target=\"_blank\" rel=\"noopener\">Brasil ter\u00e1 vacina contra o v\u00edrus sincicial respirat\u00f3rio a partir de novembro<\/a><\/li>\n<\/ul>\n<p>\t\t\t\t\t\t\t\t\t<img decoding=\"async\" src=\"https:\/\/brasil61.com\/api\/v1\/serve_pixel\/22254\/85017\" alt=\"Pixel Brasil 61\" class=\"b61_pixel\" width=\"0\" height=\"0\"><\/p>\n<div class=\"br61_backlink\">\n<p>\n\t\t\t\tFonte: <a href=\"https:\/\/brasil61.com\/infogripe-covid-19-lidera-causas-de-morte-por-srag-bras2514860\" title=\"Artigo Original: InfoGripe: Covid-19 lidera causas de morte por SRAG\" target=\"_blank\" rel=\"noopener\">Brasil 61<\/a>\n\t\t\t<\/p>\n<\/p><\/div>\n<input type=\"hidden\" id=\"baseurl\" value=\"https:\/\/noticiasregionais.com.br\"><input type=\"hidden\" id=\"audio_nonce\" value=\"533fbb67b1\">","protected":false},"excerpt":{"rendered":"<p>Em 2025, o Brasil j\u00e1 contabiliza mais de 311 mil casos e aproximadamente 2 mil mortes em decorr\u00eancia da doen\u00e7a<\/p>\n","protected":false},"author":1,"featured_media":10239,"comment_status":"","ping_status":"open","sticky":false,"template":"","format":"standard","meta":{"sfsi_plus_gutenberg_text_before_share":"","sfsi_plus_gutenberg_show_text_before_share":"","sfsi_plus_gutenberg_icon_type":"","sfsi_plus_gutenberg_icon_alignemt":"","sfsi_plus_gutenburg_max_per_row":"","footnotes":""},"categories":[8],"tags":[],"class_list":["post-10238","post","type-post","status-publish","format-standard","has-post-thumbnail","hentry","category-brasil"],"_links":{"self":[{"href":"https:\/\/noticiasregionais.com.br\/index.php?rest_route=\/wp\/v2\/posts\/10238","targetHints":{"allow":["GET"]}}],"collection":[{"href":"https:\/\/noticiasregionais.com.br\/index.php?rest_route=\/wp\/v2\/posts"}],"about":[{"href":"https:\/\/noticiasregionais.com.br\/index.php?rest_route=\/wp\/v2\/types\/post"}],"author":[{"embeddable":true,"href":"https:\/\/noticiasregionais.com.br\/index.php?rest_route=\/wp\/v2\/users\/1"}],"replies":[{"embeddable":true,"href":"https:\/\/noticiasregionais.com.br\/index.php?rest_route=%2Fwp%2Fv2%2Fcomments&post=10238"}],"version-history":[{"count":0,"href":"https:\/\/noticiasregionais.com.br\/index.php?rest_route=\/wp\/v2\/posts\/10238\/revisions"}],"wp:featuredmedia":[{"embeddable":true,"href":"https:\/\/noticiasregionais.com.br\/index.php?rest_route=\/wp\/v2\/media\/10239"}],"wp:attachment":[{"href":"https:\/\/noticiasregionais.com.br\/index.php?rest_route=%2Fwp%2Fv2%2Fmedia&parent=10238"}],"wp:term":[{"taxonomy":"category","embeddable":true,"href":"https:\/\/noticiasregionais.com.br\/index.php?rest_route=%2Fwp%2Fv2%2Fcategories&post=10238"},{"taxonomy":"post_tag","embeddable":true,"href":"https:\/\/noticiasregionais.com.br\/index.php?rest_route=%2Fwp%2Fv2%2Ftags&post=10238"}],"curies":[{"name":"wp","href":"https:\/\/api.w.org\/{rel}","templated":true}]}}