{"id":10240,"date":"2025-10-05T04:05:00","date_gmt":"2025-10-05T07:05:00","guid":{"rendered":"https:\/\/noticiasregionais.com.br\/?p=10240"},"modified":"2025-10-05T04:05:00","modified_gmt":"2025-10-05T07:05:00","slug":"camara-aprova-prorrogacao-do-prazo-para-exigencia-de-georreferenciamento-de-imoveis-rurais-ate-2030","status":"publish","type":"post","link":"https:\/\/noticiasregionais.com.br\/?p=10240","title":{"rendered":"C\u00e2mara aprova prorroga\u00e7\u00e3o do prazo para exig\u00eancia de georreferenciamento de im\u00f3veis rurais at\u00e9 2030"},"content":{"rendered":"<p>\t\t\t\t\t\t\t\t\t\t<audio controls class=\"b61_audio_player\" data-noticia=\"84989\" src=\"https:\/\/brasil61.com\/rails\/active_storage\/blobs\/eyJfcmFpbHMiOnsibWVzc2FnZSI6IkJBaHBBMTJtQXc9PSIsImV4cCI6bnVsbCwicHVyIjoiYmxvYl9pZCJ9fQ==--a718b69d2345ad114b7574ef228a37e637d48193\/BRAS2514853A\"><\/audio><\/p>\n<p>Os <strong>propriet\u00e1rios de\u00a0im\u00f3veis rurais poder\u00e3o ter at\u00e9 2030 para cumprir a exig\u00eancia de identifica\u00e7\u00e3o georreferenciada em casos de desmembramento, parcelamento, remembramento ou transfer\u00eancia de dessas propriedades<\/strong>. \u00c9 o que prev\u00ea o Projeto de Lei (<a href=\"https:\/\/www.camara.leg.br\/proposicoesWeb\/fichadetramitacao?idProposicao=2497354\" target=\"_blank\" rel=\"noopener\">PL 1664\/2025<\/a>), aprovado pela\u00a0C\u00e2mara dos Deputados.\u00a0A proposta \u00e9 de iniciativa da deputada Caroline de Toni (PL-SC) e recebeu parecer favor\u00e1vel do deputado Thiago Flores (Republicanos-RO).<\/p>\n<p>A <strong>mat\u00e9ria foi aprovada pela Comiss\u00e3o de Agricultura da C\u00e2mara na forma de substitutivo que ampliou a abrang\u00eancia do projeto original.<\/strong> Pelo texto aprovado,<strong> o novo prazo ser\u00e1 v\u00e1lido para todos os im\u00f3veis rurais registrados a partir de 1\u00ba de novembro de 2003<\/strong> que estejam sujeitos \u00e0 obriga\u00e7\u00e3o de georreferenciamento. A proposta inicial previa a prorroga\u00e7\u00e3o apenas para im\u00f3veis com at\u00e9 25 hectares.<\/p>\n<p>Conforme a Ag\u00eancia FPA<strong>, um dos destaques do projeto \u00e9 o al\u00edvio para os produtores rurais<\/strong>. A FPA defende que esses trabalhadores enfrentam custos e desafios t\u00e9cnicos para cumprir a exig\u00eancia. Al\u00e9m disso, a mat\u00e9ria traz a seguran\u00e7a jur\u00eddica, com a unifica\u00e7\u00e3o do prazo at\u00e9 2030 e evita interpreta\u00e7\u00f5es divergentes.<\/p>\n<p>Na avalia\u00e7\u00e3o da FPA, <strong>a proposta tamb\u00e9m estimula a regulariza\u00e7\u00e3o fundi\u00e1ria, para permitir a adequa\u00e7\u00e3o pelos propriet\u00e1rios sem risco de frear processos de compra, venda ou heran\u00e7a de terras.<\/strong><\/p>\n<p>O relator, deputado Thiago Flores, integrante da Frente Parlamentar da Agropecu\u00e1ria (FPA), refor\u00e7ou que o projeto traz seguran\u00e7a jur\u00eddica ao campo e evita que entraves administrativos prejudiquem o direito \u00e0 propriedade.<\/p>\n<p>\u201cNosso objetivo \u00e9 dar tranquilidade ao produtor rural, evitando que exig\u00eancias burocr\u00e1ticas prejudiquem o direito \u00e0 propriedade. O georreferenciamento \u00e9 importante, mas precisa ser implementado com prazos fact\u00edveis e justos\u201d, pontuou.<\/p>\n<p>A autora, deputada Caroline de Toni, vice-presidente da FPA da Regi\u00e3o Sul, destacou que a medida traz <strong>equil\u00edbrio<\/strong>. \u201cA prorroga\u00e7\u00e3o do prazo se justifica pelos entraves t\u00e9cnicos, econ\u00f4micos e operacionais que ainda afetam os pequenos propriet\u00e1rios, sobretudo em regi\u00f5es com menor infraestrutura fundi\u00e1ria e cartorial. Esse adiamento \u00e9 razo\u00e1vel e proporcional diante das dificuldades concretas, sem comprometer o objetivo de consolidar a base territorial georreferenciada do pa\u00eds\u201d, mencionou.<\/p>\n<p>Agora, a<strong> proposta ser\u00e1 analisada na Comiss\u00e3o de Constitui\u00e7\u00e3o e Justi\u00e7a e de Cidadania (CCJ).<\/strong><\/p>\n<p>\t\t\t\t\t\t\t\t\t<img decoding=\"async\" src=\"https:\/\/brasil61.com\/api\/v1\/serve_pixel\/22254\/84989\" alt=\"Pixel Brasil 61\" class=\"b61_pixel\" width=\"0\" height=\"0\"><\/p>\n<div class=\"br61_backlink\">\n<p>\n\t\t\t\tFonte: <a href=\"https:\/\/brasil61.com\/camara-aprova-prorrogacao-do-prazo-para-exigencia-de-georreferenciamento-de-imoveis-rurais-ate-2030-bras2514853\" title=\"Artigo Original: C\u00e2mara aprova prorroga\u00e7\u00e3o do prazo para exig\u00eancia de georreferenciamento de im\u00f3veis rurais at\u00e9 2030\" target=\"_blank\" rel=\"noopener\">Brasil 61<\/a>\n\t\t\t<\/p>\n<\/p><\/div>\n<input type=\"hidden\" id=\"baseurl\" value=\"https:\/\/noticiasregionais.com.br\"><input type=\"hidden\" id=\"audio_nonce\" value=\"3cdc555a10\">","protected":false},"excerpt":{"rendered":"<p>Marco valer\u00e1 para todos os im\u00f3veis registrados a partir de 1\u00ba de novembro de 2003; texto ser\u00e1 analisado pela CCJ<\/p>\n","protected":false},"author":1,"featured_media":10241,"comment_status":"","ping_status":"open","sticky":false,"template":"","format":"standard","meta":{"sfsi_plus_gutenberg_text_before_share":"","sfsi_plus_gutenberg_show_text_before_share":"","sfsi_plus_gutenberg_icon_type":"","sfsi_plus_gutenberg_icon_alignemt":"","sfsi_plus_gutenburg_max_per_row":"","footnotes":""},"categories":[8],"tags":[],"class_list":["post-10240","post","type-post","status-publish","format-standard","has-post-thumbnail","hentry","category-brasil"],"_links":{"self":[{"href":"https:\/\/noticiasregionais.com.br\/index.php?rest_route=\/wp\/v2\/posts\/10240","targetHints":{"allow":["GET"]}}],"collection":[{"href":"https:\/\/noticiasregionais.com.br\/index.php?rest_route=\/wp\/v2\/posts"}],"about":[{"href":"https:\/\/noticiasregionais.com.br\/index.php?rest_route=\/wp\/v2\/types\/post"}],"author":[{"embeddable":true,"href":"https:\/\/noticiasregionais.com.br\/index.php?rest_route=\/wp\/v2\/users\/1"}],"replies":[{"embeddable":true,"href":"https:\/\/noticiasregionais.com.br\/index.php?rest_route=%2Fwp%2Fv2%2Fcomments&post=10240"}],"version-history":[{"count":0,"href":"https:\/\/noticiasregionais.com.br\/index.php?rest_route=\/wp\/v2\/posts\/10240\/revisions"}],"wp:featuredmedia":[{"embeddable":true,"href":"https:\/\/noticiasregionais.com.br\/index.php?rest_route=\/wp\/v2\/media\/10241"}],"wp:attachment":[{"href":"https:\/\/noticiasregionais.com.br\/index.php?rest_route=%2Fwp%2Fv2%2Fmedia&parent=10240"}],"wp:term":[{"taxonomy":"category","embeddable":true,"href":"https:\/\/noticiasregionais.com.br\/index.php?rest_route=%2Fwp%2Fv2%2Fcategories&post=10240"},{"taxonomy":"post_tag","embeddable":true,"href":"https:\/\/noticiasregionais.com.br\/index.php?rest_route=%2Fwp%2Fv2%2Ftags&post=10240"}],"curies":[{"name":"wp","href":"https:\/\/api.w.org\/{rel}","templated":true}]}}