{"id":10256,"date":"2025-10-06T04:15:00","date_gmt":"2025-10-06T07:15:00","guid":{"rendered":"https:\/\/noticiasregionais.com.br\/?p=10256"},"modified":"2025-10-06T04:15:00","modified_gmt":"2025-10-06T07:15:00","slug":"imposto-de-renda-seguranca-e-reforma-tributaria-seguem-em-destaque-na-semana-do-congresso","status":"publish","type":"post","link":"https:\/\/noticiasregionais.com.br\/?p=10256","title":{"rendered":"Imposto de Renda, seguran\u00e7a e reforma tribut\u00e1ria seguem em destaque na semana do Congresso"},"content":{"rendered":"<p>\t\t\t\t\t\t\t\t\t\t<audio controls class=\"b61_audio_player\" data-noticia=\"84985\" src=\"https:\/\/brasil61.com\/rails\/active_storage\/blobs\/eyJfcmFpbHMiOnsibWVzc2FnZSI6IkJBaHBBM0NtQXc9PSIsImV4cCI6bnVsbCwicHVyIjoiYmxvYl9pZCJ9fQ==--05e744c7f6857d8fa0c9e86db7653576760f9b24\/BRAS2514849A\"><\/audio><\/p>\n<p>A suspeita de intoxica\u00e7\u00e3o por metanol em diferentes estados do pa\u00eds \u2014 subst\u00e2ncia encontrada em bebidas alco\u00f3licas falsificadas \u2014 levou a C\u00e2mara dos Deputados a aprovar, na \u00faltima quinta-feira (2), o regime de urg\u00eancia para o <a href=\"https:\/\/www.camara.leg.br\/proposicoesWeb\/fichadetramitacao\/?idProposicao=374450\" target=\"_blank\" rel=\"noopener\">projeto de lei que torna crime hediondo a falsifica\u00e7\u00e3o de bebidas<\/a> e a adultera\u00e7\u00e3o de alimentos. A decis\u00e3o foi un\u00e2nime e tomada em poucos segundos, em vota\u00e7\u00e3o simb\u00f3lica.<\/p>\n<p>Com a urg\u00eancia, a proposta passa a tramitar de forma mais r\u00e1pida, pulando a etapa das comiss\u00f5es e seguindo diretamente para an\u00e1lise em plen\u00e1rio. O tema, considerado consensual entre os parlamentares, deve ter vota\u00e7\u00e3o acelerada.<\/p>\n<p>O projeto estava parado na Comiss\u00e3o de Constitui\u00e7\u00e3o e Justi\u00e7a (CCJ) desde 2007 e prev\u00ea o aumento das penas hoje aplicadas, que variam de quatro a oito anos de reclus\u00e3o. Caso seja aprovado no novo formato, a puni\u00e7\u00e3o passar\u00e1 para seis a 12 anos, al\u00e9m de a pr\u00e1tica ser classificada como crime hediondo \u2014 o que endurece o cumprimento da pena e limita o acesso a benef\u00edcios como progress\u00e3o de regime ou indulto.<\/p>\n<h2>Reforma tribut\u00e1ria<\/h2>\n<p>Aprovado no plen\u00e1rio do Senado na semana passada, o segundo texto que <a href=\"https:\/\/www25.senado.leg.br\/web\/atividade\/materias\/-\/materia\/166095\" target=\"_blank\" rel=\"noopener\">regulamenta a reforma tribut\u00e1ria<\/a> recebeu mais de 500 emendas, das quais 65 foram acatadas, total ou parcialmente, pelo relator da mat\u00e9ria, senador Eduardo Braga. Com as altera\u00e7\u00f5es, a C\u00e2mara ter\u00e1 que reavaliar o texto aprovado pelos senadores.<\/p>\n<h2>Imposto de Renda<\/h2>\n<p>Na \u00faltima semana, a C\u00e2mara aprovou o <a href=\"https:\/\/www.camara.leg.br\/proposicoesWeb\/fichadetramitacao?idProposicao=2487436\" target=\"_blank\" rel=\"noopener\">Projeto de Lei 1087\/25<\/a>, de autoria do Executivo, que amplia a isen\u00e7\u00e3o do Imposto de Renda para quem ganha at\u00e9 R$ 5 mil. O projeto, apoiado pelo governo Lula, tamb\u00e9m cria o Imposto de Renda Pessoa F\u00edsica M\u00ednimo (IRPFM) para os mais ricos e estabelece a cobran\u00e7a de 10% na fonte sobre lucros e dividendos, medida que deve come\u00e7ar a valer em 2026, com o objetivo de ampliar a redistribui\u00e7\u00e3o de renda. Agora, a proposta ser\u00e1 avaliada pelo Senado.<\/p>\n<p>Em paralelo, outro projeto \u2014 o <a href=\"https:\/\/www25.senado.leg.br\/web\/atividade\/materias\/-\/materia\/136117\" target=\"_blank\" rel=\"noopener\">PL 1.952\/2019<\/a> \u2014 que tamb\u00e9m amplia a faixa de isen\u00e7\u00e3o do IR, foi aprovado pelo Senado e est\u00e1 agora em an\u00e1lise na C\u00e2mara.<\/p>\n<h2>Seguran\u00e7a P\u00fablica<\/h2>\n<p>A expectativa desta semana tamb\u00e9m recai sobre um pacote com oito propostas voltadas \u00e0 seguran\u00e7a p\u00fablica. Com a urg\u00eancia j\u00e1 aprovada, a tramita\u00e7\u00e3o dispensa an\u00e1lise em comiss\u00f5es\u00a0e os textos devem ser votados diretamente no plen\u00e1rio.<\/p>\n<p>As medidas buscam refor\u00e7ar o combate ao crime organizado, prevendo desde a destina\u00e7\u00e3o de bens apreendidos do tr\u00e1fico para fundos estaduais, at\u00e9 o fortalecimento da coopera\u00e7\u00e3o entre for\u00e7as policiais e penas mais r\u00edgidas para crimes cometidos contra agentes de seguran\u00e7a.<\/p>\n<p>O pacote surge como alternativa \u00e0 PEC da Seguran\u00e7a, enviada pelo governo, mas parada desde abril de 2024.<br \/>\n\u00a0<\/p>\n<p>\t\t\t\t\t\t\t\t\t<img decoding=\"async\" src=\"https:\/\/brasil61.com\/api\/v1\/serve_pixel\/22254\/84985\" alt=\"Pixel Brasil 61\" class=\"b61_pixel\" width=\"0\" height=\"0\"><\/p>\n<div class=\"br61_backlink\">\n<p>\n\t\t\t\tFonte: <a href=\"https:\/\/brasil61.com\/imposto-de-renda-seguranca-e-reforma-tributaria-seguem-em-destaque-na-semana-do-congresso-bras2514849\" title=\"Artigo Original: Imposto de Renda, seguran\u00e7a e reforma tribut\u00e1ria seguem em destaque na semana do Congresso\" target=\"_blank\" rel=\"noopener\">Brasil 61<\/a>\n\t\t\t<\/p>\n<\/p><\/div>\n<input type=\"hidden\" id=\"baseurl\" value=\"https:\/\/noticiasregionais.com.br\"><input type=\"hidden\" id=\"audio_nonce\" value=\"533fbb67b1\">","protected":false},"excerpt":{"rendered":"<p>Deputados e senadores avan\u00e7am em propostas sobre tributa\u00e7\u00e3o, endurecimento da legisla\u00e7\u00e3o penal e combate ao crime organizado<\/p>\n","protected":false},"author":1,"featured_media":0,"comment_status":"","ping_status":"open","sticky":false,"template":"","format":"standard","meta":{"sfsi_plus_gutenberg_text_before_share":"","sfsi_plus_gutenberg_show_text_before_share":"","sfsi_plus_gutenberg_icon_type":"","sfsi_plus_gutenberg_icon_alignemt":"","sfsi_plus_gutenburg_max_per_row":"","footnotes":""},"categories":[1],"tags":[],"class_list":["post-10256","post","type-post","status-publish","format-standard","hentry","category-noticias"],"_links":{"self":[{"href":"https:\/\/noticiasregionais.com.br\/index.php?rest_route=\/wp\/v2\/posts\/10256","targetHints":{"allow":["GET"]}}],"collection":[{"href":"https:\/\/noticiasregionais.com.br\/index.php?rest_route=\/wp\/v2\/posts"}],"about":[{"href":"https:\/\/noticiasregionais.com.br\/index.php?rest_route=\/wp\/v2\/types\/post"}],"author":[{"embeddable":true,"href":"https:\/\/noticiasregionais.com.br\/index.php?rest_route=\/wp\/v2\/users\/1"}],"replies":[{"embeddable":true,"href":"https:\/\/noticiasregionais.com.br\/index.php?rest_route=%2Fwp%2Fv2%2Fcomments&post=10256"}],"version-history":[{"count":0,"href":"https:\/\/noticiasregionais.com.br\/index.php?rest_route=\/wp\/v2\/posts\/10256\/revisions"}],"wp:attachment":[{"href":"https:\/\/noticiasregionais.com.br\/index.php?rest_route=%2Fwp%2Fv2%2Fmedia&parent=10256"}],"wp:term":[{"taxonomy":"category","embeddable":true,"href":"https:\/\/noticiasregionais.com.br\/index.php?rest_route=%2Fwp%2Fv2%2Fcategories&post=10256"},{"taxonomy":"post_tag","embeddable":true,"href":"https:\/\/noticiasregionais.com.br\/index.php?rest_route=%2Fwp%2Fv2%2Ftags&post=10256"}],"curies":[{"name":"wp","href":"https:\/\/api.w.org\/{rel}","templated":true}]}}