{"id":10261,"date":"2025-10-06T04:20:00","date_gmt":"2025-10-06T07:20:00","guid":{"rendered":"https:\/\/noticiasregionais.com.br\/?p=10261"},"modified":"2025-10-06T04:20:00","modified_gmt":"2025-10-06T07:20:00","slug":"reforma-administrativa-o-que-preve-proposta-da-camara-para-estados-e-municipios","status":"publish","type":"post","link":"https:\/\/noticiasregionais.com.br\/?p=10261","title":{"rendered":"Reforma administrativa: o que prev\u00ea proposta da C\u00e2mara para estados e munic\u00edpios"},"content":{"rendered":"<p>\t\t\t\t\t\t\t\t\t\t<audio controls class=\"b61_audio_player\" data-noticia=\"84987\" src=\"https:\/\/brasil61.com\/rails\/active_storage\/blobs\/eyJfcmFpbHMiOnsibWVzc2FnZSI6IkJBaHBBNUdtQXc9PSIsImV4cCI6bnVsbCwicHVyIjoiYmxvYl9pZCJ9fQ==--36ccdf88f72b577d1a07c97690d4869a62cb55dc\/BRAS2514851A\"><\/audio><\/p>\n<p>Ap\u00f3s 45 dias de trabalho, <strong>o grupo de trabalho criado pela C\u00e2mara dos Deputados para discutir a reforma administrativa<\/strong> divulgou suas propostas na semana passada. <strong>A proposta detalhada prev\u00ea mudan\u00e7as significativas para a gest\u00e3o de estados e munic\u00edpios.<\/strong> O tema \u00e9 prioridade para o presidente da Casa, Hugo Motta, e a <strong>expectativa \u00e9 de que a proposta seja votada ainda este m\u00eas.<\/strong><\/p>\n<p>Um dos <strong>principais pontos da reforma \u00e9 a cria\u00e7\u00e3o de limites anuais para o crescimento das despesas prim\u00e1rias nos estados e munic\u00edpios,<\/strong> abrangendo todos os Poderes \u2014 Executivo, Legislativo e Judici\u00e1rio \u2014 al\u00e9m de Minist\u00e9rio P\u00fablico e tribunais de contas. O teto dever\u00e1 \u00a0considerar <strong>gastos com sal\u00e1rios, aposentadorias, pens\u00f5es e outras despesas, e s\u00f3 poder\u00e1 ser reajustado segundo crit\u00e9rios claros<\/strong>: se a arrecada\u00e7\u00e3o n\u00e3o crescer acima da infla\u00e7\u00e3o, o limite acompanha apenas o \u00edndice inflacion\u00e1rio; em caso de aumento real da receita, o teto poder\u00e1 subir pelo \u00edndice inflacion\u00e1rio mais uma fra\u00e7\u00e3o do ganho real, que varia de 50% a 70%, dependendo do desempenho fiscal do ente, sem ultrapassar 2,5 pontos percentuais ao ano.\u00a0<\/p>\n<p><strong>Hoje, estados e munic\u00edpios n\u00e3o t\u00eam limites unificados para despesas<\/strong>, medida que at\u00e9 ent\u00e3o vale apenas para a Uni\u00e3o.<\/p>\n<p>A proposta da reforma administrativa <strong>tamb\u00e9m prev\u00ea a obrigatoriedade de um planejamento estrat\u00e9gico<\/strong> para todos os entes federativos, que dever\u00e1 ser apresentado em at\u00e9 180 dias ap\u00f3s o in\u00edcio de cada mandato, com metas e resultados claros.<\/p>\n<p>O texto contempla quatro eixos estruturantes:<\/p>\n<ul>\n<li><strong>Estrat\u00e9gia, governan\u00e7a e gest\u00e3o<\/strong>: inclui planejamento estrat\u00e9gico, acordos de resultados e b\u00f4nus por desempenho opcional;<\/li>\n<li><strong>Transforma\u00e7\u00e3o digital:<\/strong> digitaliza\u00e7\u00e3o de processos e servi\u00e7os p\u00fablicos;<\/li>\n<li><strong>Profissionaliza\u00e7\u00e3o do servi\u00e7o p\u00fablico: <\/strong>reorganiza\u00e7\u00e3o de carreiras, remodelamento do est\u00e1gio probat\u00f3rio, ades\u00e3o ao Concurso Nacional Unificado e implanta\u00e7\u00e3o de tabela remunerat\u00f3ria \u00fanica;<\/li>\n<li><strong>Extin\u00e7\u00e3o de privil\u00e9gios: <\/strong>redu\u00e7\u00e3o de desigualdades e excessos na administra\u00e7\u00e3o p\u00fablica.<\/li>\n<\/ul>\n<p>Entre outros temas, a <strong>proposta aborda concursos, remunera\u00e7\u00e3o, teletrabalho, pol\u00edticas de combate a ass\u00e9dio e inclus\u00e3o de mulheres<\/strong>, al\u00e9m da <strong>governan\u00e7a de conselhos nacionais, tribunais de contas, cart\u00f3rios, fundos de servidores e estatais<\/strong>.<\/p>\n<p>Segundo o deputado Pedro Paulo (PSD-RJ), coordenador do grupo de trabalho que elaborou a reforma, \u201cn<strong>\u00e3o se trata de uma reforma para quatro anos, mas de uma reforma de Estado, pensada para o presente e para as futuras gera\u00e7\u00f5es<\/strong>, independentemente de quem esteja \u00e0 frente do governo\u201d.<\/p>\n<p><em>Com informa\u00e7\u00f5es da Ag\u00eancia C\u00e2mara de Not\u00edcias<\/em><\/p>\n<p>\t\t\t\t\t\t\t\t\t<img decoding=\"async\" src=\"https:\/\/brasil61.com\/api\/v1\/serve_pixel\/22254\/84987\" alt=\"Pixel Brasil 61\" class=\"b61_pixel\" width=\"0\" height=\"0\"><\/p>\n<div class=\"br61_backlink\">\n<p>\n\t\t\t\tFonte: <a href=\"https:\/\/brasil61.com\/reforma-administrativa-o-que-preve-proposta-da-camara-para-estados-e-municipios-bras2514851\" title=\"Artigo Original: Reforma administrativa: o que prev\u00ea proposta da C\u00e2mara para estados e munic\u00edpios\" target=\"_blank\" rel=\"noopener\">Brasil 61<\/a>\n\t\t\t<\/p>\n<\/p><\/div>\n<input type=\"hidden\" id=\"baseurl\" value=\"https:\/\/noticiasregionais.com.br\"><input type=\"hidden\" id=\"audio_nonce\" value=\"5c13e0637f\">","protected":false},"excerpt":{"rendered":"<p>Estados e munic\u00edpios ter\u00e3o limites para gastos, planejamento estrat\u00e9gico obrigat\u00f3rio e moderniza\u00e7\u00e3o da gest\u00e3o p\u00fablica<\/p>\n","protected":false},"author":1,"featured_media":10262,"comment_status":"","ping_status":"open","sticky":false,"template":"","format":"standard","meta":{"sfsi_plus_gutenberg_text_before_share":"","sfsi_plus_gutenberg_show_text_before_share":"","sfsi_plus_gutenberg_icon_type":"","sfsi_plus_gutenberg_icon_alignemt":"","sfsi_plus_gutenburg_max_per_row":"","footnotes":""},"categories":[8],"tags":[],"class_list":["post-10261","post","type-post","status-publish","format-standard","has-post-thumbnail","hentry","category-brasil"],"_links":{"self":[{"href":"https:\/\/noticiasregionais.com.br\/index.php?rest_route=\/wp\/v2\/posts\/10261","targetHints":{"allow":["GET"]}}],"collection":[{"href":"https:\/\/noticiasregionais.com.br\/index.php?rest_route=\/wp\/v2\/posts"}],"about":[{"href":"https:\/\/noticiasregionais.com.br\/index.php?rest_route=\/wp\/v2\/types\/post"}],"author":[{"embeddable":true,"href":"https:\/\/noticiasregionais.com.br\/index.php?rest_route=\/wp\/v2\/users\/1"}],"replies":[{"embeddable":true,"href":"https:\/\/noticiasregionais.com.br\/index.php?rest_route=%2Fwp%2Fv2%2Fcomments&post=10261"}],"version-history":[{"count":0,"href":"https:\/\/noticiasregionais.com.br\/index.php?rest_route=\/wp\/v2\/posts\/10261\/revisions"}],"wp:featuredmedia":[{"embeddable":true,"href":"https:\/\/noticiasregionais.com.br\/index.php?rest_route=\/wp\/v2\/media\/10262"}],"wp:attachment":[{"href":"https:\/\/noticiasregionais.com.br\/index.php?rest_route=%2Fwp%2Fv2%2Fmedia&parent=10261"}],"wp:term":[{"taxonomy":"category","embeddable":true,"href":"https:\/\/noticiasregionais.com.br\/index.php?rest_route=%2Fwp%2Fv2%2Fcategories&post=10261"},{"taxonomy":"post_tag","embeddable":true,"href":"https:\/\/noticiasregionais.com.br\/index.php?rest_route=%2Fwp%2Fv2%2Ftags&post=10261"}],"curies":[{"name":"wp","href":"https:\/\/api.w.org\/{rel}","templated":true}]}}