{"id":10263,"date":"2025-10-06T13:49:40","date_gmt":"2025-10-06T16:49:40","guid":{"rendered":"https:\/\/noticiasregionais.com.br\/?p=10263"},"modified":"2025-10-06T13:49:44","modified_gmt":"2025-10-06T16:49:44","slug":"a-prefeitura-de-salto-grande-promove-festa-das-criancas-no-dia-12-de-outubro","status":"publish","type":"post","link":"https:\/\/noticiasregionais.com.br\/?p=10263","title":{"rendered":"A Prefeitura de Salto Grande promove Festa das Crian\u00e7as no dia 12 de outubro"},"content":{"rendered":"\n<p>A Prefeitura Municipal de Salto Grande vai realizar uma grande Festa das Crian\u00e7as no pr\u00f3ximo s\u00e1bado, 12 de outubro, em comemora\u00e7\u00e3o ao Dia das Crian\u00e7as. O evento acontecer\u00e1 das 9h \u00e0s 12h no Est\u00e1dio Municipal Roque de Camargo Lima, com uma programa\u00e7\u00e3o especialmente pensada para garantir muita divers\u00e3o para a garotada e a fam\u00edlia.<\/p>\n\n\n\n<p>As crian\u00e7as poder\u00e3o aproveitar diversas atra\u00e7\u00f5es, entre elas playground, touro mec\u00e2nico e uma sele\u00e7\u00e3o de guloseimas, como algod\u00e3o doce, pipoca, cachorro-quente e refrigerante, tudo gratuitamente para tornar a festa ainda mais especial.<\/p>\n\n\n\n<p>A administra\u00e7\u00e3o municipal convida toda a comunidade a participar desse momento festivo, que promete muita alegria e confraterniza\u00e7\u00e3o em um ambiente seguro e alegre.<\/p>\n\n\n\n<p>N\u00e3o perca essa celebra\u00e7\u00e3o que valoriza a inf\u00e2ncia e promove a integra\u00e7\u00e3o entre fam\u00edlias na cidade.<\/p>\n\n\n<div class=\"wp-block-image\">\n<figure class=\"aligncenter size-large\"><img decoding=\"async\" width=\"819\" height=\"1024\" src=\"https:\/\/noticiasregionais.com.br\/wp-content\/uploads\/2025\/10\/WhatsApp-Image-2025-10-06-at-13.32.05-1-819x1024.jpeg\" alt=\"\" class=\"wp-image-10266\" srcset=\"https:\/\/noticiasregionais.com.br\/wp-content\/uploads\/2025\/10\/WhatsApp-Image-2025-10-06-at-13.32.05-1-819x1024.jpeg 819w, https:\/\/noticiasregionais.com.br\/wp-content\/uploads\/2025\/10\/WhatsApp-Image-2025-10-06-at-13.32.05-1-240x300.jpeg 240w, https:\/\/noticiasregionais.com.br\/wp-content\/uploads\/2025\/10\/WhatsApp-Image-2025-10-06-at-13.32.05-1-768x960.jpeg 768w, https:\/\/noticiasregionais.com.br\/wp-content\/uploads\/2025\/10\/WhatsApp-Image-2025-10-06-at-13.32.05-1.jpeg 1080w\" sizes=\"(max-width: 819px) 100vw, 819px\" \/><\/figure>\n<\/div><input type=\"hidden\" id=\"baseurl\" value=\"https:\/\/noticiasregionais.com.br\"><input type=\"hidden\" id=\"audio_nonce\" value=\"533fbb67b1\">","protected":false},"excerpt":{"rendered":"<p>A Prefeitura Municipal de Salto Grande vai realizar uma grande Festa das Crian\u00e7as no pr\u00f3ximo s\u00e1bado, 12 de outubro, em&hellip;<\/p>\n","protected":false},"author":1,"featured_media":10265,"comment_status":"closed","ping_status":"open","sticky":false,"template":"","format":"standard","meta":{"sfsi_plus_gutenberg_text_before_share":"","sfsi_plus_gutenberg_show_text_before_share":"","sfsi_plus_gutenberg_icon_type":"","sfsi_plus_gutenberg_icon_alignemt":"","sfsi_plus_gutenburg_max_per_row":"","footnotes":""},"categories":[10,1,6],"tags":[15],"class_list":["post-10263","post","type-post","status-publish","format-standard","has-post-thumbnail","hentry","category-destaques","category-noticias","category-sao_paulo","tag-salto_grande"],"_links":{"self":[{"href":"https:\/\/noticiasregionais.com.br\/index.php?rest_route=\/wp\/v2\/posts\/10263","targetHints":{"allow":["GET"]}}],"collection":[{"href":"https:\/\/noticiasregionais.com.br\/index.php?rest_route=\/wp\/v2\/posts"}],"about":[{"href":"https:\/\/noticiasregionais.com.br\/index.php?rest_route=\/wp\/v2\/types\/post"}],"author":[{"embeddable":true,"href":"https:\/\/noticiasregionais.com.br\/index.php?rest_route=\/wp\/v2\/users\/1"}],"replies":[{"embeddable":true,"href":"https:\/\/noticiasregionais.com.br\/index.php?rest_route=%2Fwp%2Fv2%2Fcomments&post=10263"}],"version-history":[{"count":1,"href":"https:\/\/noticiasregionais.com.br\/index.php?rest_route=\/wp\/v2\/posts\/10263\/revisions"}],"predecessor-version":[{"id":10267,"href":"https:\/\/noticiasregionais.com.br\/index.php?rest_route=\/wp\/v2\/posts\/10263\/revisions\/10267"}],"wp:featuredmedia":[{"embeddable":true,"href":"https:\/\/noticiasregionais.com.br\/index.php?rest_route=\/wp\/v2\/media\/10265"}],"wp:attachment":[{"href":"https:\/\/noticiasregionais.com.br\/index.php?rest_route=%2Fwp%2Fv2%2Fmedia&parent=10263"}],"wp:term":[{"taxonomy":"category","embeddable":true,"href":"https:\/\/noticiasregionais.com.br\/index.php?rest_route=%2Fwp%2Fv2%2Fcategories&post=10263"},{"taxonomy":"post_tag","embeddable":true,"href":"https:\/\/noticiasregionais.com.br\/index.php?rest_route=%2Fwp%2Fv2%2Ftags&post=10263"}],"curies":[{"name":"wp","href":"https:\/\/api.w.org\/{rel}","templated":true}]}}